{"id":1074,"date":"2011-04-05T09:29:51","date_gmt":"2011-04-05T07:29:51","guid":{"rendered":"http:\/\/sainte-therese-les-cordeliers.fr\/blog\/cdi\/?p=1074"},"modified":"2013-04-04T11:20:40","modified_gmt":"2013-04-04T10:20:40","slug":"le-clocher-de-leglise","status":"publish","type":"post","link":"https:\/\/www.sainte-therese-les-cordeliers.fr\/blog-cdi-college\/le-clocher-de-leglise\/","title":{"rendered":"Le clocher de l&rsquo;\u00e9glise"},"content":{"rendered":"<p style=\"text-align: center;\"><a href=\"https:\/\/www.sainte-therese-les-cordeliers.fr\/blog-cdi-college\/wp-content\/uploads\/sites\/2\/2013\/04\/clocher-de-l\u00c3\u00a9glise2.jpg\"><img decoding=\"async\" class=\"aligncenter size-medium wp-image-1073\" title=\"clocher de l'\u00e9glise\" alt=\"\" src=\"https:\/\/www.sainte-therese-les-cordeliers.fr\/blog-cdi-college\/wp-content\/uploads\/sites\/2\/2013\/04\/clocher-de-l\u00c3\u00a9glise2.jpg\" width=\"225\" height=\"300\" \/><\/a><\/p>\n<p>&nbsp;<\/p>\n<p style=\"text-align: center;\"><span style=\"color: #000080;\">J&rsquo;ai voulu mettre en valeur le clocher. Pour moi, cette couleur rouge symbolise l&rsquo;intensit\u00e9 de la foi que pouvaient ressentir les montferrandais au Moyen-\u00e2ge. J&rsquo;ai aussi utilis\u00e9 le flou pour mettre en \u00e9vidence le clocher. (Mohamed 5b)<br \/>\n<\/span><\/p>\n","protected":false},"excerpt":{"rendered":"<p>&nbsp; J&rsquo;ai voulu mettre en valeur le clocher. Pour moi, cette couleur rouge symbolise l&rsquo;intensit\u00e9 de la foi que pouvaient ressentir les montferrandais au Moyen-\u00e2ge. J&rsquo;ai aussi utilis\u00e9 le flou pour mettre en \u00e9vidence le clocher. (Mohamed 5b)<\/p>\n","protected":false},"author":2,"featured_media":0,"comment_status":"closed","ping_status":"open","sticky":false,"template":"","format":"standard","meta":{"om_disable_all_campaigns":false,"footnotes":""},"categories":[28],"tags":[],"class_list":["post-1074","post","type-post","status-publish","format-standard","hentry","category-projet-federateur"],"aioseo_notices":[],"_links":{"self":[{"href":"https:\/\/www.sainte-therese-les-cordeliers.fr\/blog-cdi-college\/wp-json\/wp\/v2\/posts\/1074","targetHints":{"allow":["GET"]}}],"collection":[{"href":"https:\/\/www.sainte-therese-les-cordeliers.fr\/blog-cdi-college\/wp-json\/wp\/v2\/posts"}],"about":[{"href":"https:\/\/www.sainte-therese-les-cordeliers.fr\/blog-cdi-college\/wp-json\/wp\/v2\/types\/post"}],"author":[{"embeddable":true,"href":"https:\/\/www.sainte-therese-les-cordeliers.fr\/blog-cdi-college\/wp-json\/wp\/v2\/users\/2"}],"replies":[{"embeddable":true,"href":"https:\/\/www.sainte-therese-les-cordeliers.fr\/blog-cdi-college\/wp-json\/wp\/v2\/comments?post=1074"}],"version-history":[{"count":0,"href":"https:\/\/www.sainte-therese-les-cordeliers.fr\/blog-cdi-college\/wp-json\/wp\/v2\/posts\/1074\/revisions"}],"wp:attachment":[{"href":"https:\/\/www.sainte-therese-les-cordeliers.fr\/blog-cdi-college\/wp-json\/wp\/v2\/media?parent=1074"}],"wp:term":[{"taxonomy":"category","embeddable":true,"href":"https:\/\/www.sainte-therese-les-cordeliers.fr\/blog-cdi-college\/wp-json\/wp\/v2\/categories?post=1074"},{"taxonomy":"post_tag","embeddable":true,"href":"https:\/\/www.sainte-therese-les-cordeliers.fr\/blog-cdi-college\/wp-json\/wp\/v2\/tags?post=1074"}],"curies":[{"name":"wp","href":"https:\/\/api.w.org\/{rel}","templated":true}]}}