{"id":109,"date":"2008-11-20T09:45:31","date_gmt":"2008-11-20T07:45:31","guid":{"rendered":"http:\/\/sainte-therese-les-cordeliers.fr\/blog\/cdi\/?p=109"},"modified":"2013-04-04T11:22:58","modified_gmt":"2013-04-04T10:22:58","slug":"concert-rossini-au-cdi","status":"publish","type":"post","link":"https:\/\/www.sainte-therese-les-cordeliers.fr\/blog-cdi-college\/concert-rossini-au-cdi\/","title":{"rendered":"Concert Rossini au CDI"},"content":{"rendered":"<p style=\"text-align: center\">Pour la troisi\u00e8me ann\u00e9e cons\u00e9cutive, nous avons eu le plaisir d&rsquo;accueillir un concert au CDI dans le cadre du festival des Meltiques de Montferrand. Cette ann\u00e9e, on f\u00eatait Rossini. Voici le programme et quelques photographies qui vous montreront comment le CDI a \u00e9t\u00e9 transform\u00e9 en salle de concert pour un soir. Le public \u00e9tait dans la partie o\u00f9 les \u00e9l\u00e8ves s&rsquo;installent pour lire ou travailler et dans la salle d&rsquo;exposition. Les choristes, la soliste et le pianiste \u00e9tait dans la partie la plus ancienne, sous les vo\u00fbtes de l&rsquo;ancienne chapelle des Cordeliers. Nous esp\u00e9rons bien recommencer l&rsquo;ann\u00e9e prochaine.<\/p>\n<p style=\"text-align: center\">Programme<\/p>\n<p style=\"text-align: center\">1\u00e8re partie<\/p>\n<p style=\"text-align: center\">Airs d&rsquo;op\u00e9ra par la soprano Laurence Adg\u00e9-Deschamps<br \/>\naccompagn\u00e9e au piano par Philippe Marty<\/p>\n<p style=\"text-align: center\">Ch\u0153urs d&rsquo;op\u00e9ra (ensemble vocal Musica Mediante)<br \/>\nsous la direction de Pablo Pavon<\/p>\n<p style=\"text-align: center\">2\u00e8me partie<\/p>\n<p style=\"text-align: center\">3 petites pi\u00e8ces pour ch\u0153ur de femmes (ch\u0153ur Musica Mediante et La grande vocale)<\/p>\n<p style=\"text-align: center\">sous la direction de Marie Pierre Villlermaux.<\/p>\n<p style=\"text-align: center\">Extraits des P\u00e9ch\u00e9s capitaux (Ch\u0153urs)<\/p>\n<p style=\"text-align: center\"> <img decoding=\"async\" class=\"CtreTexte\" src=\"http:\/\/idata.over-blog.com\/0\/24\/28\/79\/photos--2008-2009\/IMG_0002.jpg\" alt=\"\" width=\"340\" height=\"247\" \/><\/p>\n<p style=\"text-align: center\"><img decoding=\"async\" class=\"CtreTexte\" src=\"http:\/\/idata.over-blog.com\/0\/24\/28\/79\/photos--2008-2009\/IMG_0010.jpg\" alt=\"\" width=\"242\" height=\"340\" \/><\/p>\n<p style=\"text-align: center\"><img decoding=\"async\" class=\"CtreTexte\" src=\"http:\/\/idata.over-blog.com\/0\/24\/28\/79\/photos--2008-2009\/STA_0047.jpg\" alt=\"\" width=\"405\" height=\"289\" \/><img decoding=\"async\" class=\"CtreTexte\" src=\"http:\/\/idata.over-blog.com\/0\/24\/28\/79\/photos--2008-2009\/IMG_0011.jpg\" alt=\"\" width=\"384\" height=\"271\" \/><img decoding=\"async\" class=\"GcheTexte\" src=\"http:\/\/idata.over-blog.com\/0\/24\/28\/79\/photos--2008-2009\/IMG_0078.jpg\" alt=\"\" width=\"373\" height=\"300\" \/> <\/p>\n","protected":false},"excerpt":{"rendered":"<p>Pour la troisi\u00e8me ann\u00e9e cons\u00e9cutive, nous avons eu le plaisir d&rsquo;accueillir un concert au CDI dans le cadre du festival des Meltiques de Montferrand. Cette ann\u00e9e, on f\u00eatait Rossini. Voici le programme et quelques photographies qui vous montreront comment le CDI a \u00e9t\u00e9 transform\u00e9 en salle de concert pour un soir. Le public \u00e9tait dans <a href=\"https:\/\/www.sainte-therese-les-cordeliers.fr\/blog-cdi-college\/concert-rossini-au-cdi\/\"> [&#8230;]<\/a><\/p>\n","protected":false},"author":2,"featured_media":0,"comment_status":"closed","ping_status":"open","sticky":false,"template":"","format":"standard","meta":{"om_disable_all_campaigns":false,"footnotes":""},"categories":[20],"tags":[35,39],"class_list":["post-109","post","type-post","status-publish","format-standard","hentry","category-informations-diverses","tag-cdi","tag-concert"],"aioseo_notices":[],"_links":{"self":[{"href":"https:\/\/www.sainte-therese-les-cordeliers.fr\/blog-cdi-college\/wp-json\/wp\/v2\/posts\/109","targetHints":{"allow":["GET"]}}],"collection":[{"href":"https:\/\/www.sainte-therese-les-cordeliers.fr\/blog-cdi-college\/wp-json\/wp\/v2\/posts"}],"about":[{"href":"https:\/\/www.sainte-therese-les-cordeliers.fr\/blog-cdi-college\/wp-json\/wp\/v2\/types\/post"}],"author":[{"embeddable":true,"href":"https:\/\/www.sainte-therese-les-cordeliers.fr\/blog-cdi-college\/wp-json\/wp\/v2\/users\/2"}],"replies":[{"embeddable":true,"href":"https:\/\/www.sainte-therese-les-cordeliers.fr\/blog-cdi-college\/wp-json\/wp\/v2\/comments?post=109"}],"version-history":[{"count":0,"href":"https:\/\/www.sainte-therese-les-cordeliers.fr\/blog-cdi-college\/wp-json\/wp\/v2\/posts\/109\/revisions"}],"wp:attachment":[{"href":"https:\/\/www.sainte-therese-les-cordeliers.fr\/blog-cdi-college\/wp-json\/wp\/v2\/media?parent=109"}],"wp:term":[{"taxonomy":"category","embeddable":true,"href":"https:\/\/www.sainte-therese-les-cordeliers.fr\/blog-cdi-college\/wp-json\/wp\/v2\/categories?post=109"},{"taxonomy":"post_tag","embeddable":true,"href":"https:\/\/www.sainte-therese-les-cordeliers.fr\/blog-cdi-college\/wp-json\/wp\/v2\/tags?post=109"}],"curies":[{"name":"wp","href":"https:\/\/api.w.org\/{rel}","templated":true}]}}