{"id":1183,"date":"2011-05-10T08:45:53","date_gmt":"2011-05-10T06:45:53","guid":{"rendered":"http:\/\/sainte-therese-les-cordeliers.fr\/blog\/cdi\/?p=1183"},"modified":"2013-04-04T11:20:17","modified_gmt":"2013-04-04T10:20:17","slug":"festival-du-court-metrage","status":"publish","type":"post","link":"https:\/\/www.sainte-therese-les-cordeliers.fr\/blog-cdi-college\/festival-du-court-metrage\/","title":{"rendered":"Festival du court m\u00e9trage"},"content":{"rendered":"<div style=\"text-align: center\"><span style=\"color: #333399\">Sacr\u00e9 court m\u00e9trage\u00a0!<\/span><\/div>\n<div style=\"text-align: right\"><span style=\"text-decoration: underline\"><span style=\"color: #333399\">Le trajet<\/span><\/span><br \/>\n<span style=\"color: #333399\">Le coll\u00e8ge Sainte- Th\u00e9r\u00e8se Les Cordeliers est all\u00e9 assister \u00e0 la s\u00e9ance scolaire des sixi\u00e8mes au Festival international du court m\u00e9trage \u00e0 Clermont-Ferrand. Nous avons pris le bus et puis, march\u00e9 quelques <\/span> <span style=\"color: #333399\">minutes\u00a0; enfin nous avons assist\u00e9 \u00e0\u00a0toutes sortes de courts m\u00e9trages\u00a0: \u00e9mouvants, tristes, joyeux, <\/span> <span style=\"color: #333399\">romantiques etc\u2026<\/span><\/div>\n<div><span style=\"color: #333399\"><a href=\"https:\/\/www.sainte-therese-les-cordeliers.fr\/blog-cdi-college\/wp-content\/uploads\/sites\/2\/2013\/04\/affiche.jpg\"><img decoding=\"async\" class=\"size-medium wp-image-1187 aligncenter\" src=\"https:\/\/www.sainte-therese-les-cordeliers.fr\/blog-cdi-college\/wp-content\/uploads\/sites\/2\/2013\/04\/affiche-300x213.jpg\" alt=\"\" width=\"218\" height=\"128\" \/><\/a><\/span><\/div>\n<div><span style=\"color: #333399\"><br \/>\n<\/span><\/div>\n<div><span style=\"color: #333399\">Les films vus\u00a0:<\/span><\/div>\n<div><span style=\"color: #333399\">1-<em>Er\u00e4\u00e4n hyonteisen tuho<br \/>\n<\/em>2-<em>Nuisible<br \/>\n<\/em>3-<em>Higglety Pigglety Pop<br \/>\n<\/em>4-<em>Meet Buck<br \/>\n<\/em>5-<em>No.1009<br \/>\n<\/em>6-<em>Lazlo<br \/>\n<\/em>7-<em>The Astronomer\u2019s Sun<br \/>\n<\/em>8-<em>Sintel<\/em><\/span><\/div>\n<p><em> <\/em><\/p>\n<div style=\"text-align: right\"><span style=\"color: #000080\">Travail scolaire r\u00e9alis\u00e9\u00a0:<\/span><\/div>\n<div style=\"text-align: right\"><span style=\"color: #333399\">Les 6<sup>\u00e8me<\/sup> du coll\u00e8ge Sainte- Th\u00e9r\u00e8se ont effectu\u00e9 (apr\u00e8s avoir vu les courts m\u00e9trages) un travail\u00a0 en fran\u00e7ais. Les \u00e9l\u00e8ves ont \u00e9t\u00e9 r\u00e9partis par groupes :<\/span><br \/>\n<span style=\"color: #333399\">Groupe 1\u00a0: recherche de d\u00e9finitions\u00a0: making of, synopsis\u00a0 animation.<\/span><br \/>\n<span style=\"color: #333399\">Groupe 2\u00a0: article de journal \u2026.<\/span><\/div>\n<div><span style=\"text-decoration: underline\"><span style=\"color: #333399\">Interview :<\/span><\/span><\/div>\n<div><span style=\"color: #333399\">J\u00e9r\u00e9mie, 6<sup>\u00e8me<\/sup> B\u00a0: J\u2019ai aim\u00e9 <em>Sintel<\/em>, c\u2019\u00e9tait \u00e9mouvant parce que le dragon \u00e9tait trop mignon\u00a0!<\/span><br \/>\n<span style=\"color: #333399\">Chiara, 6<sup>\u00e8me<\/sup> A\u00a0: J\u2019ai aim\u00e9 <em>Sintel<\/em> car il y avait de l\u2019action<\/span><br \/>\n<span style=\"color: #333399\">Maureen, 5<sup>\u00e8me<\/sup> dickens J\u2019ai aim\u00e9 <em>Sintel<\/em> car il y avait de l\u2019action et de la tristesse.<\/span><br \/>\n<span style=\"color: #333399\">Esteban 5<sup>\u00e8me<\/sup> Moli\u00e8re\u00a0 J\u2019ai aim\u00e9 <em>Meet Buck<\/em> car c\u2019\u00e9tait vraiment marrant<\/span><br \/>\n<span style=\"color: #333399\">Celia, 6<sup>\u00e8me <\/sup>B\u00a0\u00a0 j\u2019ai aim\u00e9 <em>Meet Buck<\/em> car peut-\u00eatre que \u00e7a va nous arriver plus tard\u00a0!<\/span><br \/>\n<span style=\"color: #333399\">Florian, 6<sup>\u00e8me<\/sup> B\u00a0 <em>Sintel <\/em>car il y avait des dragons<br \/>\nL\u00e9a et Emma.<\/span><\/div>\n","protected":false},"excerpt":{"rendered":"<p>Sacr\u00e9 court m\u00e9trage\u00a0! Le trajet Le coll\u00e8ge Sainte- Th\u00e9r\u00e8se Les Cordeliers est all\u00e9 assister \u00e0 la s\u00e9ance scolaire des sixi\u00e8mes au Festival international du court m\u00e9trage \u00e0 Clermont-Ferrand. Nous avons pris le bus et puis, march\u00e9 quelques minutes\u00a0; enfin nous avons assist\u00e9 \u00e0\u00a0toutes sortes de courts m\u00e9trages\u00a0: \u00e9mouvants, tristes, joyeux, romantiques etc\u2026 Les films vus\u00a0: <a href=\"https:\/\/www.sainte-therese-les-cordeliers.fr\/blog-cdi-college\/festival-du-court-metrage\/\"> [&#8230;]<\/a><\/p>\n","protected":false},"author":2,"featured_media":0,"comment_status":"closed","ping_status":"open","sticky":false,"template":"","format":"standard","meta":{"om_disable_all_campaigns":false,"footnotes":""},"categories":[14],"tags":[],"class_list":["post-1183","post","type-post","status-publish","format-standard","hentry","category-festival-du-court-metrage-2011"],"aioseo_notices":[],"_links":{"self":[{"href":"https:\/\/www.sainte-therese-les-cordeliers.fr\/blog-cdi-college\/wp-json\/wp\/v2\/posts\/1183","targetHints":{"allow":["GET"]}}],"collection":[{"href":"https:\/\/www.sainte-therese-les-cordeliers.fr\/blog-cdi-college\/wp-json\/wp\/v2\/posts"}],"about":[{"href":"https:\/\/www.sainte-therese-les-cordeliers.fr\/blog-cdi-college\/wp-json\/wp\/v2\/types\/post"}],"author":[{"embeddable":true,"href":"https:\/\/www.sainte-therese-les-cordeliers.fr\/blog-cdi-college\/wp-json\/wp\/v2\/users\/2"}],"replies":[{"embeddable":true,"href":"https:\/\/www.sainte-therese-les-cordeliers.fr\/blog-cdi-college\/wp-json\/wp\/v2\/comments?post=1183"}],"version-history":[{"count":0,"href":"https:\/\/www.sainte-therese-les-cordeliers.fr\/blog-cdi-college\/wp-json\/wp\/v2\/posts\/1183\/revisions"}],"wp:attachment":[{"href":"https:\/\/www.sainte-therese-les-cordeliers.fr\/blog-cdi-college\/wp-json\/wp\/v2\/media?parent=1183"}],"wp:term":[{"taxonomy":"category","embeddable":true,"href":"https:\/\/www.sainte-therese-les-cordeliers.fr\/blog-cdi-college\/wp-json\/wp\/v2\/categories?post=1183"},{"taxonomy":"post_tag","embeddable":true,"href":"https:\/\/www.sainte-therese-les-cordeliers.fr\/blog-cdi-college\/wp-json\/wp\/v2\/tags?post=1183"}],"curies":[{"name":"wp","href":"https:\/\/api.w.org\/{rel}","templated":true}]}}