{"id":1497,"date":"2012-02-13T19:26:28","date_gmt":"2012-02-13T17:26:28","guid":{"rendered":"http:\/\/sainte-therese-les-cordeliers.fr\/blog\/cdi\/?p=1497"},"modified":"2013-04-04T11:19:43","modified_gmt":"2013-04-04T10:19:43","slug":"souvenirs-par-m-alice","status":"publish","type":"post","link":"https:\/\/www.sainte-therese-les-cordeliers.fr\/blog-cdi-college\/souvenirs-par-m-alice\/","title":{"rendered":"Souvenirs par M.Alice"},"content":{"rendered":"<p><a href=\"https:\/\/www.sainte-therese-les-cordeliers.fr\/blog-cdi-college\/wp-content\/uploads\/sites\/2\/2013\/04\/cest-moi-qui-lai-fait1.png\"><img decoding=\"async\" class=\"aligncenter size-medium wp-image-1498\" src=\"https:\/\/www.sainte-therese-les-cordeliers.fr\/blog-cdi-college\/wp-content\/uploads\/sites\/2\/2013\/04\/cest-moi-qui-lai-fait1-300x137.png\" alt=\"\" width=\"300\" height=\"137\" \/><\/a><\/p>\n<p style=\"text-align: center\"><span style=\"color: #333399\">Le printemps des po\u00e8tes est consacr\u00e9 cette ann\u00e9e au th\u00e8me de l&rsquo;enfance. Tu peux proposer tes textes au CDI ou bien des dessins qui inspireront peut-\u00eatre tes camarades pour \u00e9crire des po\u00e8mes&#8230;<\/span><\/p>\n","protected":false},"excerpt":{"rendered":"<p>Le printemps des po\u00e8tes est consacr\u00e9 cette ann\u00e9e au th\u00e8me de l&rsquo;enfance. Tu peux proposer tes textes au CDI ou bien des dessins qui inspireront peut-\u00eatre tes camarades pour \u00e9crire des po\u00e8mes&#8230;<\/p>\n","protected":false},"author":2,"featured_media":0,"comment_status":"closed","ping_status":"open","sticky":false,"template":"","format":"standard","meta":{"om_disable_all_campaigns":false,"footnotes":""},"categories":[9,27],"tags":[],"class_list":["post-1497","post","type-post","status-publish","format-standard","hentry","category-dessins","category-printemps-des-poetes"],"aioseo_notices":[],"_links":{"self":[{"href":"https:\/\/www.sainte-therese-les-cordeliers.fr\/blog-cdi-college\/wp-json\/wp\/v2\/posts\/1497","targetHints":{"allow":["GET"]}}],"collection":[{"href":"https:\/\/www.sainte-therese-les-cordeliers.fr\/blog-cdi-college\/wp-json\/wp\/v2\/posts"}],"about":[{"href":"https:\/\/www.sainte-therese-les-cordeliers.fr\/blog-cdi-college\/wp-json\/wp\/v2\/types\/post"}],"author":[{"embeddable":true,"href":"https:\/\/www.sainte-therese-les-cordeliers.fr\/blog-cdi-college\/wp-json\/wp\/v2\/users\/2"}],"replies":[{"embeddable":true,"href":"https:\/\/www.sainte-therese-les-cordeliers.fr\/blog-cdi-college\/wp-json\/wp\/v2\/comments?post=1497"}],"version-history":[{"count":0,"href":"https:\/\/www.sainte-therese-les-cordeliers.fr\/blog-cdi-college\/wp-json\/wp\/v2\/posts\/1497\/revisions"}],"wp:attachment":[{"href":"https:\/\/www.sainte-therese-les-cordeliers.fr\/blog-cdi-college\/wp-json\/wp\/v2\/media?parent=1497"}],"wp:term":[{"taxonomy":"category","embeddable":true,"href":"https:\/\/www.sainte-therese-les-cordeliers.fr\/blog-cdi-college\/wp-json\/wp\/v2\/categories?post=1497"},{"taxonomy":"post_tag","embeddable":true,"href":"https:\/\/www.sainte-therese-les-cordeliers.fr\/blog-cdi-college\/wp-json\/wp\/v2\/tags?post=1497"}],"curies":[{"name":"wp","href":"https:\/\/api.w.org\/{rel}","templated":true}]}}