{"id":1664,"date":"2012-04-03T16:24:01","date_gmt":"2012-04-03T14:24:01","guid":{"rendered":"http:\/\/sainte-therese-les-cordeliers.fr\/blog\/cdi\/?p=1664"},"modified":"2013-04-04T11:19:20","modified_gmt":"2013-04-04T10:19:20","slug":"1664","status":"publish","type":"post","link":"https:\/\/www.sainte-therese-les-cordeliers.fr\/blog-cdi-college\/1664\/","title":{"rendered":"Le cross des 6\u00e8mes et des CM2"},"content":{"rendered":"<p align=\"center\">Le cross des CM2\/6\u00b0<\/p>\n<p>Au mois d\u2019octobre, s\u2019est d\u00e9roul\u00e9 un cross dans l\u2019\u00e9tablissement\u00a0: les \u00e9l\u00e8ves ont couru par tranche d\u2019\u00e2ges. Les 9\/10 ans et les 10\/11 ans. Le parcours du cross a \u00e9t\u00e9 install\u00e9 dans la cour des lyc\u00e9ens.\u00a0 Ce fut un v\u00e9ritable plaisir de courir avec des CM2 et nous m\u00eame les 6\u00e9mes. Une autre \u00e9cole s\u2019est jointe \u00e0 nous\u00a0: Sainte C\u00e9cile \u00e0 C\u00e9bazat. Nous avons remis les m\u00e9dailles sur la pelouse des primaires. Comme d\u2019habitude, il y avait une m\u00e9daille d\u2019or, une d\u2019argent, et une de bronze. Une m\u00e9daille a \u00e9t\u00e9 remise aux premiers arriv\u00e9(e)s par tranche d\u2019\u00e2ge. voici quelques avis de camarades\u00a0:<\/p>\n<p><span style=\"color: #339966\"><span style=\"color: #ff6600\">\u00ab\u00a0Tout s\u2019est tr\u00e8s bien pass\u00e9, mais ce cross \u00e9tait tr\u00e8s fatigant\u00a0\u00bb\u00a0 L\u00e9a 6\u00b0B.<\/span><br \/>\n\u00ab\u00a0Les \u00e9l\u00e8ves se sont bien d\u00e9foul\u00e9s, personne n\u2019a trich\u00e9\u00a0\u00bb. Emeline 6\u00b0B.<\/span><\/p>\n<p align=\"center\">\u00a0<strong><em>LOLA 6\u00b0B (P\u00e9gase)<\/em><\/strong><strong><em><\/em><\/strong><\/p>\n","protected":false},"excerpt":{"rendered":"<p>Le cross des CM2\/6\u00b0 Au mois d\u2019octobre, s\u2019est d\u00e9roul\u00e9 un cross dans l\u2019\u00e9tablissement\u00a0: les \u00e9l\u00e8ves ont couru par tranche d\u2019\u00e2ges. Les 9\/10 ans et les 10\/11 ans. Le parcours du cross a \u00e9t\u00e9 install\u00e9 dans la cour des lyc\u00e9ens.\u00a0 Ce fut un v\u00e9ritable plaisir de courir avec des CM2 et nous m\u00eame les 6\u00e9mes. Une <a href=\"https:\/\/www.sainte-therese-les-cordeliers.fr\/blog-cdi-college\/1664\/\"> [&#8230;]<\/a><\/p>\n","protected":false},"author":2,"featured_media":0,"comment_status":"closed","ping_status":"open","sticky":false,"template":"","format":"standard","meta":{"om_disable_all_campaigns":false,"footnotes":""},"categories":[20],"tags":[],"class_list":["post-1664","post","type-post","status-publish","format-standard","hentry","category-informations-diverses"],"aioseo_notices":[],"_links":{"self":[{"href":"https:\/\/www.sainte-therese-les-cordeliers.fr\/blog-cdi-college\/wp-json\/wp\/v2\/posts\/1664","targetHints":{"allow":["GET"]}}],"collection":[{"href":"https:\/\/www.sainte-therese-les-cordeliers.fr\/blog-cdi-college\/wp-json\/wp\/v2\/posts"}],"about":[{"href":"https:\/\/www.sainte-therese-les-cordeliers.fr\/blog-cdi-college\/wp-json\/wp\/v2\/types\/post"}],"author":[{"embeddable":true,"href":"https:\/\/www.sainte-therese-les-cordeliers.fr\/blog-cdi-college\/wp-json\/wp\/v2\/users\/2"}],"replies":[{"embeddable":true,"href":"https:\/\/www.sainte-therese-les-cordeliers.fr\/blog-cdi-college\/wp-json\/wp\/v2\/comments?post=1664"}],"version-history":[{"count":0,"href":"https:\/\/www.sainte-therese-les-cordeliers.fr\/blog-cdi-college\/wp-json\/wp\/v2\/posts\/1664\/revisions"}],"wp:attachment":[{"href":"https:\/\/www.sainte-therese-les-cordeliers.fr\/blog-cdi-college\/wp-json\/wp\/v2\/media?parent=1664"}],"wp:term":[{"taxonomy":"category","embeddable":true,"href":"https:\/\/www.sainte-therese-les-cordeliers.fr\/blog-cdi-college\/wp-json\/wp\/v2\/categories?post=1664"},{"taxonomy":"post_tag","embeddable":true,"href":"https:\/\/www.sainte-therese-les-cordeliers.fr\/blog-cdi-college\/wp-json\/wp\/v2\/tags?post=1664"}],"curies":[{"name":"wp","href":"https:\/\/api.w.org\/{rel}","templated":true}]}}