{"id":1733,"date":"2012-06-05T15:50:39","date_gmt":"2012-06-05T13:50:39","guid":{"rendered":"http:\/\/sainte-therese-les-cordeliers.fr\/blog\/cdi\/?p=1733"},"modified":"2013-04-04T11:16:41","modified_gmt":"2013-04-04T10:16:41","slug":"montferrand-les-6emes-la-fontaine-rencontrent-un-adjoint-au-maire-6","status":"publish","type":"post","link":"https:\/\/www.sainte-therese-les-cordeliers.fr\/blog-cdi-college\/montferrand-les-6emes-la-fontaine-rencontrent-un-adjoint-au-maire-6\/","title":{"rendered":"Montferrand : les 6\u00e8mes La Fontaine rencontrent un adjoint au maire &#8211; 6"},"content":{"rendered":"<p><span style=\"color: #000080\">Comment l\u2019 int\u00e9r\u00eat\u00a0 g\u00e9n\u00e9ral est il appliqu\u00e9 \u00e0 la mairie\u00a0?<\/span><\/p>\n<p><span style=\"color: #000080\">L\u2019 int\u00e9r\u00eat\u00a0 g\u00e9n\u00e9ral est une notion tr\u00e8s importante dans une d\u00e9mocratie. Les lois, les imp\u00f4ts, les fonctionnaires ne doivent pas servir les int\u00e9r\u00eats de quelques-uns\u00a0: ils sont au service de l\u2019 ensemble de la population. Par exemple, si un maire fait entretenir son\u00a0 jardin par les employ\u00e9s municipaux, c\u2019est contraire \u00e0 l\u2019 int\u00e9r\u00eat\u00a0 g\u00e9n\u00e9ral. En revanche, lorsque ces employ\u00e9s s\u2019 occupent du jardin public, il s\u2019agit bien de l\u2019 int\u00e9r\u00eat g\u00e9n\u00e9ral car ce jardin est ouvert \u00e0 tous.<\/span><\/p>\n<p><span style=\"color: #000080\">Anissa et Ana\u00efs<\/span><\/p>\n","protected":false},"excerpt":{"rendered":"<p>Comment l\u2019 int\u00e9r\u00eat\u00a0 g\u00e9n\u00e9ral est il appliqu\u00e9 \u00e0 la mairie\u00a0? L\u2019 int\u00e9r\u00eat\u00a0 g\u00e9n\u00e9ral est une notion tr\u00e8s importante dans une d\u00e9mocratie. Les lois, les imp\u00f4ts, les fonctionnaires ne doivent pas servir les int\u00e9r\u00eats de quelques-uns\u00a0: ils sont au service de l\u2019 ensemble de la population. Par exemple, si un maire fait entretenir son\u00a0 jardin par <a href=\"https:\/\/www.sainte-therese-les-cordeliers.fr\/blog-cdi-college\/montferrand-les-6emes-la-fontaine-rencontrent-un-adjoint-au-maire-6\/\"> [&#8230;]<\/a><\/p>\n","protected":false},"author":2,"featured_media":0,"comment_status":"closed","ping_status":"open","sticky":false,"template":"","format":"standard","meta":{"om_disable_all_campaigns":false,"footnotes":""},"categories":[12],"tags":[],"class_list":["post-1733","post","type-post","status-publish","format-standard","hentry","category-education-civique"],"aioseo_notices":[],"_links":{"self":[{"href":"https:\/\/www.sainte-therese-les-cordeliers.fr\/blog-cdi-college\/wp-json\/wp\/v2\/posts\/1733","targetHints":{"allow":["GET"]}}],"collection":[{"href":"https:\/\/www.sainte-therese-les-cordeliers.fr\/blog-cdi-college\/wp-json\/wp\/v2\/posts"}],"about":[{"href":"https:\/\/www.sainte-therese-les-cordeliers.fr\/blog-cdi-college\/wp-json\/wp\/v2\/types\/post"}],"author":[{"embeddable":true,"href":"https:\/\/www.sainte-therese-les-cordeliers.fr\/blog-cdi-college\/wp-json\/wp\/v2\/users\/2"}],"replies":[{"embeddable":true,"href":"https:\/\/www.sainte-therese-les-cordeliers.fr\/blog-cdi-college\/wp-json\/wp\/v2\/comments?post=1733"}],"version-history":[{"count":0,"href":"https:\/\/www.sainte-therese-les-cordeliers.fr\/blog-cdi-college\/wp-json\/wp\/v2\/posts\/1733\/revisions"}],"wp:attachment":[{"href":"https:\/\/www.sainte-therese-les-cordeliers.fr\/blog-cdi-college\/wp-json\/wp\/v2\/media?parent=1733"}],"wp:term":[{"taxonomy":"category","embeddable":true,"href":"https:\/\/www.sainte-therese-les-cordeliers.fr\/blog-cdi-college\/wp-json\/wp\/v2\/categories?post=1733"},{"taxonomy":"post_tag","embeddable":true,"href":"https:\/\/www.sainte-therese-les-cordeliers.fr\/blog-cdi-college\/wp-json\/wp\/v2\/tags?post=1733"}],"curies":[{"name":"wp","href":"https:\/\/api.w.org\/{rel}","templated":true}]}}