{"id":1845,"date":"2012-10-26T14:21:16","date_gmt":"2012-10-26T12:21:16","guid":{"rendered":"http:\/\/sainte-therese-les-cordeliers.fr\/blog\/cdi\/?p=1845"},"modified":"2013-04-04T11:16:25","modified_gmt":"2013-04-04T10:16:25","slug":"la-rentree-des-classes-par-anthony-et-kelvin","status":"publish","type":"post","link":"https:\/\/www.sainte-therese-les-cordeliers.fr\/blog-cdi-college\/la-rentree-des-classes-par-anthony-et-kelvin\/","title":{"rendered":"La rentr\u00e9e des classes &#8211; par Anthony et Kelvin"},"content":{"rendered":"<p><span style=\"color: #000080\">Jeudi 4 septembre\u00a0: c\u2019est la rentr\u00e9e\u00a0! C\u2019est le stress\u00a0! On ne connait personne, ni les professeurs, ni les \u00e9l\u00e8ves\u2026 on ne conna\u00eet pas non plus les b\u00e2timents, pas le self\u2026 rien quoi\u00a0! A 10 heures, nous sommes tous arriv\u00e9s, avec nos parents. Personne ne parlait, tout le monde attendait. Nous sommes tous all\u00e9s du c\u00f4t\u00e9 de la vie scolaire. Madame Habouzit, la directrice, a pr\u00e9sent\u00e9 les professeurs et elle nous a expliqu\u00e9 comment se d\u00e9roulerait la journ\u00e9e, les prochains jours et puis aussi\u2026 le r\u00e8glement\u2026 Apr\u00e8s, on nous a appel\u00e9 dans nos classes et nous avons fait connaissance avec nos camarades. \u00c7a allait d\u00e9j\u00e0 mieux\u00a0! Au CDI, le documentaliste nous a distribu\u00e9 nos manuels pour l\u2019ann\u00e9e et nous avons d\u00e9marr\u00e9 les cours en toute\u00a0 tranquillit\u00e9\u00a0!\u00a0<\/span><\/p>\n","protected":false},"excerpt":{"rendered":"<p>Jeudi 4 septembre\u00a0: c\u2019est la rentr\u00e9e\u00a0! C\u2019est le stress\u00a0! On ne connait personne, ni les professeurs, ni les \u00e9l\u00e8ves\u2026 on ne conna\u00eet pas non plus les b\u00e2timents, pas le self\u2026 rien quoi\u00a0! A 10 heures, nous sommes tous arriv\u00e9s, avec nos parents. Personne ne parlait, tout le monde attendait. Nous sommes tous all\u00e9s du c\u00f4t\u00e9 <a href=\"https:\/\/www.sainte-therese-les-cordeliers.fr\/blog-cdi-college\/la-rentree-des-classes-par-anthony-et-kelvin\/\"> [&#8230;]<\/a><\/p>\n","protected":false},"author":2,"featured_media":0,"comment_status":"closed","ping_status":"open","sticky":false,"template":"","format":"standard","meta":{"om_disable_all_campaigns":false,"footnotes":""},"categories":[1],"tags":[],"class_list":["post-1845","post","type-post","status-publish","format-standard","hentry","category-non-classe"],"aioseo_notices":[],"_links":{"self":[{"href":"https:\/\/www.sainte-therese-les-cordeliers.fr\/blog-cdi-college\/wp-json\/wp\/v2\/posts\/1845","targetHints":{"allow":["GET"]}}],"collection":[{"href":"https:\/\/www.sainte-therese-les-cordeliers.fr\/blog-cdi-college\/wp-json\/wp\/v2\/posts"}],"about":[{"href":"https:\/\/www.sainte-therese-les-cordeliers.fr\/blog-cdi-college\/wp-json\/wp\/v2\/types\/post"}],"author":[{"embeddable":true,"href":"https:\/\/www.sainte-therese-les-cordeliers.fr\/blog-cdi-college\/wp-json\/wp\/v2\/users\/2"}],"replies":[{"embeddable":true,"href":"https:\/\/www.sainte-therese-les-cordeliers.fr\/blog-cdi-college\/wp-json\/wp\/v2\/comments?post=1845"}],"version-history":[{"count":0,"href":"https:\/\/www.sainte-therese-les-cordeliers.fr\/blog-cdi-college\/wp-json\/wp\/v2\/posts\/1845\/revisions"}],"wp:attachment":[{"href":"https:\/\/www.sainte-therese-les-cordeliers.fr\/blog-cdi-college\/wp-json\/wp\/v2\/media?parent=1845"}],"wp:term":[{"taxonomy":"category","embeddable":true,"href":"https:\/\/www.sainte-therese-les-cordeliers.fr\/blog-cdi-college\/wp-json\/wp\/v2\/categories?post=1845"},{"taxonomy":"post_tag","embeddable":true,"href":"https:\/\/www.sainte-therese-les-cordeliers.fr\/blog-cdi-college\/wp-json\/wp\/v2\/tags?post=1845"}],"curies":[{"name":"wp","href":"https:\/\/api.w.org\/{rel}","templated":true}]}}