{"id":1942,"date":"2013-02-01T17:43:47","date_gmt":"2013-02-01T15:43:47","guid":{"rendered":"http:\/\/sainte-therese-les-cordeliers.fr\/blog\/cdi\/?p=1942"},"modified":"2013-04-04T11:16:24","modified_gmt":"2013-04-04T10:16:24","slug":"les-memoires-dun-moine-cordelier-02","status":"publish","type":"post","link":"https:\/\/www.sainte-therese-les-cordeliers.fr\/blog-cdi-college\/les-memoires-dun-moine-cordelier-02\/","title":{"rendered":"Les m\u00e9moires d&rsquo;un moine cordelier &#8211; 02"},"content":{"rendered":"<p style=\"padding-left: 30px;text-align: center\">\u00a0<a href=\"https:\/\/www.sainte-therese-les-cordeliers.fr\/blog-cdi-college\/wp-content\/uploads\/sites\/2\/2013\/04\/Montferrand-04.jpg\"><img decoding=\"async\" class=\"aligncenter\" alt=\"Montferrand 04\" src=\"https:\/\/www.sainte-therese-les-cordeliers.fr\/blog-cdi-college\/wp-content\/uploads\/sites\/2\/2013\/04\/Montferrand-04.jpg\" width=\"449\" height=\"295\" \/><\/a><\/p>\n<p style=\"padding-left: 30px;text-align: center\"><span style=\"color: #000080\">Montage r\u00e9alis\u00e9 par les 5\u00e8mes au CDI \u00e0 partir de gravures de Montferrand \u00e0 la fin du Moyen-\u00c2ge<\/span><\/p>\n","protected":false},"excerpt":{"rendered":"<p>\u00a0 Montage r\u00e9alis\u00e9 par les 5\u00e8mes au CDI \u00e0 partir de gravures de Montferrand \u00e0 la fin du Moyen-\u00c2ge<\/p>\n","protected":false},"author":2,"featured_media":0,"comment_status":"closed","ping_status":"closed","sticky":false,"template":"","format":"standard","meta":{"om_disable_all_campaigns":false,"footnotes":""},"categories":[18,19],"tags":[],"class_list":["post-1942","post","type-post","status-publish","format-standard","hentry","category-histoire-du-couvent-des-cordeliers","category-histoire-geographie"],"aioseo_notices":[],"_links":{"self":[{"href":"https:\/\/www.sainte-therese-les-cordeliers.fr\/blog-cdi-college\/wp-json\/wp\/v2\/posts\/1942","targetHints":{"allow":["GET"]}}],"collection":[{"href":"https:\/\/www.sainte-therese-les-cordeliers.fr\/blog-cdi-college\/wp-json\/wp\/v2\/posts"}],"about":[{"href":"https:\/\/www.sainte-therese-les-cordeliers.fr\/blog-cdi-college\/wp-json\/wp\/v2\/types\/post"}],"author":[{"embeddable":true,"href":"https:\/\/www.sainte-therese-les-cordeliers.fr\/blog-cdi-college\/wp-json\/wp\/v2\/users\/2"}],"replies":[{"embeddable":true,"href":"https:\/\/www.sainte-therese-les-cordeliers.fr\/blog-cdi-college\/wp-json\/wp\/v2\/comments?post=1942"}],"version-history":[{"count":0,"href":"https:\/\/www.sainte-therese-les-cordeliers.fr\/blog-cdi-college\/wp-json\/wp\/v2\/posts\/1942\/revisions"}],"wp:attachment":[{"href":"https:\/\/www.sainte-therese-les-cordeliers.fr\/blog-cdi-college\/wp-json\/wp\/v2\/media?parent=1942"}],"wp:term":[{"taxonomy":"category","embeddable":true,"href":"https:\/\/www.sainte-therese-les-cordeliers.fr\/blog-cdi-college\/wp-json\/wp\/v2\/categories?post=1942"},{"taxonomy":"post_tag","embeddable":true,"href":"https:\/\/www.sainte-therese-les-cordeliers.fr\/blog-cdi-college\/wp-json\/wp\/v2\/tags?post=1942"}],"curies":[{"name":"wp","href":"https:\/\/api.w.org\/{rel}","templated":true}]}}