{"id":206,"date":"2009-12-03T12:38:55","date_gmt":"2009-12-03T10:38:55","guid":{"rendered":"http:\/\/sainte-therese-les-cordeliers.fr\/blog\/cdi\/?p=206"},"modified":"2013-04-04T11:22:15","modified_gmt":"2013-04-04T10:22:15","slug":"206","status":"publish","type":"post","link":"https:\/\/www.sainte-therese-les-cordeliers.fr\/blog-cdi-college\/206\/","title":{"rendered":"Meltiques de Montferrand concert au CDI"},"content":{"rendered":"<p style=\"text-align: center\"><strong><em><span style=\"color: #000080\"><img decoding=\"async\" class=\"aligncenter size-medium wp-image-208\" src=\"https:\/\/www.sainte-therese-les-cordeliers.fr\/blog-cdi-college\/wp-content\/uploads\/sites\/2\/2013\/04\/Photo-0151-300x224.jpg\" alt=\"Photo 015\" width=\"300\" height=\"224\" \/>\u00a0<\/span><\/em><\/strong><\/p>\n<p><strong><span style=\"color: #000080\">du coll\u00e8ge Ste Th\u00e9r\u00e8se \u2013 les Cordeliers.<\/span><\/strong><\/p>\n<p><span style=\"color: #000080\">Pablo Pavon et son ensemble <em>Musica Mediante<\/em> nous ont offert un concert de tr\u00e8s haute vol\u00e9e au CDI de l\u2019Institution Ste Th\u00e9r\u00e8se \u2013 Les Cordeliers, mardi 1<sup>er<\/sup> d\u00e9cembre, dans le cadre de son festival des <em>Meltiques<\/em> consacr\u00e9 cette ann\u00e9e \u00e0 Beethoven.\u00a0 Le programme intitul\u00e9 \u00ab\u00a0Beethoven et le XIX\u00e8me si\u00e8cle allemand\u00a0\u00bb \u00e9tait construit en deux parties. D\u2019abord, l\u2019<em>Ensemble Vocal de Femmes<\/em> <em>Musica Mediante<\/em>, dirig\u00e9 par son chef et accompagn\u00e9 par Sabrina Barthe au piano, a interpr\u00e9t\u00e9 une s\u00e9rie de pi\u00e8ces et lieder de Brahms, Schubert, Schumann et Mendelssohn. Elles ont su trouver avec subtilit\u00e9 et raffinement les atmosph\u00e8res caract\u00e9ristiques du romantisme allemand de ces courtes pi\u00e8ces denses et \u00e9vocatrices, tour \u00e0 tour ferventes, myst\u00e9rieuses, sensuelles, inqui\u00e9tantes ou populaires. Les quelques mots d\u2019introduction de Pablo Pavon ont permis au public de mieux mesurer la dimension litt\u00e9raire des textes chant\u00e9s, et de replacer Beethoven dans son contexte musical et esth\u00e9tique. <\/span><\/p>\n<p><span style=\"color: #000080\"><img decoding=\"async\" class=\"aligncenter size-medium wp-image-214\" src=\"https:\/\/www.sainte-therese-les-cordeliers.fr\/blog-cdi-college\/wp-content\/uploads\/sites\/2\/2013\/04\/Photo-025-300x224.jpg\" alt=\"Photo 025\" width=\"300\" height=\"224\" \/><\/span><\/p>\n<p><span style=\"color: #000080\">Le concert s\u2019est poursuivi par la sonate n\u00b0 9, dite \u00ab\u00a0\u00e0 Kreutzer\u00a0\u00bb de Beethoven. L\u2019\u0153uvre est ardente et passionn\u00e9e, d\u2019un romantisme fi\u00e9vreux. Les solistes, Sabrina Barthe au piano et Hiro\u00e9 Namba au violon, sont des interpr\u00e8tes de tout premier plan. Brillantes musiciennes au large r\u00e9pertoire, on peut les entendre en r\u00e9cital, en formation de musique de chambre ou en soliste avec orchestre. Elles nous ont offert une interpr\u00e9tation somptueuse, brillante et virtuose mais aussi riche d\u2019\u00e9motions. Hiro\u00e9 Namba impressionne par sa pr\u00e9sence, son jeu imp\u00e9rieux et s\u00fbr, ses sonorit\u00e9s riches et expressives. Sabrina Barthe retrouve ici un r\u00e9pertoire qu\u2019elle affectionne et dans lequel elle excelle. Son jeu puissant et expressif est id\u00e9al pour le g\u00e9nie hors norme de Beethoven, et s\u2019allie \u00e0 merveille avec celui de sa partenaire. Cette huiti\u00e8me \u00e9dition des <em>Meltiques<\/em> montre encore une fois l\u2019exigence artistique de son directeur artistique et la grande qualit\u00e9 des concerts propos\u00e9s.<\/span><\/p>\n<p><span style=\"color: #000080\">Le festival se terminera par la <em>Neuvi\u00e8me Symphonie<\/em> de Beethoven \u00e0 la cath\u00e9drale, samedi 6 \u00e0 20h30 avec le Ch\u0153ur <em>Musica Mediante<\/em>, l\u2019ensemble vocal <em>La Psallette de Gen\u00e8ve<\/em>, <em>La grande Vocale<\/em>, la <em>Chorale Madrigale <\/em>de Thiers, l\u2019orchestre <em>Musica Mediante<\/em>, et les solistes, sous la direction de Pablo Pavon.<\/span><\/p>\n","protected":false},"excerpt":{"rendered":"<p>\u00a0 du coll\u00e8ge Ste Th\u00e9r\u00e8se \u2013 les Cordeliers. Pablo Pavon et son ensemble Musica Mediante nous ont offert un concert de tr\u00e8s haute vol\u00e9e au CDI de l\u2019Institution Ste Th\u00e9r\u00e8se \u2013 Les Cordeliers, mardi 1er d\u00e9cembre, dans le cadre de son festival des Meltiques consacr\u00e9 cette ann\u00e9e \u00e0 Beethoven.\u00a0 Le programme intitul\u00e9 \u00ab\u00a0Beethoven et le <a href=\"https:\/\/www.sainte-therese-les-cordeliers.fr\/blog-cdi-college\/206\/\"> [&#8230;]<\/a><\/p>\n","protected":false},"author":2,"featured_media":0,"comment_status":"closed","ping_status":"open","sticky":false,"template":"","format":"standard","meta":{"om_disable_all_campaigns":false,"footnotes":""},"categories":[7],"tags":[],"class_list":["post-206","post","type-post","status-publish","format-standard","hentry","category-concerts-au-cdi"],"aioseo_notices":[],"_links":{"self":[{"href":"https:\/\/www.sainte-therese-les-cordeliers.fr\/blog-cdi-college\/wp-json\/wp\/v2\/posts\/206","targetHints":{"allow":["GET"]}}],"collection":[{"href":"https:\/\/www.sainte-therese-les-cordeliers.fr\/blog-cdi-college\/wp-json\/wp\/v2\/posts"}],"about":[{"href":"https:\/\/www.sainte-therese-les-cordeliers.fr\/blog-cdi-college\/wp-json\/wp\/v2\/types\/post"}],"author":[{"embeddable":true,"href":"https:\/\/www.sainte-therese-les-cordeliers.fr\/blog-cdi-college\/wp-json\/wp\/v2\/users\/2"}],"replies":[{"embeddable":true,"href":"https:\/\/www.sainte-therese-les-cordeliers.fr\/blog-cdi-college\/wp-json\/wp\/v2\/comments?post=206"}],"version-history":[{"count":0,"href":"https:\/\/www.sainte-therese-les-cordeliers.fr\/blog-cdi-college\/wp-json\/wp\/v2\/posts\/206\/revisions"}],"wp:attachment":[{"href":"https:\/\/www.sainte-therese-les-cordeliers.fr\/blog-cdi-college\/wp-json\/wp\/v2\/media?parent=206"}],"wp:term":[{"taxonomy":"category","embeddable":true,"href":"https:\/\/www.sainte-therese-les-cordeliers.fr\/blog-cdi-college\/wp-json\/wp\/v2\/categories?post=206"},{"taxonomy":"post_tag","embeddable":true,"href":"https:\/\/www.sainte-therese-les-cordeliers.fr\/blog-cdi-college\/wp-json\/wp\/v2\/tags?post=206"}],"curies":[{"name":"wp","href":"https:\/\/api.w.org\/{rel}","templated":true}]}}