{"id":30,"date":"2008-03-03T09:09:04","date_gmt":"2008-03-03T07:09:04","guid":{"rendered":"http:\/\/sainte-therese-les-cordeliers.fr\/blog\/cdi\/?p=30"},"modified":"2013-04-04T11:23:35","modified_gmt":"2013-04-04T10:23:35","slug":"le-printemps-des-poetes-et-la-semaine-de-la-poesie","status":"publish","type":"post","link":"https:\/\/www.sainte-therese-les-cordeliers.fr\/blog-cdi-college\/le-printemps-des-poetes-et-la-semaine-de-la-poesie\/","title":{"rendered":"le printemps des po\u00e8tes et la semaine de la po\u00e9sie"},"content":{"rendered":"<p>Le printemps des po\u00e8tes se d\u00e9roulera du 3 au 16 mars dans toute la France et la semaine de la po\u00e9sie du 12 ai 19 mars. Dans cette p\u00e9riode riche pour la po\u00e9sie, les sixi\u00e8me \u00e9criront chacun un po\u00e8me et pr\u00e9senteront un texte qu&rsquo;ils aiment particuli\u00e8rement. Ceux qui le souhaitent le pr\u00e9senteront sur ce blog.<br \/>\nRetrouvez-les d\u00e8s bient\u00f4t<br \/>\nAdam<\/p>\n","protected":false},"excerpt":{"rendered":"<p>Le printemps des po\u00e8tes se d\u00e9roulera du 3 au 16 mars dans toute la France et la semaine de la po\u00e9sie du 12 ai 19 mars. Dans cette p\u00e9riode riche pour la po\u00e9sie, les sixi\u00e8me \u00e9criront chacun un po\u00e8me et pr\u00e9senteront un texte qu&rsquo;ils aiment particuli\u00e8rement. Ceux qui le souhaitent le pr\u00e9senteront sur ce blog. <a href=\"https:\/\/www.sainte-therese-les-cordeliers.fr\/blog-cdi-college\/le-printemps-des-poetes-et-la-semaine-de-la-poesie\/\"> [&#8230;]<\/a><\/p>\n","protected":false},"author":2,"featured_media":0,"comment_status":"closed","ping_status":"open","sticky":false,"template":"","format":"standard","meta":{"om_disable_all_campaigns":false,"footnotes":""},"categories":[27],"tags":[],"class_list":["post-30","post","type-post","status-publish","format-standard","hentry","category-printemps-des-poetes"],"aioseo_notices":[],"_links":{"self":[{"href":"https:\/\/www.sainte-therese-les-cordeliers.fr\/blog-cdi-college\/wp-json\/wp\/v2\/posts\/30","targetHints":{"allow":["GET"]}}],"collection":[{"href":"https:\/\/www.sainte-therese-les-cordeliers.fr\/blog-cdi-college\/wp-json\/wp\/v2\/posts"}],"about":[{"href":"https:\/\/www.sainte-therese-les-cordeliers.fr\/blog-cdi-college\/wp-json\/wp\/v2\/types\/post"}],"author":[{"embeddable":true,"href":"https:\/\/www.sainte-therese-les-cordeliers.fr\/blog-cdi-college\/wp-json\/wp\/v2\/users\/2"}],"replies":[{"embeddable":true,"href":"https:\/\/www.sainte-therese-les-cordeliers.fr\/blog-cdi-college\/wp-json\/wp\/v2\/comments?post=30"}],"version-history":[{"count":0,"href":"https:\/\/www.sainte-therese-les-cordeliers.fr\/blog-cdi-college\/wp-json\/wp\/v2\/posts\/30\/revisions"}],"wp:attachment":[{"href":"https:\/\/www.sainte-therese-les-cordeliers.fr\/blog-cdi-college\/wp-json\/wp\/v2\/media?parent=30"}],"wp:term":[{"taxonomy":"category","embeddable":true,"href":"https:\/\/www.sainte-therese-les-cordeliers.fr\/blog-cdi-college\/wp-json\/wp\/v2\/categories?post=30"},{"taxonomy":"post_tag","embeddable":true,"href":"https:\/\/www.sainte-therese-les-cordeliers.fr\/blog-cdi-college\/wp-json\/wp\/v2\/tags?post=30"}],"curies":[{"name":"wp","href":"https:\/\/api.w.org\/{rel}","templated":true}]}}