{"id":34,"date":"2008-03-04T09:12:17","date_gmt":"2008-03-04T07:12:17","guid":{"rendered":"http:\/\/sainte-therese-les-cordeliers.fr\/blog\/cdi\/?p=34"},"modified":"2013-04-04T11:23:34","modified_gmt":"2013-04-04T10:23:34","slug":"un-ete-algerien-de-j-paul-noziere","status":"publish","type":"post","link":"https:\/\/www.sainte-therese-les-cordeliers.fr\/blog-cdi-college\/un-ete-algerien-de-j-paul-noziere\/","title":{"rendered":"un \u00e9t\u00e9 alg\u00e9rien de J. Paul Nozi\u00e8re"},"content":{"rendered":"<p style=\"text-align: center\"><span style=\"color: #000080\"><img decoding=\"async\" class=\"CtreTexte aligncenter\" style=\"width: 250px;height: 324px\" src=\"http:\/\/idata.over-blog.com\/0\/24\/28\/79\/\/Un--t--alg-rien.jpg\" alt=\"Un--t--alg-rien.jpg\" width=\"216\" height=\"298\" \/><\/span><\/p>\n<p><span style=\"color: #000080\">Sofiane<\/span><\/p>\n<p><span style=\"color: #000080\">Cet \u00e9t\u00e9-l\u00e0 aurait pu \u00eatre un \u00e9t\u00e9 comme les autres. Un \u00e9t\u00e9 de plus dans la ferme Barine, \u00e0 quelques kilom\u00e8tres de S\u00e9tif, dans une Alg\u00e9rie encore fran\u00e7aise o\u00f9 la guerre d&rsquo;ind\u00e9pendance s&rsquo;\u00e9ternise. Un \u00e9t\u00e9 o\u00f9 Paul et Salira &#8211; deux amis de quinze ans &#8211; se seraient peut-\u00eatre ennuy\u00e9s au rythme lent des moissons. Pourtant, cet \u00e9t\u00e9 verra la fin de leur amiti\u00e9. Salim, fils de fellah. va \u00eatre amen\u00e9 \u00e0 choisir le camp de l&rsquo;ind\u00e9pendance, le camp du F.L.N. Paul va rester dans celui des Fran\u00e7ais. Dans cet \u00e9t\u00e9 o\u00f9 la douceur de vivre alterne avec la trag\u00e9die, la tra\u00eetrise, parfois la sauvagerie, pouvaient-ils l&rsquo;un et l&rsquo;autre \u00e9chapper \u00e0 leur destin\u00e9e ? Un livre grave, dr\u00f4le, juste : spectacle de deux adolescents pris dans la tourmente de l&rsquo;Histoire, leur histoire.<br \/>\n<\/span><a href=\"http:\/\/jpnoziere.com\/ete_alg.htm\"><span style=\"color: #000080\">http:\/\/jpnoziere.com\/ete_alg.htm<\/span><\/a><\/p>\n","protected":false},"excerpt":{"rendered":"<p>Sofiane Cet \u00e9t\u00e9-l\u00e0 aurait pu \u00eatre un \u00e9t\u00e9 comme les autres. Un \u00e9t\u00e9 de plus dans la ferme Barine, \u00e0 quelques kilom\u00e8tres de S\u00e9tif, dans une Alg\u00e9rie encore fran\u00e7aise o\u00f9 la guerre d&rsquo;ind\u00e9pendance s&rsquo;\u00e9ternise. Un \u00e9t\u00e9 o\u00f9 Paul et Salira &#8211; deux amis de quinze ans &#8211; se seraient peut-\u00eatre ennuy\u00e9s au rythme lent des <a href=\"https:\/\/www.sainte-therese-les-cordeliers.fr\/blog-cdi-college\/un-ete-algerien-de-j-paul-noziere\/\"> [&#8230;]<\/a><\/p>\n","protected":false},"author":2,"featured_media":0,"comment_status":"closed","ping_status":"open","sticky":false,"template":"","format":"standard","meta":{"om_disable_all_campaigns":false,"footnotes":""},"categories":[4],"tags":[],"class_list":["post-34","post","type-post","status-publish","format-standard","hentry","category-bandes-annonces"],"aioseo_notices":[],"_links":{"self":[{"href":"https:\/\/www.sainte-therese-les-cordeliers.fr\/blog-cdi-college\/wp-json\/wp\/v2\/posts\/34","targetHints":{"allow":["GET"]}}],"collection":[{"href":"https:\/\/www.sainte-therese-les-cordeliers.fr\/blog-cdi-college\/wp-json\/wp\/v2\/posts"}],"about":[{"href":"https:\/\/www.sainte-therese-les-cordeliers.fr\/blog-cdi-college\/wp-json\/wp\/v2\/types\/post"}],"author":[{"embeddable":true,"href":"https:\/\/www.sainte-therese-les-cordeliers.fr\/blog-cdi-college\/wp-json\/wp\/v2\/users\/2"}],"replies":[{"embeddable":true,"href":"https:\/\/www.sainte-therese-les-cordeliers.fr\/blog-cdi-college\/wp-json\/wp\/v2\/comments?post=34"}],"version-history":[{"count":0,"href":"https:\/\/www.sainte-therese-les-cordeliers.fr\/blog-cdi-college\/wp-json\/wp\/v2\/posts\/34\/revisions"}],"wp:attachment":[{"href":"https:\/\/www.sainte-therese-les-cordeliers.fr\/blog-cdi-college\/wp-json\/wp\/v2\/media?parent=34"}],"wp:term":[{"taxonomy":"category","embeddable":true,"href":"https:\/\/www.sainte-therese-les-cordeliers.fr\/blog-cdi-college\/wp-json\/wp\/v2\/categories?post=34"},{"taxonomy":"post_tag","embeddable":true,"href":"https:\/\/www.sainte-therese-les-cordeliers.fr\/blog-cdi-college\/wp-json\/wp\/v2\/tags?post=34"}],"curies":[{"name":"wp","href":"https:\/\/api.w.org\/{rel}","templated":true}]}}