{"id":42,"date":"2008-03-10T09:16:59","date_gmt":"2008-03-10T07:16:59","guid":{"rendered":"http:\/\/sainte-therese-les-cordeliers.fr\/blog\/cdi\/?p=42"},"modified":"2013-04-04T11:23:18","modified_gmt":"2013-04-04T10:23:18","slug":"le-nuage","status":"publish","type":"post","link":"https:\/\/www.sainte-therese-les-cordeliers.fr\/blog-cdi-college\/le-nuage\/","title":{"rendered":"le nuage"},"content":{"rendered":"<p>Il fut un temps o\u00f9 les ombres<br \/>\nA leur place v\u00e9ritable<br \/>\nN&rsquo;obscurcissaient pas mes fables.<br \/>\nMon coeur donnait sa lumi\u00e8re.<\/p>\n<p>Mes yeux comprenaient la chaise de paille,<br \/>\nLa table de bois,<br \/>\nEt mes mains ne r\u00eavaient pas<br \/>\nPar la faute des dix doigts,<\/p>\n<p>Ecoute-moi, Capitaine de mon enfance,<br \/>\nFaison comme avant,<br \/>\nMontons \u00e0 bord de ma premi\u00e8re baraque,<br \/>\nQui passait la mer quand j&rsquo;avais dix ans.<\/p>\n<p>Elle ne prend pas l&rsquo;eau du songe<br \/>\nEt sent s\u00fbrement legoudon,<br \/>\nEcoute, ce n&rsquo;est plus que dans mes souvenirs<br \/>\nQue le bois est encor le bois, et le fer, dur,<\/p>\n<p>Depuis longtemps, Capitaine,<br \/>\nTout m&rsquo;est nuage et j&rsquo;en meurs.<\/p>\n<p>Le nuage, Jules Supervielle.<br \/>\nPo\u00e8me choisi par Joanna (6\u00b0 La Fontaine)<\/p>\n","protected":false},"excerpt":{"rendered":"<p>Il fut un temps o\u00f9 les ombres A leur place v\u00e9ritable N&rsquo;obscurcissaient pas mes fables. Mon coeur donnait sa lumi\u00e8re. Mes yeux comprenaient la chaise de paille, La table de bois, Et mes mains ne r\u00eavaient pas Par la faute des dix doigts, Ecoute-moi, Capitaine de mon enfance, Faison comme avant, Montons \u00e0 bord de <a href=\"https:\/\/www.sainte-therese-les-cordeliers.fr\/blog-cdi-college\/le-nuage\/\"> [&#8230;]<\/a><\/p>\n","protected":false},"author":2,"featured_media":0,"comment_status":"closed","ping_status":"open","sticky":false,"template":"","format":"standard","meta":{"om_disable_all_campaigns":false,"footnotes":""},"categories":[27],"tags":[],"class_list":["post-42","post","type-post","status-publish","format-standard","hentry","category-printemps-des-poetes"],"aioseo_notices":[],"_links":{"self":[{"href":"https:\/\/www.sainte-therese-les-cordeliers.fr\/blog-cdi-college\/wp-json\/wp\/v2\/posts\/42","targetHints":{"allow":["GET"]}}],"collection":[{"href":"https:\/\/www.sainte-therese-les-cordeliers.fr\/blog-cdi-college\/wp-json\/wp\/v2\/posts"}],"about":[{"href":"https:\/\/www.sainte-therese-les-cordeliers.fr\/blog-cdi-college\/wp-json\/wp\/v2\/types\/post"}],"author":[{"embeddable":true,"href":"https:\/\/www.sainte-therese-les-cordeliers.fr\/blog-cdi-college\/wp-json\/wp\/v2\/users\/2"}],"replies":[{"embeddable":true,"href":"https:\/\/www.sainte-therese-les-cordeliers.fr\/blog-cdi-college\/wp-json\/wp\/v2\/comments?post=42"}],"version-history":[{"count":0,"href":"https:\/\/www.sainte-therese-les-cordeliers.fr\/blog-cdi-college\/wp-json\/wp\/v2\/posts\/42\/revisions"}],"wp:attachment":[{"href":"https:\/\/www.sainte-therese-les-cordeliers.fr\/blog-cdi-college\/wp-json\/wp\/v2\/media?parent=42"}],"wp:term":[{"taxonomy":"category","embeddable":true,"href":"https:\/\/www.sainte-therese-les-cordeliers.fr\/blog-cdi-college\/wp-json\/wp\/v2\/categories?post=42"},{"taxonomy":"post_tag","embeddable":true,"href":"https:\/\/www.sainte-therese-les-cordeliers.fr\/blog-cdi-college\/wp-json\/wp\/v2\/tags?post=42"}],"curies":[{"name":"wp","href":"https:\/\/api.w.org\/{rel}","templated":true}]}}