{"id":4474,"date":"2018-11-05T16:20:41","date_gmt":"2018-11-05T15:20:41","guid":{"rendered":"https:\/\/www.sainte-therese-les-cordeliers.fr\/blog-cdi-college\/?p=4474"},"modified":"2018-11-09T10:13:51","modified_gmt":"2018-11-09T09:13:51","slug":"commemoration-du-centenaire-de-la-premiere-guerre-mondiale","status":"publish","type":"post","link":"https:\/\/www.sainte-therese-les-cordeliers.fr\/blog-cdi-college\/commemoration-du-centenaire-de-la-premiere-guerre-mondiale\/","title":{"rendered":"Comm\u00e9moration du centenaire de la Premi\u00e8re Guerre mondiale"},"content":{"rendered":"<p><a href=\"https:\/\/www.sainte-therese-les-cordeliers.fr\/blog-cdi-college\/wp-content\/uploads\/sites\/2\/2018\/11\/cocarde.jpg\"><img decoding=\"async\" class=\"alignnone size-full wp-image-4475\" src=\"https:\/\/www.sainte-therese-les-cordeliers.fr\/blog-cdi-college\/wp-content\/uploads\/sites\/2\/2018\/11\/cocarde.jpg\" alt=\"\" width=\"150\" height=\"150\" srcset=\"https:\/\/www.sainte-therese-les-cordeliers.fr\/blog-cdi-college\/wp-content\/uploads\/sites\/2\/2018\/11\/cocarde-66x66.jpg 66w, https:\/\/www.sainte-therese-les-cordeliers.fr\/blog-cdi-college\/wp-content\/uploads\/sites\/2\/2018\/11\/cocarde.jpg 150w\" sizes=\"(max-width: 150px) 100vw, 150px\" \/><\/a>Entre 2014 et 2018, la Comm\u00e9moration nationale du centenaire\u00a0 de la Premi\u00e8re Guerre mondiale a donn\u00e9 lieu \u00e0 de nombreuses actions. En ce d\u00e9but d\u2019ann\u00e9e scolaire 2018, les \u00e9l\u00e8ves de 3<sup>e<\/sup> ont essay\u00e9 de se mettre \u00e0 la place des soldats dans les tranch\u00e9es, et ont r\u00e9dig\u00e9 des lettres adress\u00e9es \u00e0 leurs familles. Certaines d\u2019entre elles sont tr\u00e8s touchantes. Les \u00e9l\u00e8ves se sont montr\u00e9s cr\u00e9atifs et ont soign\u00e9 la forme autant que le fonds. Nous vous pr\u00e9sentons quelques-unes de leurs r\u00e9alisations.<\/p>\n<p>Remarque\u00a0: par respect pour le travail de pr\u00e9sentation et de mise en page, nous n\u2019avons pas voulu corriger les fautes \u00e9ventuelles de fa\u00e7on trop voyante. Elles sont justes soulign\u00e9es au crayon et non corrig\u00e9es au stylo rouge.<\/p>\n<p>&nbsp;<\/p>\n","protected":false},"excerpt":{"rendered":"<p>Entre 2014 et 2018, la Comm\u00e9moration nationale du centenaire\u00a0 de la Premi\u00e8re Guerre mondiale a donn\u00e9 lieu \u00e0 de nombreuses actions. En ce d\u00e9but d\u2019ann\u00e9e scolaire 2018, les \u00e9l\u00e8ves de 3e ont essay\u00e9 de se mettre \u00e0 la place des soldats dans les tranch\u00e9es, et ont r\u00e9dig\u00e9 des lettres adress\u00e9es \u00e0 leurs familles. Certaines d\u2019entre <a href=\"https:\/\/www.sainte-therese-les-cordeliers.fr\/blog-cdi-college\/commemoration-du-centenaire-de-la-premiere-guerre-mondiale\/\"> [&#8230;]<\/a><\/p>\n","protected":false},"author":2,"featured_media":0,"comment_status":"closed","ping_status":"closed","sticky":false,"template":"","format":"standard","meta":{"om_disable_all_campaigns":false,"footnotes":""},"categories":[19,1],"tags":[],"class_list":["post-4474","post","type-post","status-publish","format-standard","hentry","category-histoire-geographie","category-non-classe"],"aioseo_notices":[],"_links":{"self":[{"href":"https:\/\/www.sainte-therese-les-cordeliers.fr\/blog-cdi-college\/wp-json\/wp\/v2\/posts\/4474","targetHints":{"allow":["GET"]}}],"collection":[{"href":"https:\/\/www.sainte-therese-les-cordeliers.fr\/blog-cdi-college\/wp-json\/wp\/v2\/posts"}],"about":[{"href":"https:\/\/www.sainte-therese-les-cordeliers.fr\/blog-cdi-college\/wp-json\/wp\/v2\/types\/post"}],"author":[{"embeddable":true,"href":"https:\/\/www.sainte-therese-les-cordeliers.fr\/blog-cdi-college\/wp-json\/wp\/v2\/users\/2"}],"replies":[{"embeddable":true,"href":"https:\/\/www.sainte-therese-les-cordeliers.fr\/blog-cdi-college\/wp-json\/wp\/v2\/comments?post=4474"}],"version-history":[{"count":1,"href":"https:\/\/www.sainte-therese-les-cordeliers.fr\/blog-cdi-college\/wp-json\/wp\/v2\/posts\/4474\/revisions"}],"predecessor-version":[{"id":4476,"href":"https:\/\/www.sainte-therese-les-cordeliers.fr\/blog-cdi-college\/wp-json\/wp\/v2\/posts\/4474\/revisions\/4476"}],"wp:attachment":[{"href":"https:\/\/www.sainte-therese-les-cordeliers.fr\/blog-cdi-college\/wp-json\/wp\/v2\/media?parent=4474"}],"wp:term":[{"taxonomy":"category","embeddable":true,"href":"https:\/\/www.sainte-therese-les-cordeliers.fr\/blog-cdi-college\/wp-json\/wp\/v2\/categories?post=4474"},{"taxonomy":"post_tag","embeddable":true,"href":"https:\/\/www.sainte-therese-les-cordeliers.fr\/blog-cdi-college\/wp-json\/wp\/v2\/tags?post=4474"}],"curies":[{"name":"wp","href":"https:\/\/api.w.org\/{rel}","templated":true}]}}