{"id":4504,"date":"2019-01-22T11:22:57","date_gmt":"2019-01-22T10:22:57","guid":{"rendered":"https:\/\/www.sainte-therese-les-cordeliers.fr\/blog-cdi-college\/?p=4504"},"modified":"2019-01-22T11:46:48","modified_gmt":"2019-01-22T10:46:48","slug":"la-semaine-franco-allemande","status":"publish","type":"post","link":"https:\/\/www.sainte-therese-les-cordeliers.fr\/blog-cdi-college\/la-semaine-franco-allemande\/","title":{"rendered":"La semaine franco-allemande"},"content":{"rendered":"<p>La \u00ab\u00a0journ\u00e9e franco-allemande\u00a0\u00bb du 22 janvier permet chaque ann\u00e9e de mieux faire conna\u00eetre, dans les \u00e9coles et les \u00e9tablissements scolaires, la culture et la langue du pays partenaire.<br \/>\nCet \u00e9v\u00e9nement a lieu avec le soutien de nombreux acteurs, dont l&rsquo;Office franco-allemand pour la jeunesse (<abbr title=\"Office franco-allemand pour la jeunesse\">Ofaj<\/abbr>), le Goethe-Institut, l&rsquo;Association de d\u00e9veloppement de l&rsquo;enseignement de l&rsquo;allemand en France (Adeaf) ainsi que les Maisons franco-allemandes<abbr title=\"Office franco-allemand pour la jeunesse\"><\/abbr>. Elle donne lieu \u00e0 des activit\u00e9s au CDI et en cours, autour de la d\u00e9couverte de cette langue toute la semaine.<\/p>\n<p>Les \u00e9l\u00e8ves germanistes ont r\u00e9alis\u00e9 des affiches sur le th\u00e8me de l&rsquo;amiti\u00e9 franco-allemande, cherch\u00e9 des menus typiques et pr\u00e9vu de r\u00e9aliser des g\u00e2teaux traditionnels. Au CDI, ils trouveront des documents en allemand et pourront consulter des sites internet sp\u00e9cialement choisis sur ce th\u00e8me.<\/p>\n<p><a href=\"https:\/\/www.sainte-therese-les-cordeliers.fr\/blog-cdi-college\/wp-content\/uploads\/sites\/2\/2019\/01\/Page0002.jpg\"><img decoding=\"async\" class=\"alignnone wp-image-4505\" src=\"https:\/\/www.sainte-therese-les-cordeliers.fr\/blog-cdi-college\/wp-content\/uploads\/sites\/2\/2019\/01\/Page0002-300x211.jpg\" alt=\"\" width=\"438\" height=\"308\" srcset=\"https:\/\/www.sainte-therese-les-cordeliers.fr\/blog-cdi-college\/wp-content\/uploads\/sites\/2\/2019\/01\/Page0002-200x141.jpg 200w, https:\/\/www.sainte-therese-les-cordeliers.fr\/blog-cdi-college\/wp-content\/uploads\/sites\/2\/2019\/01\/Page0002-300x211.jpg 300w, https:\/\/www.sainte-therese-les-cordeliers.fr\/blog-cdi-college\/wp-content\/uploads\/sites\/2\/2019\/01\/Page0002-400x282.jpg 400w, https:\/\/www.sainte-therese-les-cordeliers.fr\/blog-cdi-college\/wp-content\/uploads\/sites\/2\/2019\/01\/Page0002-600x422.jpg 600w, https:\/\/www.sainte-therese-les-cordeliers.fr\/blog-cdi-college\/wp-content\/uploads\/sites\/2\/2019\/01\/Page0002-768x541.jpg 768w, https:\/\/www.sainte-therese-les-cordeliers.fr\/blog-cdi-college\/wp-content\/uploads\/sites\/2\/2019\/01\/Page0002-800x563.jpg 800w, https:\/\/www.sainte-therese-les-cordeliers.fr\/blog-cdi-college\/wp-content\/uploads\/sites\/2\/2019\/01\/Page0002-1200x845.jpg 1200w\" sizes=\"(max-width: 438px) 100vw, 438px\" \/><\/a> <a href=\"https:\/\/www.sainte-therese-les-cordeliers.fr\/blog-cdi-college\/wp-content\/uploads\/sites\/2\/2019\/01\/Page0003.jpg\"><img decoding=\"async\" class=\"alignnone wp-image-4506\" src=\"https:\/\/www.sainte-therese-les-cordeliers.fr\/blog-cdi-college\/wp-content\/uploads\/sites\/2\/2019\/01\/Page0003-300x212.jpg\" alt=\"\" width=\"404\" height=\"286\" srcset=\"https:\/\/www.sainte-therese-les-cordeliers.fr\/blog-cdi-college\/wp-content\/uploads\/sites\/2\/2019\/01\/Page0003-200x141.jpg 200w, https:\/\/www.sainte-therese-les-cordeliers.fr\/blog-cdi-college\/wp-content\/uploads\/sites\/2\/2019\/01\/Page0003-300x212.jpg 300w, https:\/\/www.sainte-therese-les-cordeliers.fr\/blog-cdi-college\/wp-content\/uploads\/sites\/2\/2019\/01\/Page0003-400x282.jpg 400w, https:\/\/www.sainte-therese-les-cordeliers.fr\/blog-cdi-college\/wp-content\/uploads\/sites\/2\/2019\/01\/Page0003-600x424.jpg 600w, https:\/\/www.sainte-therese-les-cordeliers.fr\/blog-cdi-college\/wp-content\/uploads\/sites\/2\/2019\/01\/Page0003-768x542.jpg 768w, https:\/\/www.sainte-therese-les-cordeliers.fr\/blog-cdi-college\/wp-content\/uploads\/sites\/2\/2019\/01\/Page0003-800x565.jpg 800w, https:\/\/www.sainte-therese-les-cordeliers.fr\/blog-cdi-college\/wp-content\/uploads\/sites\/2\/2019\/01\/Page0003-1200x847.jpg 1200w\" sizes=\"(max-width: 404px) 100vw, 404px\" \/><\/a> <a href=\"https:\/\/www.sainte-therese-les-cordeliers.fr\/blog-cdi-college\/wp-content\/uploads\/sites\/2\/2019\/01\/Page0004.jpg\"><img decoding=\"async\" class=\"alignnone wp-image-4507\" src=\"https:\/\/www.sainte-therese-les-cordeliers.fr\/blog-cdi-college\/wp-content\/uploads\/sites\/2\/2019\/01\/Page0004-300x212.jpg\" alt=\"\" width=\"449\" height=\"317\" srcset=\"https:\/\/www.sainte-therese-les-cordeliers.fr\/blog-cdi-college\/wp-content\/uploads\/sites\/2\/2019\/01\/Page0004-200x141.jpg 200w, https:\/\/www.sainte-therese-les-cordeliers.fr\/blog-cdi-college\/wp-content\/uploads\/sites\/2\/2019\/01\/Page0004-300x212.jpg 300w, https:\/\/www.sainte-therese-les-cordeliers.fr\/blog-cdi-college\/wp-content\/uploads\/sites\/2\/2019\/01\/Page0004-400x282.jpg 400w, https:\/\/www.sainte-therese-les-cordeliers.fr\/blog-cdi-college\/wp-content\/uploads\/sites\/2\/2019\/01\/Page0004-600x424.jpg 600w, https:\/\/www.sainte-therese-les-cordeliers.fr\/blog-cdi-college\/wp-content\/uploads\/sites\/2\/2019\/01\/Page0004-768x542.jpg 768w, https:\/\/www.sainte-therese-les-cordeliers.fr\/blog-cdi-college\/wp-content\/uploads\/sites\/2\/2019\/01\/Page0004-800x565.jpg 800w, https:\/\/www.sainte-therese-les-cordeliers.fr\/blog-cdi-college\/wp-content\/uploads\/sites\/2\/2019\/01\/Page0004-1200x847.jpg 1200w\" sizes=\"(max-width: 449px) 100vw, 449px\" \/><\/a><\/p>\n","protected":false},"excerpt":{"rendered":"<p>La \u00ab\u00a0journ\u00e9e franco-allemande\u00a0\u00bb du 22 janvier permet chaque ann\u00e9e de mieux faire conna\u00eetre, dans les \u00e9coles et les \u00e9tablissements scolaires, la culture et la langue du pays partenaire. Cet \u00e9v\u00e9nement a lieu avec le soutien de nombreux acteurs, dont l&rsquo;Office franco-allemand pour la jeunesse (Ofaj), le Goethe-Institut, l&rsquo;Association de d\u00e9veloppement de l&rsquo;enseignement de l&rsquo;allemand en <a href=\"https:\/\/www.sainte-therese-les-cordeliers.fr\/blog-cdi-college\/la-semaine-franco-allemande\/\"> [&#8230;]<\/a><\/p>\n","protected":false},"author":2,"featured_media":0,"comment_status":"closed","ping_status":"closed","sticky":false,"template":"","format":"standard","meta":{"om_disable_all_campaigns":false,"footnotes":""},"categories":[84],"tags":[],"class_list":["post-4504","post","type-post","status-publish","format-standard","hentry","category-allemand"],"aioseo_notices":[],"_links":{"self":[{"href":"https:\/\/www.sainte-therese-les-cordeliers.fr\/blog-cdi-college\/wp-json\/wp\/v2\/posts\/4504","targetHints":{"allow":["GET"]}}],"collection":[{"href":"https:\/\/www.sainte-therese-les-cordeliers.fr\/blog-cdi-college\/wp-json\/wp\/v2\/posts"}],"about":[{"href":"https:\/\/www.sainte-therese-les-cordeliers.fr\/blog-cdi-college\/wp-json\/wp\/v2\/types\/post"}],"author":[{"embeddable":true,"href":"https:\/\/www.sainte-therese-les-cordeliers.fr\/blog-cdi-college\/wp-json\/wp\/v2\/users\/2"}],"replies":[{"embeddable":true,"href":"https:\/\/www.sainte-therese-les-cordeliers.fr\/blog-cdi-college\/wp-json\/wp\/v2\/comments?post=4504"}],"version-history":[{"count":6,"href":"https:\/\/www.sainte-therese-les-cordeliers.fr\/blog-cdi-college\/wp-json\/wp\/v2\/posts\/4504\/revisions"}],"predecessor-version":[{"id":4513,"href":"https:\/\/www.sainte-therese-les-cordeliers.fr\/blog-cdi-college\/wp-json\/wp\/v2\/posts\/4504\/revisions\/4513"}],"wp:attachment":[{"href":"https:\/\/www.sainte-therese-les-cordeliers.fr\/blog-cdi-college\/wp-json\/wp\/v2\/media?parent=4504"}],"wp:term":[{"taxonomy":"category","embeddable":true,"href":"https:\/\/www.sainte-therese-les-cordeliers.fr\/blog-cdi-college\/wp-json\/wp\/v2\/categories?post=4504"},{"taxonomy":"post_tag","embeddable":true,"href":"https:\/\/www.sainte-therese-les-cordeliers.fr\/blog-cdi-college\/wp-json\/wp\/v2\/tags?post=4504"}],"curies":[{"name":"wp","href":"https:\/\/api.w.org\/{rel}","templated":true}]}}