{"id":5574,"date":"2025-10-17T11:09:02","date_gmt":"2025-10-17T10:09:02","guid":{"rendered":"https:\/\/www.sainte-therese-les-cordeliers.fr\/blog-cdi-college\/?p=5574"},"modified":"2025-10-17T11:46:13","modified_gmt":"2025-10-17T10:46:13","slug":"finale-nationale-de-bridge-scolaire-a-nantes","status":"publish","type":"post","link":"https:\/\/www.sainte-therese-les-cordeliers.fr\/blog-cdi-college\/finale-nationale-de-bridge-scolaire-a-nantes\/","title":{"rendered":"Finale nationale de bridge scolaire \u00e0 Nantes."},"content":{"rendered":"\n\t\t<style type=\"text\/css\">\n\t\t\t#gallery-1 {\n\t\t\t\tmargin: auto;\n\t\t\t}\n\t\t\t#gallery-1 .gallery-item {\n\t\t\t\tfloat: left;\n\t\t\t\tmargin-top: 10px;\n\t\t\t\ttext-align: center;\n\t\t\t\twidth: 33%;\n\t\t\t}\n\t\t\t#gallery-1 img {\n\t\t\t\tborder: 2px solid #cfcfcf;\n\t\t\t}\n\t\t\t#gallery-1 .gallery-caption {\n\t\t\t\tmargin-left: 0;\n\t\t\t}\n\t\t\t\/* see gallery_shortcode() in wp-includes\/media.php *\/\n\t\t<\/style>\n\t\t<div id='gallery-1' class='gallery galleryid-5574 gallery-columns-3 gallery-size-thumbnail'><dl class='gallery-item'>\n\t\t\t<dt class='gallery-icon portrait'>\n\t\t\t\t<a data-rel=\"iLightbox[postimages]\" data-title=\"00001\" data-caption=\"Augustin et Julien\" href='https:\/\/www.sainte-therese-les-cordeliers.fr\/blog-cdi-college\/finale-nationale-de-bridge-scolaire-a-nantes\/00001-2\/'><img decoding=\"async\" width=\"150\" height=\"150\" src=\"https:\/\/www.sainte-therese-les-cordeliers.fr\/blog-cdi-college\/wp-content\/uploads\/sites\/2\/2025\/10\/00001-1-150x150.png\" class=\"attachment-thumbnail size-thumbnail\" alt=\"\" aria-describedby=\"gallery-1-5581\" srcset=\"https:\/\/www.sainte-therese-les-cordeliers.fr\/blog-cdi-college\/wp-content\/uploads\/sites\/2\/2025\/10\/00001-1-66x66.png 66w, https:\/\/www.sainte-therese-les-cordeliers.fr\/blog-cdi-college\/wp-content\/uploads\/sites\/2\/2025\/10\/00001-1-150x150.png 150w\" sizes=\"(max-width: 150px) 100vw, 150px\" \/><\/a>\n\t\t\t<\/dt>\n\t\t\t\t<dd class='wp-caption-text gallery-caption' id='gallery-1-5581'>\n\t\t\t\tAugustin et Julien\n\t\t\t\t<\/dd><\/dl><dl class='gallery-item'>\n\t\t\t<dt class='gallery-icon portrait'>\n\t\t\t\t<a data-rel=\"iLightbox[postimages]\" data-title=\"222222\" data-caption=\"Romane et Albane\" href='https:\/\/www.sainte-therese-les-cordeliers.fr\/blog-cdi-college\/finale-nationale-de-bridge-scolaire-a-nantes\/attachment\/222222\/'><img decoding=\"async\" width=\"150\" height=\"150\" src=\"https:\/\/www.sainte-therese-les-cordeliers.fr\/blog-cdi-college\/wp-content\/uploads\/sites\/2\/2025\/10\/222222-150x150.png\" class=\"attachment-thumbnail size-thumbnail\" alt=\"\" aria-describedby=\"gallery-1-5582\" srcset=\"https:\/\/www.sainte-therese-les-cordeliers.fr\/blog-cdi-college\/wp-content\/uploads\/sites\/2\/2025\/10\/222222-66x66.png 66w, https:\/\/www.sainte-therese-les-cordeliers.fr\/blog-cdi-college\/wp-content\/uploads\/sites\/2\/2025\/10\/222222-150x150.png 150w\" sizes=\"(max-width: 150px) 100vw, 150px\" \/><\/a>\n\t\t\t<\/dt>\n\t\t\t\t<dd class='wp-caption-text gallery-caption' id='gallery-1-5582'>\n\t\t\t\tRomane et Albane\n\t\t\t\t<\/dd><\/dl><dl class='gallery-item'>\n\t\t\t<dt class='gallery-icon landscape'>\n\t\t\t\t<a data-rel=\"iLightbox[postimages]\" data-title=\"Capture d\u2019\u00e9cran 2025-10-17 120445\" data-caption=\"Moment de repos et de grignotage\" href='https:\/\/www.sainte-therese-les-cordeliers.fr\/blog-cdi-college\/finale-nationale-de-bridge-scolaire-a-nantes\/capture-decran-2025-10-17-120445\/'><img decoding=\"async\" width=\"150\" height=\"150\" src=\"https:\/\/www.sainte-therese-les-cordeliers.fr\/blog-cdi-college\/wp-content\/uploads\/sites\/2\/2025\/10\/Capture-decran-2025-10-17-120445-150x150.jpg\" class=\"attachment-thumbnail size-thumbnail\" alt=\"\" aria-describedby=\"gallery-1-5583\" srcset=\"https:\/\/www.sainte-therese-les-cordeliers.fr\/blog-cdi-college\/wp-content\/uploads\/sites\/2\/2025\/10\/Capture-decran-2025-10-17-120445-66x66.jpg 66w, https:\/\/www.sainte-therese-les-cordeliers.fr\/blog-cdi-college\/wp-content\/uploads\/sites\/2\/2025\/10\/Capture-decran-2025-10-17-120445-150x150.jpg 150w\" sizes=\"(max-width: 150px) 100vw, 150px\" \/><\/a>\n\t\t\t<\/dt>\n\t\t\t\t<dd class='wp-caption-text gallery-caption' id='gallery-1-5583'>\n\t\t\t\tMoment de repos et de grignotage\n\t\t\t\t<\/dd><\/dl><br style=\"clear: both\" \/><dl class='gallery-item'>\n\t\t\t<dt class='gallery-icon landscape'>\n\t\t\t\t<a data-rel=\"iLightbox[postimages]\" data-title=\"Capture d\u2019\u00e9cran 2025-10-17 120352\" data-caption=\"Les tables de jeux remplissaient la salle\" href='https:\/\/www.sainte-therese-les-cordeliers.fr\/blog-cdi-college\/finale-nationale-de-bridge-scolaire-a-nantes\/capture-decran-2025-10-17-120352\/'><img decoding=\"async\" width=\"150\" height=\"150\" src=\"https:\/\/www.sainte-therese-les-cordeliers.fr\/blog-cdi-college\/wp-content\/uploads\/sites\/2\/2025\/10\/Capture-decran-2025-10-17-120352-150x150.jpg\" class=\"attachment-thumbnail size-thumbnail\" alt=\"\" aria-describedby=\"gallery-1-5584\" srcset=\"https:\/\/www.sainte-therese-les-cordeliers.fr\/blog-cdi-college\/wp-content\/uploads\/sites\/2\/2025\/10\/Capture-decran-2025-10-17-120352-66x66.jpg 66w, https:\/\/www.sainte-therese-les-cordeliers.fr\/blog-cdi-college\/wp-content\/uploads\/sites\/2\/2025\/10\/Capture-decran-2025-10-17-120352-150x150.jpg 150w\" sizes=\"(max-width: 150px) 100vw, 150px\" \/><\/a>\n\t\t\t<\/dt>\n\t\t\t\t<dd class='wp-caption-text gallery-caption' id='gallery-1-5584'>\n\t\t\t\tLes tables de jeux remplissaient la salle\n\t\t\t\t<\/dd><\/dl><dl class='gallery-item'>\n\t\t\t<dt class='gallery-icon landscape'>\n\t\t\t\t<a data-rel=\"iLightbox[postimages]\" data-title=\"photo groupe\" data-caption=\"Tous les participants regroup\u00e9s\" href='https:\/\/www.sainte-therese-les-cordeliers.fr\/blog-cdi-college\/finale-nationale-de-bridge-scolaire-a-nantes\/photo-groupe-2\/'><img decoding=\"async\" width=\"150\" height=\"150\" src=\"https:\/\/www.sainte-therese-les-cordeliers.fr\/blog-cdi-college\/wp-content\/uploads\/sites\/2\/2025\/10\/photo-groupe-1-150x150.jpg\" class=\"attachment-thumbnail size-thumbnail\" alt=\"\" aria-describedby=\"gallery-1-5595\" srcset=\"https:\/\/www.sainte-therese-les-cordeliers.fr\/blog-cdi-college\/wp-content\/uploads\/sites\/2\/2025\/10\/photo-groupe-1-66x66.jpg 66w, https:\/\/www.sainte-therese-les-cordeliers.fr\/blog-cdi-college\/wp-content\/uploads\/sites\/2\/2025\/10\/photo-groupe-1-150x150.jpg 150w\" sizes=\"(max-width: 150px) 100vw, 150px\" \/><\/a>\n\t\t\t<\/dt>\n\t\t\t\t<dd class='wp-caption-text gallery-caption' id='gallery-1-5595'>\n\t\t\t\tTous les participants regroup\u00e9s\n\t\t\t\t<\/dd><\/dl><dl class='gallery-item'>\n\t\t\t<dt class='gallery-icon landscape'>\n\t\t\t\t<a data-rel=\"iLightbox[postimages]\" data-title=\"Capture d&rsquo;\u00e9cran 2025-10-17 122215\" data-caption=\"Devant le pont Tabarly\" href='https:\/\/www.sainte-therese-les-cordeliers.fr\/blog-cdi-college\/finale-nationale-de-bridge-scolaire-a-nantes\/capture-decran-2025-10-17-122215\/'><img decoding=\"async\" width=\"150\" height=\"150\" src=\"https:\/\/www.sainte-therese-les-cordeliers.fr\/blog-cdi-college\/wp-content\/uploads\/sites\/2\/2025\/10\/Capture-decran-2025-10-17-122215-150x150.jpg\" class=\"attachment-thumbnail size-thumbnail\" alt=\"\" aria-describedby=\"gallery-1-5598\" srcset=\"https:\/\/www.sainte-therese-les-cordeliers.fr\/blog-cdi-college\/wp-content\/uploads\/sites\/2\/2025\/10\/Capture-decran-2025-10-17-122215-66x66.jpg 66w, https:\/\/www.sainte-therese-les-cordeliers.fr\/blog-cdi-college\/wp-content\/uploads\/sites\/2\/2025\/10\/Capture-decran-2025-10-17-122215-150x150.jpg 150w\" sizes=\"(max-width: 150px) 100vw, 150px\" \/><\/a>\n\t\t\t<\/dt>\n\t\t\t\t<dd class='wp-caption-text gallery-caption' id='gallery-1-5598'>\n\t\t\t\tDevant le pont Tabarly\n\t\t\t\t<\/dd><\/dl><br style=\"clear: both\" \/>\n\t\t<\/div>\n\n<p class=\"cvGsUA direction-ltr align-center para-style-body\"><span class=\"a_GcMg font-feature-liga-off font-feature-clig-off font-feature-calt-off text-decoration-none text-strikethrough-none\">La finale nationale du bridge jeunesse s\u2019est tenue \u00e0 Nantes les 7 et 8 juin 2025, rassemblant 376 jeunes joueurs venus de toute la France.<br \/>\n<\/span><span class=\"a_GcMg font-feature-liga-off font-feature-clig-off font-feature-calt-off text-decoration-none text-strikethrough-none\">Parmi eux, 17 jeunes Auvergnats, s\u00e9lectionn\u00e9s pour repr\u00e9senter fi\u00e8rement notre r\u00e9gion, ont pris part \u00e0 cet \u00e9v\u00e9nement majeur.<br \/>\n<\/span><span class=\"a_GcMg font-feature-liga-off font-feature-clig-off font-feature-calt-off text-decoration-none text-strikethrough-none\">Le d\u00e9part, tr\u00e8s matinal, a eu lieu samedi \u00e0 l\u2019aube depuis la place de Jaude \u00e0 Clermont-Ferrand. Certains ont quitt\u00e9 la Haute-Loire d\u00e8s 4 heures du matin, mais malgr\u00e9 cette heure inhabituelle, le trajet en autocar s\u2019est d\u00e9roul\u00e9 dans un calme remarquable, laissant pr\u00e9sager une concentration exemplaire lors des \u00e9preuves \u00e0 venir\u2026 ou une certaine fatigue, on ne le saura jamais !<br \/>\n<\/span><span class=\"a_GcMg font-feature-liga-off font-feature-clig-off font-feature-calt-off text-decoration-none text-strikethrough-none\">L\u2019ambiance \u00e0 bord \u00e9tait sereine et joyeuse, mais anim\u00e9e d\u2019une impatience contenue\u2026les jeunes joueurs \u00e9tant visiblement pr\u00eats \u00e0 relever le d\u00e9fi.<br \/>\n<\/span><span class=\"a_GcMg font-feature-liga-off font-feature-clig-off font-feature-calt-off text-decoration-none text-strikethrough-none\">\u00c0 l\u2019arriv\u00e9e \u00e0 Nantes, le comit\u00e9 d\u2019Anjou nous a accueillis chaleureusement \u00e0 l\u2019H\u00f4tel de R\u00e9gion. L\u2019organisation sur place a \u00e9t\u00e9 remarquable, avec une logistique bien rod\u00e9e qui a permis un d\u00e9roulement fluide des tournois et une gestion sans accroc de tous les aspects pratiques.<br \/>\n<\/span><span class=\"a_GcMg font-feature-liga-off font-feature-clig-off font-feature-calt-off text-decoration-none text-strikethrough-none\">Les jeunes ont ainsi pu se concentrer pleinement sur leur jeu.<br \/>\n<\/span><span class=\"a_GcMg font-feature-liga-off font-feature-clig-off font-feature-calt-off text-decoration-none text-strikethrough-none\">Sur deux jours, trois tournois intenses ont rythm\u00e9 la comp\u00e9tition. La qualit\u00e9 du jeu et la passion \u00e9taient palpables, chaque participant donnant le meilleur de lui-m\u00eame dans une atmosph\u00e8re \u00e0 la fois conviviale et comp\u00e9titive. Les \u00e9quipes ont fait preuve de pers\u00e9v\u00e9rance, de strat\u00e9gie et d\u2019une grande ma\u00eetrise technique, d\u00e9montrant l\u2019excellence de la formation au bridge dans les \u00e9coles et clubs\u2026 BRAVO \u00e0 nos initiateurs !<\/span><\/p>\n<p class=\"cvGsUA direction-ltr align-justify para-style-body\"><span class=\"a_GcMg font-feature-liga-off font-feature-clig-off font-feature-calt-off text-decoration-none text-strikethrough-none\">La soir\u00e9e a \u00e9t\u00e9 anim\u00e9e par un film-culte :<em> E.T l\u2019Extra-Terrestre<\/em> de Spielberg, datant de 1982 !<\/span><\/p>\n<p class=\"cvGsUA direction-ltr align-justify para-style-body\"><span class=\"a_GcMg font-feature-liga-off font-feature-clig-off font-feature-calt-off text-decoration-none text-strikethrough-none\">La nuit dans une auberge de jeunesse flambant neuve, a \u00e9t\u00e9 d\u00e9licieuse pour tous : jeunes bridgeurs et accompagnateurs : Armelle Verdier, Joseph Matjasec et votre D\u00e9l\u00e9gu\u00e9e Jeunesse :\u00a0<\/span><span class=\"a_GcMg font-feature-liga-off font-feature-clig-off font-feature-calt-off text-decoration-none text-strikethrough-none\">B\u00e9atrice Chopineau<\/span><\/p>\n<p class=\"cvGsUA direction-ltr align-justify para-style-body\"><span class=\"a_GcMg font-feature-liga-off font-feature-clig-off font-feature-calt-off text-decoration-none text-strikethrough-none\">Cette finale nationale a \u00e9t\u00e9 bien plus qu\u2019une simple comp\u00e9tition: elle a \u00e9t\u00e9 une v\u00e9ritable exp\u00e9rience humaine, riche en rencontres et en \u00e9changes. Elle a permis \u00e0 ces jeunes passionn\u00e9s de partager leur amour du bridge, de se mesurer \u00e0 leurs pairs dans un cadre stimulant, et de vivre des moments forts en \u00e9motions.<br \/>\n<\/span><span class=\"a_GcMg font-feature-liga-off font-feature-clig-off font-feature-calt-off text-decoration-none text-strikethrough-none\">Au terme de ces deux jours, chacun est reparti avec des souvenirs pr\u00e9cieux, renforc\u00e9 dans sa passion et motiv\u00e9 \u00e0 poursuivre la pratique de ce jeu d\u2019esprit. Le comit\u00e9 d\u2019Anjou, ainsi que tous les organisateurs, peuvent \u00eatre fiers d\u2019avoir contribu\u00e9 \u00e0 faire de cet \u00e9v\u00e9nement une r\u00e9ussite.<\/span><\/p>\n<p class=\"cvGsUA direction-ltr align-center para-style-body\"><span class=\"a_GcMg font-feature-liga-off font-feature-clig-off font-feature-calt-off text-decoration-none text-strikethrough-none\"><strong>Voici les r\u00e9sultats :<\/strong><br \/>\n<\/span><span class=\"a_GcMg font-feature-liga-off font-feature-clig-off font-feature-calt-off text-decoration-none text-strikethrough-none\">1\u00b0 ann\u00e9e : 60 paires<br \/>\n<\/span><span class=\"a_GcMg font-feature-liga-off font-feature-clig-off font-feature-calt-off text-decoration-none text-strikethrough-none\">Albane Gautier et Romane Neyrial 17\u00b0 avec 54.90%<br \/>\n<\/span><span class=\"a_GcMg font-feature-liga-off font-feature-clig-off font-feature-calt-off text-decoration-none text-strikethrough-none\">Gabriel Bazin et Jules Cassin 23\u00b0 avec 52.97%<br \/>\n<\/span><span class=\"a_GcMg font-feature-liga-off font-feature-clig-off font-feature-calt-off text-decoration-none text-strikethrough-none\">Amine Arab et Sacha Duclaut 29\u00b0 avec 50.97%<br \/>\n<\/span><span class=\"a_GcMg font-feature-liga-off font-feature-clig-off font-feature-calt-off text-decoration-none text-strikethrough-none\">Mae Garnier et Calem Laffont 31\u00b0 avec 49.79%<\/span><\/p>\n<p class=\"cvGsUA direction-ltr align-center para-style-body\"><span class=\"a_GcMg font-feature-liga-off font-feature-clig-off font-feature-calt-off text-decoration-none text-strikethrough-none\">2\u00b0 ann\u00e9e : 24 paires<br \/>\n<\/span><span class=\"a_GcMg font-feature-liga-off font-feature-clig-off font-feature-calt-off text-decoration-none text-strikethrough-none\">Augustin de Clavi\u00e8res et Julien Marcos 7\u00b0 avec 55.56%<br \/>\n<\/span><span class=\"a_GcMg font-feature-liga-off font-feature-clig-off font-feature-calt-off text-decoration-none text-strikethrough-none\">Hadrien Guerard et Jules Mazade 10\u00b0 avec 51.85%<\/span><\/p>\n<p class=\"cvGsUA direction-ltr align-center para-style-body\"><span class=\"a_GcMg font-feature-liga-off font-feature-clig-off font-feature-calt-off text-decoration-none text-strikethrough-none\">Cadets : 25 paires<br \/>\n<\/span><span class=\"a_GcMg font-feature-liga-off font-feature-clig-off font-feature-calt-off text-decoration-none text-strikethrough-none\">Victor Aiguebonne et Thomas Ravel 18\u00b0 avec 46.80%<br \/>\n<\/span><span class=\"a_GcMg font-feature-liga-off font-feature-clig-off font-feature-calt-off text-decoration-none text-strikethrough-none\">Roxane Choquet et Alicia Coupat 23\u00b0 avec 41.30+<\/span><\/p>\n<p class=\"cvGsUA direction-ltr align-center para-style-body\"><span class=\"a_GcMg font-feature-liga-off font-feature-clig-off font-feature-calt-off text-decoration-none text-strikethrough-none\">\u00c9quipe de France \u00c9lite<br \/>\n<\/span><span class=\"a_GcMg font-feature-liga-off font-feature-clig-off font-feature-calt-off text-decoration-none text-strikethrough-none\">Robin Farissier 8\u00b0 avec 50.90% <\/span><\/p>\n","protected":false},"excerpt":{"rendered":"<p>La finale nationale du bridge jeunesse s\u2019est tenue \u00e0 Nantes les 7 et 8 juin 2025, rassemblant 376 jeunes joueurs venus de toute la France. Parmi eux, 17 jeunes Auvergnats, s\u00e9lectionn\u00e9s pour repr\u00e9senter fi\u00e8rement notre r\u00e9gion, ont pris part \u00e0 cet \u00e9v\u00e9nement majeur. Le d\u00e9part, tr\u00e8s matinal, a eu lieu samedi \u00e0 l\u2019aube depuis la <a href=\"https:\/\/www.sainte-therese-les-cordeliers.fr\/blog-cdi-college\/finale-nationale-de-bridge-scolaire-a-nantes\/\"> [&#8230;]<\/a><\/p>\n","protected":false},"author":2,"featured_media":0,"comment_status":"closed","ping_status":"closed","sticky":false,"template":"","format":"standard","meta":{"om_disable_all_campaigns":false,"footnotes":""},"categories":[90],"tags":[],"class_list":["post-5574","post","type-post","status-publish","format-standard","hentry","category-actualites-du-college"],"aioseo_notices":[],"_links":{"self":[{"href":"https:\/\/www.sainte-therese-les-cordeliers.fr\/blog-cdi-college\/wp-json\/wp\/v2\/posts\/5574","targetHints":{"allow":["GET"]}}],"collection":[{"href":"https:\/\/www.sainte-therese-les-cordeliers.fr\/blog-cdi-college\/wp-json\/wp\/v2\/posts"}],"about":[{"href":"https:\/\/www.sainte-therese-les-cordeliers.fr\/blog-cdi-college\/wp-json\/wp\/v2\/types\/post"}],"author":[{"embeddable":true,"href":"https:\/\/www.sainte-therese-les-cordeliers.fr\/blog-cdi-college\/wp-json\/wp\/v2\/users\/2"}],"replies":[{"embeddable":true,"href":"https:\/\/www.sainte-therese-les-cordeliers.fr\/blog-cdi-college\/wp-json\/wp\/v2\/comments?post=5574"}],"version-history":[{"count":9,"href":"https:\/\/www.sainte-therese-les-cordeliers.fr\/blog-cdi-college\/wp-json\/wp\/v2\/posts\/5574\/revisions"}],"predecessor-version":[{"id":5600,"href":"https:\/\/www.sainte-therese-les-cordeliers.fr\/blog-cdi-college\/wp-json\/wp\/v2\/posts\/5574\/revisions\/5600"}],"wp:attachment":[{"href":"https:\/\/www.sainte-therese-les-cordeliers.fr\/blog-cdi-college\/wp-json\/wp\/v2\/media?parent=5574"}],"wp:term":[{"taxonomy":"category","embeddable":true,"href":"https:\/\/www.sainte-therese-les-cordeliers.fr\/blog-cdi-college\/wp-json\/wp\/v2\/categories?post=5574"},{"taxonomy":"post_tag","embeddable":true,"href":"https:\/\/www.sainte-therese-les-cordeliers.fr\/blog-cdi-college\/wp-json\/wp\/v2\/tags?post=5574"}],"curies":[{"name":"wp","href":"https:\/\/api.w.org\/{rel}","templated":true}]}}