{"id":70,"date":"2008-03-17T09:28:26","date_gmt":"2008-03-17T07:28:26","guid":{"rendered":"http:\/\/sainte-therese-les-cordeliers.fr\/blog\/cdi\/?p=70"},"modified":"2013-04-04T11:23:18","modified_gmt":"2013-04-04T10:23:18","slug":"le-temps-des-cerises","status":"publish","type":"post","link":"https:\/\/www.sainte-therese-les-cordeliers.fr\/blog-cdi-college\/le-temps-des-cerises\/","title":{"rendered":"le temps des cerises"},"content":{"rendered":"<p style=\"text-align: center\">Le temps des cerises<br \/>\n Quand nous chanterons le temps des cerises,<br \/>\nEt gai rossignol et merle moqueur<br \/>\n             Seront tous en f\u00eate ;<br \/>\nLes belles auront la jolie en t\u00eate<br \/>\nEt les amoureux du soleil au c\u0153ur \u2026.<br \/>\nQuand nous chanterons le temps des cerises,<br \/>\nSifflera bien mieux le merle moqueur.<\/p>\n<p>Mais il est bien court, le temps des cerises,<br \/>\nOu l\u2019on s\u2019en va deux cueillir en r\u00eavant<br \/>\nDes pendants d\u2019oreilles !<br \/>\nCerises d\u2019amour, aux robes pareilles,<br \/>\nTombant   sous la feuille en gouttes de sang !&#8230;<br \/>\nMais il est bien court le temps des cerises,<br \/>\nPendants de corail qu\u2019on cueille en r\u00eavant !<\/p>\n<p> Texte choisi par M\u00e9lanie<\/p>\n","protected":false},"excerpt":{"rendered":"<p>Le temps des cerises Quand nous chanterons le temps des cerises, Et gai rossignol et merle moqueur Seront tous en f\u00eate ; Les belles auront la jolie en t\u00eate Et les amoureux du soleil au c\u0153ur \u2026. Quand nous chanterons le temps des cerises, Sifflera bien mieux le merle moqueur. Mais il est bien court, <a href=\"https:\/\/www.sainte-therese-les-cordeliers.fr\/blog-cdi-college\/le-temps-des-cerises\/\"> [&#8230;]<\/a><\/p>\n","protected":false},"author":2,"featured_media":0,"comment_status":"closed","ping_status":"open","sticky":false,"template":"","format":"standard","meta":{"om_disable_all_campaigns":false,"footnotes":""},"categories":[27],"tags":[],"class_list":["post-70","post","type-post","status-publish","format-standard","hentry","category-printemps-des-poetes"],"aioseo_notices":[],"_links":{"self":[{"href":"https:\/\/www.sainte-therese-les-cordeliers.fr\/blog-cdi-college\/wp-json\/wp\/v2\/posts\/70","targetHints":{"allow":["GET"]}}],"collection":[{"href":"https:\/\/www.sainte-therese-les-cordeliers.fr\/blog-cdi-college\/wp-json\/wp\/v2\/posts"}],"about":[{"href":"https:\/\/www.sainte-therese-les-cordeliers.fr\/blog-cdi-college\/wp-json\/wp\/v2\/types\/post"}],"author":[{"embeddable":true,"href":"https:\/\/www.sainte-therese-les-cordeliers.fr\/blog-cdi-college\/wp-json\/wp\/v2\/users\/2"}],"replies":[{"embeddable":true,"href":"https:\/\/www.sainte-therese-les-cordeliers.fr\/blog-cdi-college\/wp-json\/wp\/v2\/comments?post=70"}],"version-history":[{"count":0,"href":"https:\/\/www.sainte-therese-les-cordeliers.fr\/blog-cdi-college\/wp-json\/wp\/v2\/posts\/70\/revisions"}],"wp:attachment":[{"href":"https:\/\/www.sainte-therese-les-cordeliers.fr\/blog-cdi-college\/wp-json\/wp\/v2\/media?parent=70"}],"wp:term":[{"taxonomy":"category","embeddable":true,"href":"https:\/\/www.sainte-therese-les-cordeliers.fr\/blog-cdi-college\/wp-json\/wp\/v2\/categories?post=70"},{"taxonomy":"post_tag","embeddable":true,"href":"https:\/\/www.sainte-therese-les-cordeliers.fr\/blog-cdi-college\/wp-json\/wp\/v2\/tags?post=70"}],"curies":[{"name":"wp","href":"https:\/\/api.w.org\/{rel}","templated":true}]}}