{"id":916,"date":"2011-02-03T18:08:13","date_gmt":"2011-02-03T16:08:13","guid":{"rendered":"http:\/\/sainte-therese-les-cordeliers.fr\/blog\/cdi\/?p=916"},"modified":"2013-04-04T11:21:00","modified_gmt":"2013-04-04T10:21:00","slug":"la-boum-2","status":"publish","type":"post","link":"https:\/\/www.sainte-therese-les-cordeliers.fr\/blog-cdi-college\/la-boum-2\/","title":{"rendered":"La boum 2"},"content":{"rendered":"<p><em>La boum 2<\/em> est la suite de <em>La boum<\/em>. C\u2019est un nouvel \u00e9pisode qui se d\u00e9roule deux ans plus tard. Vic n\u2019a plus 13 ans mais 15 ans et demi. Elle rentre maintenant en seconde. Un jour, dans le train, en discutant avec sa grand-m\u00e8re, elle se plaint que cela fait plus d\u2019un an qu\u2019elle n\u2019est pas tomb\u00e9e amoureuse. A la caf\u00e9t\u00e9ria, elle \u00e9change malencontreusement son passeport avec un gar\u00e7on de 18 ans nomm\u00e9 Philippe dont elle va vite tomber amoureuse&#8230; Si on a aim\u00e9 le premier \u00e9pisode on aimera le second.<\/p>\n<p>Adrien 6\u00e8me<\/p>\n","protected":false},"excerpt":{"rendered":"<p>La boum 2 est la suite de La boum. C\u2019est un nouvel \u00e9pisode qui se d\u00e9roule deux ans plus tard. Vic n\u2019a plus 13 ans mais 15 ans et demi. Elle rentre maintenant en seconde. Un jour, dans le train, en discutant avec sa grand-m\u00e8re, elle se plaint que cela fait plus d\u2019un an qu\u2019elle <a href=\"https:\/\/www.sainte-therese-les-cordeliers.fr\/blog-cdi-college\/la-boum-2\/\"> [&#8230;]<\/a><\/p>\n","protected":false},"author":2,"featured_media":0,"comment_status":"closed","ping_status":"open","sticky":false,"template":"","format":"standard","meta":{"om_disable_all_campaigns":false,"footnotes":""},"categories":[5],"tags":[],"class_list":["post-916","post","type-post","status-publish","format-standard","hentry","category-cinema"],"aioseo_notices":[],"_links":{"self":[{"href":"https:\/\/www.sainte-therese-les-cordeliers.fr\/blog-cdi-college\/wp-json\/wp\/v2\/posts\/916","targetHints":{"allow":["GET"]}}],"collection":[{"href":"https:\/\/www.sainte-therese-les-cordeliers.fr\/blog-cdi-college\/wp-json\/wp\/v2\/posts"}],"about":[{"href":"https:\/\/www.sainte-therese-les-cordeliers.fr\/blog-cdi-college\/wp-json\/wp\/v2\/types\/post"}],"author":[{"embeddable":true,"href":"https:\/\/www.sainte-therese-les-cordeliers.fr\/blog-cdi-college\/wp-json\/wp\/v2\/users\/2"}],"replies":[{"embeddable":true,"href":"https:\/\/www.sainte-therese-les-cordeliers.fr\/blog-cdi-college\/wp-json\/wp\/v2\/comments?post=916"}],"version-history":[{"count":0,"href":"https:\/\/www.sainte-therese-les-cordeliers.fr\/blog-cdi-college\/wp-json\/wp\/v2\/posts\/916\/revisions"}],"wp:attachment":[{"href":"https:\/\/www.sainte-therese-les-cordeliers.fr\/blog-cdi-college\/wp-json\/wp\/v2\/media?parent=916"}],"wp:term":[{"taxonomy":"category","embeddable":true,"href":"https:\/\/www.sainte-therese-les-cordeliers.fr\/blog-cdi-college\/wp-json\/wp\/v2\/categories?post=916"},{"taxonomy":"post_tag","embeddable":true,"href":"https:\/\/www.sainte-therese-les-cordeliers.fr\/blog-cdi-college\/wp-json\/wp\/v2\/tags?post=916"}],"curies":[{"name":"wp","href":"https:\/\/api.w.org\/{rel}","templated":true}]}}