{"id":94,"date":"2008-09-04T09:39:06","date_gmt":"2008-09-04T07:39:06","guid":{"rendered":"http:\/\/sainte-therese-les-cordeliers.fr\/blog\/cdi\/?p=94"},"modified":"2013-04-04T11:22:59","modified_gmt":"2013-04-04T10:22:59","slug":"exposition-ricard-de-montferrand-place-de-la-victoire","status":"publish","type":"post","link":"https:\/\/www.sainte-therese-les-cordeliers.fr\/blog-cdi-college\/exposition-ricard-de-montferrand-place-de-la-victoire\/","title":{"rendered":"Exposition Ricard de Montferrand place de la Victoire"},"content":{"rendered":"<p style=\"text-align: center\"><img decoding=\"async\" class=\"CtreTexte aligncenter\" src=\"http:\/\/idata.over-blog.com\/0\/24\/28\/79\/\/maquette-copie-1.jpg\" alt=\"\" width=\"299\" height=\"259\" \/><\/p>\n<p>Cette ann\u00e9e, les \u00e9l\u00e8ves du coll\u00e8ge vont travailler sur Ricard de Montferrand. Cet architecte m\u00e9connu a pourtant r\u00e9alis\u00e9 de magnifiques monuments \u00e0 St P\u00e9tersbourg dont la fameuse cath\u00e9drale St Isaac. Les \u00e9l\u00e8ves de 5\u00e8mes ont r\u00e9alis\u00e9 cette maquette qui est expos\u00e9e en ce moment place de la Victoire au milieu d&rsquo;une grande et magnifique exposition de photographies sur St P\u00e9tersbourg. Allez voir cette exposition avec vos parents et vos amis vous ne serez pas d\u00e9\u00e7us !!!<\/p>\n","protected":false},"excerpt":{"rendered":"<p>Cette ann\u00e9e, les \u00e9l\u00e8ves du coll\u00e8ge vont travailler sur Ricard de Montferrand. Cet architecte m\u00e9connu a pourtant r\u00e9alis\u00e9 de magnifiques monuments \u00e0 St P\u00e9tersbourg dont la fameuse cath\u00e9drale St Isaac. Les \u00e9l\u00e8ves de 5\u00e8mes ont r\u00e9alis\u00e9 cette maquette qui est expos\u00e9e en ce moment place de la Victoire au milieu d&rsquo;une grande et magnifique exposition <a href=\"https:\/\/www.sainte-therese-les-cordeliers.fr\/blog-cdi-college\/exposition-ricard-de-montferrand-place-de-la-victoire\/\"> [&#8230;]<\/a><\/p>\n","protected":false},"author":2,"featured_media":0,"comment_status":"closed","ping_status":"open","sticky":false,"template":"","format":"standard","meta":{"om_disable_all_campaigns":false,"footnotes":""},"categories":[29],"tags":[43,75],"class_list":["post-94","post","type-post","status-publish","format-standard","hentry","category-ricard-de-montferrand","tag-exposition","tag-ricard-de-montferrand"],"aioseo_notices":[],"_links":{"self":[{"href":"https:\/\/www.sainte-therese-les-cordeliers.fr\/blog-cdi-college\/wp-json\/wp\/v2\/posts\/94","targetHints":{"allow":["GET"]}}],"collection":[{"href":"https:\/\/www.sainte-therese-les-cordeliers.fr\/blog-cdi-college\/wp-json\/wp\/v2\/posts"}],"about":[{"href":"https:\/\/www.sainte-therese-les-cordeliers.fr\/blog-cdi-college\/wp-json\/wp\/v2\/types\/post"}],"author":[{"embeddable":true,"href":"https:\/\/www.sainte-therese-les-cordeliers.fr\/blog-cdi-college\/wp-json\/wp\/v2\/users\/2"}],"replies":[{"embeddable":true,"href":"https:\/\/www.sainte-therese-les-cordeliers.fr\/blog-cdi-college\/wp-json\/wp\/v2\/comments?post=94"}],"version-history":[{"count":0,"href":"https:\/\/www.sainte-therese-les-cordeliers.fr\/blog-cdi-college\/wp-json\/wp\/v2\/posts\/94\/revisions"}],"wp:attachment":[{"href":"https:\/\/www.sainte-therese-les-cordeliers.fr\/blog-cdi-college\/wp-json\/wp\/v2\/media?parent=94"}],"wp:term":[{"taxonomy":"category","embeddable":true,"href":"https:\/\/www.sainte-therese-les-cordeliers.fr\/blog-cdi-college\/wp-json\/wp\/v2\/categories?post=94"},{"taxonomy":"post_tag","embeddable":true,"href":"https:\/\/www.sainte-therese-les-cordeliers.fr\/blog-cdi-college\/wp-json\/wp\/v2\/tags?post=94"}],"curies":[{"name":"wp","href":"https:\/\/api.w.org\/{rel}","templated":true}]}}