{"id":975,"date":"2011-03-28T15:24:13","date_gmt":"2011-03-28T13:24:13","guid":{"rendered":"http:\/\/sainte-therese-les-cordeliers.fr\/blog\/cdi\/2011\/03\/28\/les-chapiteaux-de-montferrand\/"},"modified":"2013-04-04T11:21:00","modified_gmt":"2013-04-04T10:21:00","slug":"les-chapiteaux-de-montferrand","status":"publish","type":"post","link":"https:\/\/www.sainte-therese-les-cordeliers.fr\/blog-cdi-college\/les-chapiteaux-de-montferrand\/","title":{"rendered":"Les chapiteaux de Montferrand"},"content":{"rendered":"<p style=\"text-align: center\"><a href=\"https:\/\/www.sainte-therese-les-cordeliers.fr\/blog-cdi-college\/wp-content\/uploads\/sites\/2\/2013\/04\/deschapiteaux3.jpg\"><img decoding=\"async\" class=\"size-full wp-image-974  aligncenter\" title=\"des chapiteaux\" src=\"https:\/\/www.sainte-therese-les-cordeliers.fr\/blog-cdi-college\/wp-content\/uploads\/sites\/2\/2013\/04\/deschapiteaux3.jpg\" alt=\"\" width=\"317\" height=\"277\" \/><\/a><\/p>\n<p style=\"text-align: center\"><span style=\"color: #000080\">Nous avons pris des photos de chapiteaux lors de la visite de Montferrand et r\u00e9alis\u00e9 un montage \u00e0 la mani\u00e8re d&rsquo;Andy Warhol qui juxtaposait des photos d&rsquo;une m\u00eame personne (Sarah, M\u00e9lanie, Elina, 5\u00e8me Moli\u00e8re).<\/span><\/p>\n","protected":false},"excerpt":{"rendered":"<p>Nous avons pris des photos de chapiteaux lors de la visite de Montferrand et r\u00e9alis\u00e9 un montage \u00e0 la mani\u00e8re d&rsquo;Andy Warhol qui juxtaposait des photos d&rsquo;une m\u00eame personne (Sarah, M\u00e9lanie, Elina, 5\u00e8me Moli\u00e8re).<\/p>\n","protected":false},"author":2,"featured_media":0,"comment_status":"closed","ping_status":"open","sticky":false,"template":"","format":"standard","meta":{"om_disable_all_campaigns":false,"footnotes":""},"categories":[28],"tags":[],"class_list":["post-975","post","type-post","status-publish","format-standard","hentry","category-projet-federateur"],"aioseo_notices":[],"_links":{"self":[{"href":"https:\/\/www.sainte-therese-les-cordeliers.fr\/blog-cdi-college\/wp-json\/wp\/v2\/posts\/975","targetHints":{"allow":["GET"]}}],"collection":[{"href":"https:\/\/www.sainte-therese-les-cordeliers.fr\/blog-cdi-college\/wp-json\/wp\/v2\/posts"}],"about":[{"href":"https:\/\/www.sainte-therese-les-cordeliers.fr\/blog-cdi-college\/wp-json\/wp\/v2\/types\/post"}],"author":[{"embeddable":true,"href":"https:\/\/www.sainte-therese-les-cordeliers.fr\/blog-cdi-college\/wp-json\/wp\/v2\/users\/2"}],"replies":[{"embeddable":true,"href":"https:\/\/www.sainte-therese-les-cordeliers.fr\/blog-cdi-college\/wp-json\/wp\/v2\/comments?post=975"}],"version-history":[{"count":0,"href":"https:\/\/www.sainte-therese-les-cordeliers.fr\/blog-cdi-college\/wp-json\/wp\/v2\/posts\/975\/revisions"}],"wp:attachment":[{"href":"https:\/\/www.sainte-therese-les-cordeliers.fr\/blog-cdi-college\/wp-json\/wp\/v2\/media?parent=975"}],"wp:term":[{"taxonomy":"category","embeddable":true,"href":"https:\/\/www.sainte-therese-les-cordeliers.fr\/blog-cdi-college\/wp-json\/wp\/v2\/categories?post=975"},{"taxonomy":"post_tag","embeddable":true,"href":"https:\/\/www.sainte-therese-les-cordeliers.fr\/blog-cdi-college\/wp-json\/wp\/v2\/tags?post=975"}],"curies":[{"name":"wp","href":"https:\/\/api.w.org\/{rel}","templated":true}]}}