{"id":1043,"date":"2016-05-10T16:04:33","date_gmt":"2016-05-10T15:04:33","guid":{"rendered":"https:\/\/www.sainte-therese-les-cordeliers.fr\/blog-cdi-lp\/?p=1043"},"modified":"2016-05-11T08:35:39","modified_gmt":"2016-05-11T07:35:39","slug":"voyage-culturel-et-solidarite","status":"publish","type":"post","link":"https:\/\/www.sainte-therese-les-cordeliers.fr\/blog-cdi-lp\/voyage-culturel-et-solidarite\/","title":{"rendered":"Voyage culturel et solidarit\u00e9"},"content":{"rendered":"<p>Cette ann\u00e9e, d\u00e9but avril, les \u00e9l\u00e8ves de premi\u00e8re ont r\u00e9alis\u00e9 un voyage \u00e0 <span style=\"color: #993366\">Prague<\/span>, en R\u00e9publique tch\u00e8que. C&rsquo;est avec une certaine \u00e9motion que celles de 1\u00e8re ASSP ont pu rencontrer les enfants d&rsquo;un foyer d&rsquo;accueil d&rsquo;urgence de l&rsquo;Aide Sociale \u00e0 l&rsquo;Enfance.<\/p>\n<p><a href=\"https:\/\/www.sainte-therese-les-cordeliers.fr\/blog-cdi-lp\/wp-content\/uploads\/sites\/3\/2016\/05\/DSC02438-1.jpg\"><img decoding=\"async\" class=\"alignleft wp-image-1044\" src=\"https:\/\/www.sainte-therese-les-cordeliers.fr\/blog-cdi-lp\/wp-content\/uploads\/sites\/3\/2016\/05\/DSC02438-1.jpg\" alt=\"DSC02438-1\" width=\"249\" height=\"187\" srcset=\"https:\/\/www.sainte-therese-les-cordeliers.fr\/blog-cdi-lp\/wp-content\/uploads\/sites\/3\/2016\/05\/DSC02438-1-200x150.jpg 200w, https:\/\/www.sainte-therese-les-cordeliers.fr\/blog-cdi-lp\/wp-content\/uploads\/sites\/3\/2016\/05\/DSC02438-1-300x225.jpg 300w, https:\/\/www.sainte-therese-les-cordeliers.fr\/blog-cdi-lp\/wp-content\/uploads\/sites\/3\/2016\/05\/DSC02438-1-400x300.jpg 400w, https:\/\/www.sainte-therese-les-cordeliers.fr\/blog-cdi-lp\/wp-content\/uploads\/sites\/3\/2016\/05\/DSC02438-1-600x450.jpg 600w, https:\/\/www.sainte-therese-les-cordeliers.fr\/blog-cdi-lp\/wp-content\/uploads\/sites\/3\/2016\/05\/DSC02438-1-768x576.jpg 768w, https:\/\/www.sainte-therese-les-cordeliers.fr\/blog-cdi-lp\/wp-content\/uploads\/sites\/3\/2016\/05\/DSC02438-1-800x600.jpg 800w, https:\/\/www.sainte-therese-les-cordeliers.fr\/blog-cdi-lp\/wp-content\/uploads\/sites\/3\/2016\/05\/DSC02438-1-1200x900.jpg 1200w, https:\/\/www.sainte-therese-les-cordeliers.fr\/blog-cdi-lp\/wp-content\/uploads\/sites\/3\/2016\/05\/DSC02438-1.jpg 2592w\" sizes=\"(max-width: 249px) 100vw, 249px\" \/><\/a><a href=\"https:\/\/www.sainte-therese-les-cordeliers.fr\/blog-cdi-lp\/wp-content\/uploads\/sites\/3\/2016\/05\/r\u00e9p-tch.jpg\"><img decoding=\"async\" class=\"alignleft wp-image-1049\" src=\"https:\/\/www.sainte-therese-les-cordeliers.fr\/blog-cdi-lp\/wp-content\/uploads\/sites\/3\/2016\/05\/r\u00e9p-tch.jpg\" alt=\"r\u00e9p tch\" width=\"104\" height=\"69\" srcset=\"https:\/\/www.sainte-therese-les-cordeliers.fr\/blog-cdi-lp\/wp-content\/uploads\/sites\/3\/2016\/05\/r\u00e9p-tch-200x133.jpg 200w, https:\/\/www.sainte-therese-les-cordeliers.fr\/blog-cdi-lp\/wp-content\/uploads\/sites\/3\/2016\/05\/r\u00e9p-tch-300x200.jpg 300w, https:\/\/www.sainte-therese-les-cordeliers.fr\/blog-cdi-lp\/wp-content\/uploads\/sites\/3\/2016\/05\/r\u00e9p-tch-400x267.jpg 400w, https:\/\/www.sainte-therese-les-cordeliers.fr\/blog-cdi-lp\/wp-content\/uploads\/sites\/3\/2016\/05\/r\u00e9p-tch-600x400.jpg 600w, https:\/\/www.sainte-therese-les-cordeliers.fr\/blog-cdi-lp\/wp-content\/uploads\/sites\/3\/2016\/05\/r\u00e9p-tch-768x512.jpg 768w, https:\/\/www.sainte-therese-les-cordeliers.fr\/blog-cdi-lp\/wp-content\/uploads\/sites\/3\/2016\/05\/r\u00e9p-tch-800x533.jpg 800w, https:\/\/www.sainte-therese-les-cordeliers.fr\/blog-cdi-lp\/wp-content\/uploads\/sites\/3\/2016\/05\/r\u00e9p-tch-1200x800.jpg 1200w, https:\/\/www.sainte-therese-les-cordeliers.fr\/blog-cdi-lp\/wp-content\/uploads\/sites\/3\/2016\/05\/r\u00e9p-tch.jpg 3000w\" sizes=\"(max-width: 104px) 100vw, 104px\" \/><\/a><a href=\"https:\/\/www.sainte-therese-les-cordeliers.fr\/blog-cdi-lp\/wp-content\/uploads\/sites\/3\/2016\/05\/r\u00e9p-tc.jpg\"><img decoding=\"async\" class=\"alignleft wp-image-1045\" src=\"https:\/\/www.sainte-therese-les-cordeliers.fr\/blog-cdi-lp\/wp-content\/uploads\/sites\/3\/2016\/05\/r\u00e9p-tc.jpg\" alt=\"r\u00e9p tc\" width=\"249\" height=\"187\" srcset=\"https:\/\/www.sainte-therese-les-cordeliers.fr\/blog-cdi-lp\/wp-content\/uploads\/sites\/3\/2016\/05\/r\u00e9p-tc-200x150.jpg 200w, https:\/\/www.sainte-therese-les-cordeliers.fr\/blog-cdi-lp\/wp-content\/uploads\/sites\/3\/2016\/05\/r\u00e9p-tc-300x225.jpg 300w, https:\/\/www.sainte-therese-les-cordeliers.fr\/blog-cdi-lp\/wp-content\/uploads\/sites\/3\/2016\/05\/r\u00e9p-tc-400x300.jpg 400w, https:\/\/www.sainte-therese-les-cordeliers.fr\/blog-cdi-lp\/wp-content\/uploads\/sites\/3\/2016\/05\/r\u00e9p-tc-600x450.jpg 600w, https:\/\/www.sainte-therese-les-cordeliers.fr\/blog-cdi-lp\/wp-content\/uploads\/sites\/3\/2016\/05\/r\u00e9p-tc-768x576.jpg 768w, https:\/\/www.sainte-therese-les-cordeliers.fr\/blog-cdi-lp\/wp-content\/uploads\/sites\/3\/2016\/05\/r\u00e9p-tc-800x600.jpg 800w, https:\/\/www.sainte-therese-les-cordeliers.fr\/blog-cdi-lp\/wp-content\/uploads\/sites\/3\/2016\/05\/r\u00e9p-tc-1200x900.jpg 1200w, https:\/\/www.sainte-therese-les-cordeliers.fr\/blog-cdi-lp\/wp-content\/uploads\/sites\/3\/2016\/05\/r\u00e9p-tc.jpg 2048w\" sizes=\"(max-width: 249px) 100vw, 249px\" \/><\/a><\/p>\n<p>&nbsp;<\/p>\n<p>&nbsp;<\/p>\n<p>&nbsp;<\/p>\n<p>&nbsp;<\/p>\n<p>&nbsp;<\/p>\n<p>\u00ab\u00a0C&rsquo;est accompagn\u00e9es de notre guide, que nous avons eu dans un premier temps un \u00e9change avec la directrice de la structure pendant environ 1 heure, puis nous avons rencontr\u00e9 plusieurs enfants dans leur lieu de vie. Tr\u00e8s vite, une complicit\u00e9 s&rsquo;est install\u00e9e et c&rsquo;est avec joie que les enfants ont re\u00e7u les nombreux jouets apport\u00e9s par les \u00e9l\u00e8ves. Nous sommes rentr\u00e9s avec des souvenirs inoubliables&#8230;.\u00a0\u00bb \ud83d\ude00<\/p>\n<p style=\"text-align: center\">\u00a0\u00a0\u00a0\u00a0\u00a0\u00a0\u00a0\u00a0\u00a0\u00a0\u00a0\u00a0\u00a0\u00a0\u00a0\u00a0\u00a0\u00a0\u00a0\u00a0\u00a0\u00a0\u00a0\u00a0\u00a0\u00a0\u00a0\u00a0\u00a0\u00a0\u00a0\u00a0\u00a0\u00a0\u00a0\u00a0\u00a0\u00a0\u00a0\u00a0\u00a0\u00a0\u00a0\u00a0\u00a0\u00a0\u00a0\u00a0\u00a0\u00a0\u00a0\u00a0\u00a0\u00a0\u00a0\u00a0\u00a0\u00a0\u00a0\u00a0\u00a0\u00a0\u00a0\u00a0\u00a0\u00a0\u00a0\u00a0\u00a0\u00a0\u00a0\u00a0\u00a0\u00a0\u00a0\u00a0\u00a0\u00a0\u00a0\u00a0\u00a0\u00a0\u00a0\u00a0\u00a0\u00a0\u00a0\u00a0\u00a0\u00a0\u00a0\u00a0\u00a0\u00a0\u00a0\u00a0\u00a0 Les \u00e9l\u00e8ves de 1\u00e8re ASSP<\/p>\n","protected":false},"excerpt":{"rendered":"<p>Cette ann\u00e9e, d\u00e9but avril, les \u00e9l\u00e8ves de premi\u00e8re ont r\u00e9alis\u00e9 un voyage \u00e0 Prague, en R\u00e9publique tch\u00e8que. C&rsquo;est avec une certaine \u00e9motion que celles de 1\u00e8re ASSP ont pu rencontrer les enfants d&rsquo;un foyer d&rsquo;accueil d&rsquo;urgence de l&rsquo;Aide Sociale \u00e0 l&rsquo;Enfance. &nbsp; &nbsp; &nbsp; &nbsp; &nbsp; \u00ab\u00a0C&rsquo;est accompagn\u00e9es de notre guide, que nous avons eu <a href=\"https:\/\/www.sainte-therese-les-cordeliers.fr\/blog-cdi-lp\/voyage-culturel-et-solidarite\/\"> [&#8230;]<\/a><\/p>\n","protected":false},"author":3,"featured_media":0,"comment_status":"closed","ping_status":"closed","sticky":false,"template":"","format":"standard","meta":{"om_disable_all_campaigns":false,"footnotes":""},"categories":[5],"tags":[29,9],"class_list":["post-1043","post","type-post","status-publish","format-standard","hentry","category-voyages","tag-bac-assp","tag-enfance"],"aioseo_notices":[],"_links":{"self":[{"href":"https:\/\/www.sainte-therese-les-cordeliers.fr\/blog-cdi-lp\/wp-json\/wp\/v2\/posts\/1043","targetHints":{"allow":["GET"]}}],"collection":[{"href":"https:\/\/www.sainte-therese-les-cordeliers.fr\/blog-cdi-lp\/wp-json\/wp\/v2\/posts"}],"about":[{"href":"https:\/\/www.sainte-therese-les-cordeliers.fr\/blog-cdi-lp\/wp-json\/wp\/v2\/types\/post"}],"author":[{"embeddable":true,"href":"https:\/\/www.sainte-therese-les-cordeliers.fr\/blog-cdi-lp\/wp-json\/wp\/v2\/users\/3"}],"replies":[{"embeddable":true,"href":"https:\/\/www.sainte-therese-les-cordeliers.fr\/blog-cdi-lp\/wp-json\/wp\/v2\/comments?post=1043"}],"version-history":[{"count":7,"href":"https:\/\/www.sainte-therese-les-cordeliers.fr\/blog-cdi-lp\/wp-json\/wp\/v2\/posts\/1043\/revisions"}],"predecessor-version":[{"id":1053,"href":"https:\/\/www.sainte-therese-les-cordeliers.fr\/blog-cdi-lp\/wp-json\/wp\/v2\/posts\/1043\/revisions\/1053"}],"wp:attachment":[{"href":"https:\/\/www.sainte-therese-les-cordeliers.fr\/blog-cdi-lp\/wp-json\/wp\/v2\/media?parent=1043"}],"wp:term":[{"taxonomy":"category","embeddable":true,"href":"https:\/\/www.sainte-therese-les-cordeliers.fr\/blog-cdi-lp\/wp-json\/wp\/v2\/categories?post=1043"},{"taxonomy":"post_tag","embeddable":true,"href":"https:\/\/www.sainte-therese-les-cordeliers.fr\/blog-cdi-lp\/wp-json\/wp\/v2\/tags?post=1043"}],"curies":[{"name":"wp","href":"https:\/\/api.w.org\/{rel}","templated":true}]}}