{"id":110,"date":"2013-03-29T15:15:11","date_gmt":"2013-03-29T14:15:11","guid":{"rendered":"http:\/\/sainte-therese-les-cordeliers.fr\/blog\/lp\/?p=110"},"modified":"2013-05-21T15:59:30","modified_gmt":"2013-05-21T14:59:30","slug":"les-minis-chefs","status":"publish","type":"post","link":"https:\/\/www.sainte-therese-les-cordeliers.fr\/blog-cdi-lp\/les-minis-chefs\/","title":{"rendered":"\u00ab\u00a0LES MINIS CHEFS\u00a0\u00bb"},"content":{"rendered":"<p align=\"center\"><b><i>CAP ATMFC.<\/i><\/b><\/p>\n<p align=\"center\"><span style=\"text-decoration: underline\">\u00ab\u00a0LES MINIS CHEFS\u00a0!\u00a0\u00bb<\/span><\/p>\n<p><i>Les \u00e9l\u00e8ves de premi\u00e8re ann\u00e9e CAP ATMFC ont r\u00e9alis\u00e9 un <b><span style=\"text-decoration: underline\">atelier cuisine<\/span><\/b> au Lyc\u00e9e Sainte- Th\u00e9r\u00e8se les Cordeliers <span style=\"text-decoration: underline\">avec des enfants \u00e2g\u00e9s de 2 \u00e0 3 ans.<\/span> <\/i><\/p>\n<p style=\"text-align: left\" align=\"right\"><strong><i><a href=\"https:\/\/www.sainte-therese-les-cordeliers.fr\/blog-cdi-lp\/wp-content\/uploads\/sites\/3\/2013\/04\/mini-chef.jpg\"><img decoding=\"async\" class=\"alignleft size-medium wp-image-111\" alt=\"mini chef\" src=\"https:\/\/www.sainte-therese-les-cordeliers.fr\/blog-cdi-lp\/wp-content\/uploads\/sites\/3\/2013\/04\/mini-chef-300x225.jpg\" width=\"218\" height=\"178\" \/><\/a><\/i><\/strong><strong><i><a href=\"https:\/\/www.sainte-therese-les-cordeliers.fr\/blog-cdi-lp\/wp-content\/uploads\/sites\/3\/2013\/04\/mini-chef-2.jpg\"><img decoding=\"async\" class=\"size-medium wp-image-112 alignnone\" alt=\"mini chef 2\" src=\"https:\/\/www.sainte-therese-les-cordeliers.fr\/blog-cdi-lp\/wp-content\/uploads\/sites\/3\/2013\/04\/mini-chef-2-300x225.jpg\" width=\"239\" height=\"181\" \/><\/a>\u00a0 <!--more--><\/i><\/strong><\/p>\n<p><i>D\u2019abord deux \u00e9l\u00e8ves ont r\u00e9alis\u00e9 la p\u00e2te \u00e0 pizza. Les enfants ont p\u00e9tri un morceau de p\u00e2te eux-m\u00eames puis ils l\u2019ont \u00e9tal\u00e9 \u00e0 l\u2019aide d\u2019un rouleau \u00e0 p\u00e2tisserie. Ensuite ils ont garni leur p\u00e2te avec de la sauce tomate, du jambon et du gruy\u00e8re. Nous les avons cuites en leur absence.<\/i><\/p>\n<p><i>\u00a0Les enfants \u00e9taient tr\u00e8s contents d\u2019emporter leur pizza chez eux. Cette activit\u00e9 nous a permis d\u2019animer un atelier cuisine, d\u2019encadrer des enfants, de respecter leurs habitudes de vie (pizza sans porc), de respecter les r\u00e8gles d\u2019hygi\u00e8ne et de s\u00e9curit\u00e9 (lavage des mains des enfants et des encadrants, cuisson des pizzas dans une autre pi\u00e8ce et en l\u2019absence des enfants). L\u2019activit\u00e9 a plu aux enfants ainsi qu\u2019\u00e0 leurs parents.<\/i><\/p>\n<p><i>Nous souhaiterions renouveler cette exp\u00e9rience.<\/i><\/p>\n<p align=\"right\"><strong><i><\/i><\/strong><strong><i>Les \u00e9l\u00e8ves de 1 CAP ATMFC\u00a0.<\/i><\/strong><\/p>\n<p style=\"text-align: left\" align=\"right\">\n","protected":false},"excerpt":{"rendered":"<p>CAP ATMFC. \u00ab\u00a0LES MINIS CHEFS\u00a0!\u00a0\u00bb Les \u00e9l\u00e8ves de premi\u00e8re ann\u00e9e CAP ATMFC ont r\u00e9alis\u00e9 un atelier cuisine au Lyc\u00e9e Sainte- Th\u00e9r\u00e8se les Cordeliers avec des enfants \u00e2g\u00e9s de 2 \u00e0 3 ans. \u00a0<\/p>\n","protected":false},"author":3,"featured_media":0,"comment_status":"closed","ping_status":"closed","sticky":false,"template":"","format":"standard","meta":{"om_disable_all_campaigns":false,"footnotes":""},"categories":[3],"tags":[40,7,8,9],"class_list":["post-110","post","type-post","status-publish","format-standard","hentry","category-ecole-primaire","tag-animation","tag-cap-atmfc","tag-cuisine","tag-enfance"],"aioseo_notices":[],"_links":{"self":[{"href":"https:\/\/www.sainte-therese-les-cordeliers.fr\/blog-cdi-lp\/wp-json\/wp\/v2\/posts\/110","targetHints":{"allow":["GET"]}}],"collection":[{"href":"https:\/\/www.sainte-therese-les-cordeliers.fr\/blog-cdi-lp\/wp-json\/wp\/v2\/posts"}],"about":[{"href":"https:\/\/www.sainte-therese-les-cordeliers.fr\/blog-cdi-lp\/wp-json\/wp\/v2\/types\/post"}],"author":[{"embeddable":true,"href":"https:\/\/www.sainte-therese-les-cordeliers.fr\/blog-cdi-lp\/wp-json\/wp\/v2\/users\/3"}],"replies":[{"embeddable":true,"href":"https:\/\/www.sainte-therese-les-cordeliers.fr\/blog-cdi-lp\/wp-json\/wp\/v2\/comments?post=110"}],"version-history":[{"count":6,"href":"https:\/\/www.sainte-therese-les-cordeliers.fr\/blog-cdi-lp\/wp-json\/wp\/v2\/posts\/110\/revisions"}],"predecessor-version":[{"id":165,"href":"https:\/\/www.sainte-therese-les-cordeliers.fr\/blog-cdi-lp\/wp-json\/wp\/v2\/posts\/110\/revisions\/165"}],"wp:attachment":[{"href":"https:\/\/www.sainte-therese-les-cordeliers.fr\/blog-cdi-lp\/wp-json\/wp\/v2\/media?parent=110"}],"wp:term":[{"taxonomy":"category","embeddable":true,"href":"https:\/\/www.sainte-therese-les-cordeliers.fr\/blog-cdi-lp\/wp-json\/wp\/v2\/categories?post=110"},{"taxonomy":"post_tag","embeddable":true,"href":"https:\/\/www.sainte-therese-les-cordeliers.fr\/blog-cdi-lp\/wp-json\/wp\/v2\/tags?post=110"}],"curies":[{"name":"wp","href":"https:\/\/api.w.org\/{rel}","templated":true}]}}