{"id":1360,"date":"2017-01-24T11:50:27","date_gmt":"2017-01-24T10:50:27","guid":{"rendered":"https:\/\/www.sainte-therese-les-cordeliers.fr\/blog-cdi-lp\/?p=1360"},"modified":"2017-01-25T14:52:22","modified_gmt":"2017-01-25T13:52:22","slug":"terminale-a-s-s-p-education-a-la-sante-suite-du-20122016","status":"publish","type":"post","link":"https:\/\/www.sainte-therese-les-cordeliers.fr\/blog-cdi-lp\/terminale-a-s-s-p-education-a-la-sante-suite-du-20122016\/","title":{"rendered":"Terminale A.S.S.P. : \u00e9ducation \u00e0 la sant\u00e9 (suite du 20\/12\/2016)"},"content":{"rendered":"<p>\u00ab\u00a0Nous voulions donner une suite \u00e0 notre projet initial : <span style=\"color: #993300\"><em>mettre en place un code couleur au niveau du restaurant scolaire<\/em><\/span> (ceci afin d&rsquo;\u00e9quilibrer au mieux ses repas).<\/p>\n<p>L&rsquo;administration a trouv\u00e9 l&rsquo;id\u00e9e int\u00e9ressante et nous a donn\u00e9 son feu vert pour d\u00e9buter l&rsquo;op\u00e9ration. Chaque aliment se verra attribu\u00e9 une pastille de couleur correspondant \u00e0 l&rsquo;un des 4 groupes suivants : fruits et l\u00e9gumes (vert), viande ou poisson ou \u0153uf (rouge), produits laitiers (bleu), f\u00e9culents (marron).<\/p>\n<p>Nous tenons vivement \u00e0 remercier l&rsquo;int\u00e9gralit\u00e9 de l&rsquo;\u00e9quipe du self et esp\u00e9rons que cette pratique aura un impact positif sur la sant\u00e9 de l&rsquo;ensemble des \u00e9l\u00e8ves\u00a0\u00bb.<\/p>\n<p><a href=\"https:\/\/www.sainte-therese-les-cordeliers.fr\/blog-cdi-lp\/wp-content\/uploads\/sites\/3\/2017\/01\/repas-affiche-self.png\"><img decoding=\"async\" class=\"wp-image-1361 aligncenter\" src=\"https:\/\/www.sainte-therese-les-cordeliers.fr\/blog-cdi-lp\/wp-content\/uploads\/sites\/3\/2017\/01\/repas-affiche-self.png\" alt=\"\" width=\"222\" height=\"292\" srcset=\"https:\/\/www.sainte-therese-les-cordeliers.fr\/blog-cdi-lp\/wp-content\/uploads\/sites\/3\/2017\/01\/repas-affiche-self-200x263.png 200w, https:\/\/www.sainte-therese-les-cordeliers.fr\/blog-cdi-lp\/wp-content\/uploads\/sites\/3\/2017\/01\/repas-affiche-self-228x300.png 228w, https:\/\/www.sainte-therese-les-cordeliers.fr\/blog-cdi-lp\/wp-content\/uploads\/sites\/3\/2017\/01\/repas-affiche-self-400x526.png 400w, https:\/\/www.sainte-therese-les-cordeliers.fr\/blog-cdi-lp\/wp-content\/uploads\/sites\/3\/2017\/01\/repas-affiche-self-600x789.png 600w, https:\/\/www.sainte-therese-les-cordeliers.fr\/blog-cdi-lp\/wp-content\/uploads\/sites\/3\/2017\/01\/repas-affiche-self-608x800.png 608w, https:\/\/www.sainte-therese-les-cordeliers.fr\/blog-cdi-lp\/wp-content\/uploads\/sites\/3\/2017\/01\/repas-affiche-self.png 707w\" sizes=\"(max-width: 222px) 100vw, 222px\" \/><\/a><\/p>\n<p style=\"text-align: right\">Sarah et Ana\u00efs\u00a0 \u00a9<\/p>\n","protected":false},"excerpt":{"rendered":"<p>\u00ab\u00a0Nous voulions donner une suite \u00e0 notre projet initial : mettre en place un code couleur au niveau du restaurant scolaire (ceci afin d&rsquo;\u00e9quilibrer au mieux ses repas). L&rsquo;administration a trouv\u00e9 l&rsquo;id\u00e9e int\u00e9ressante et nous a donn\u00e9 son feu vert pour d\u00e9buter l&rsquo;op\u00e9ration. Chaque aliment se verra attribu\u00e9 une pastille de couleur correspondant \u00e0 l&rsquo;un <a href=\"https:\/\/www.sainte-therese-les-cordeliers.fr\/blog-cdi-lp\/terminale-a-s-s-p-education-a-la-sante-suite-du-20122016\/\"> [&#8230;]<\/a><\/p>\n","protected":false},"author":3,"featured_media":0,"comment_status":"closed","ping_status":"closed","sticky":false,"template":"","format":"standard","meta":{"om_disable_all_campaigns":false,"footnotes":""},"categories":[20],"tags":[29],"class_list":["post-1360","post","type-post","status-publish","format-standard","hentry","category-animation","tag-bac-assp"],"aioseo_notices":[],"_links":{"self":[{"href":"https:\/\/www.sainte-therese-les-cordeliers.fr\/blog-cdi-lp\/wp-json\/wp\/v2\/posts\/1360","targetHints":{"allow":["GET"]}}],"collection":[{"href":"https:\/\/www.sainte-therese-les-cordeliers.fr\/blog-cdi-lp\/wp-json\/wp\/v2\/posts"}],"about":[{"href":"https:\/\/www.sainte-therese-les-cordeliers.fr\/blog-cdi-lp\/wp-json\/wp\/v2\/types\/post"}],"author":[{"embeddable":true,"href":"https:\/\/www.sainte-therese-les-cordeliers.fr\/blog-cdi-lp\/wp-json\/wp\/v2\/users\/3"}],"replies":[{"embeddable":true,"href":"https:\/\/www.sainte-therese-les-cordeliers.fr\/blog-cdi-lp\/wp-json\/wp\/v2\/comments?post=1360"}],"version-history":[{"count":3,"href":"https:\/\/www.sainte-therese-les-cordeliers.fr\/blog-cdi-lp\/wp-json\/wp\/v2\/posts\/1360\/revisions"}],"predecessor-version":[{"id":1364,"href":"https:\/\/www.sainte-therese-les-cordeliers.fr\/blog-cdi-lp\/wp-json\/wp\/v2\/posts\/1360\/revisions\/1364"}],"wp:attachment":[{"href":"https:\/\/www.sainte-therese-les-cordeliers.fr\/blog-cdi-lp\/wp-json\/wp\/v2\/media?parent=1360"}],"wp:term":[{"taxonomy":"category","embeddable":true,"href":"https:\/\/www.sainte-therese-les-cordeliers.fr\/blog-cdi-lp\/wp-json\/wp\/v2\/categories?post=1360"},{"taxonomy":"post_tag","embeddable":true,"href":"https:\/\/www.sainte-therese-les-cordeliers.fr\/blog-cdi-lp\/wp-json\/wp\/v2\/tags?post=1360"}],"curies":[{"name":"wp","href":"https:\/\/api.w.org\/{rel}","templated":true}]}}