{"id":143,"date":"2013-04-16T10:00:49","date_gmt":"2013-04-16T09:00:49","guid":{"rendered":"https:\/\/www.sainte-therese-les-cordeliers.fr\/blog-cdi-lp\/?p=143"},"modified":"2013-04-16T11:31:24","modified_gmt":"2013-04-16T10:31:24","slug":"mcad-et-poesie","status":"publish","type":"post","link":"https:\/\/www.sainte-therese-les-cordeliers.fr\/blog-cdi-lp\/mcad-et-poesie\/","title":{"rendered":"MCAD et po\u00e9sie"},"content":{"rendered":"<p>Dans le cadre de la <strong>semaine de la po\u00e9sie<\/strong> qui a eu lieu du 16 au 23 mars, Chlo\u00e9, Elsa, Magda et M\u00e9lissa, 4 \u00e9l\u00e8ves de MCAD (Mention Compl\u00e9mentaire Aide \u00e0 Domicile), ont pris l\u2019initiative de mettre en place un projet d\u2019animation\u00a0: \u00ab\u00a0po\u00e9sie en folie\u00a0\u00bb au Foyer Logement Marius Viple.<\/p>\n<p style=\"text-align: center\"><a href=\"https:\/\/www.sainte-therese-les-cordeliers.fr\/blog-cdi-lp\/wp-content\/uploads\/sites\/3\/2013\/04\/mcad-et-po\u00e9sie1.jpg\"><img decoding=\"async\" class=\"alignnone size-medium wp-image-159\" alt=\"mcad et po\u00e9sie\" src=\"https:\/\/www.sainte-therese-les-cordeliers.fr\/blog-cdi-lp\/wp-content\/uploads\/sites\/3\/2013\/04\/mcad-et-po\u00e9sie1-225x300.jpg\" width=\"225\" height=\"300\" srcset=\"https:\/\/www.sainte-therese-les-cordeliers.fr\/blog-cdi-lp\/wp-content\/uploads\/sites\/3\/2013\/04\/mcad-et-po\u00e9sie1-225x300.jpg 225w, https:\/\/www.sainte-therese-les-cordeliers.fr\/blog-cdi-lp\/wp-content\/uploads\/sites\/3\/2013\/04\/mcad-et-po\u00e9sie1.jpg 480w\" sizes=\"(max-width: 225px) 100vw, 225px\" \/><\/a><\/p>\n<p>Les \u00e9l\u00e8ves de cette section sont amen\u00e9es dans le cadre de leur cursus \u00e0 proposer des activit\u00e9s de loisirs et\u00a0 de maintien de l\u2019autonomie des personnes \u00e2g\u00e9es.<\/p>\n","protected":false},"excerpt":{"rendered":"<p>Dans le cadre de la semaine de la po\u00e9sie qui a eu lieu du 16 au 23 mars, Chlo\u00e9, Elsa, Magda et M\u00e9lissa, 4 \u00e9l\u00e8ves de MCAD (Mention Compl\u00e9mentaire Aide \u00e0 Domicile), ont pris l\u2019initiative de mettre en place un projet d\u2019animation\u00a0: \u00ab\u00a0po\u00e9sie en folie\u00a0\u00bb au Foyer Logement Marius Viple. Les \u00e9l\u00e8ves de cette section <a href=\"https:\/\/www.sainte-therese-les-cordeliers.fr\/blog-cdi-lp\/mcad-et-poesie\/\"> [&#8230;]<\/a><\/p>\n","protected":false},"author":3,"featured_media":0,"comment_status":"closed","ping_status":"closed","sticky":false,"template":"","format":"standard","meta":{"om_disable_all_campaigns":false,"footnotes":""},"categories":[17],"tags":[19,18],"class_list":["post-143","post","type-post","status-publish","format-standard","hentry","category-poesie","tag-3eme-age","tag-mcad"],"aioseo_notices":[],"_links":{"self":[{"href":"https:\/\/www.sainte-therese-les-cordeliers.fr\/blog-cdi-lp\/wp-json\/wp\/v2\/posts\/143","targetHints":{"allow":["GET"]}}],"collection":[{"href":"https:\/\/www.sainte-therese-les-cordeliers.fr\/blog-cdi-lp\/wp-json\/wp\/v2\/posts"}],"about":[{"href":"https:\/\/www.sainte-therese-les-cordeliers.fr\/blog-cdi-lp\/wp-json\/wp\/v2\/types\/post"}],"author":[{"embeddable":true,"href":"https:\/\/www.sainte-therese-les-cordeliers.fr\/blog-cdi-lp\/wp-json\/wp\/v2\/users\/3"}],"replies":[{"embeddable":true,"href":"https:\/\/www.sainte-therese-les-cordeliers.fr\/blog-cdi-lp\/wp-json\/wp\/v2\/comments?post=143"}],"version-history":[{"count":4,"href":"https:\/\/www.sainte-therese-les-cordeliers.fr\/blog-cdi-lp\/wp-json\/wp\/v2\/posts\/143\/revisions"}],"predecessor-version":[{"id":146,"href":"https:\/\/www.sainte-therese-les-cordeliers.fr\/blog-cdi-lp\/wp-json\/wp\/v2\/posts\/143\/revisions\/146"}],"wp:attachment":[{"href":"https:\/\/www.sainte-therese-les-cordeliers.fr\/blog-cdi-lp\/wp-json\/wp\/v2\/media?parent=143"}],"wp:term":[{"taxonomy":"category","embeddable":true,"href":"https:\/\/www.sainte-therese-les-cordeliers.fr\/blog-cdi-lp\/wp-json\/wp\/v2\/categories?post=143"},{"taxonomy":"post_tag","embeddable":true,"href":"https:\/\/www.sainte-therese-les-cordeliers.fr\/blog-cdi-lp\/wp-json\/wp\/v2\/tags?post=143"}],"curies":[{"name":"wp","href":"https:\/\/api.w.org\/{rel}","templated":true}]}}