{"id":148,"date":"2013-04-16T11:21:31","date_gmt":"2013-04-16T10:21:31","guid":{"rendered":"https:\/\/www.sainte-therese-les-cordeliers.fr\/blog-cdi-lp\/?p=148"},"modified":"2013-05-21T15:56:41","modified_gmt":"2013-05-21T14:56:41","slug":"la-poesie-rassemble-les-generations-mcad","status":"publish","type":"post","link":"https:\/\/www.sainte-therese-les-cordeliers.fr\/blog-cdi-lp\/la-poesie-rassemble-les-generations-mcad\/","title":{"rendered":"\u00ab La po\u00e9sie rassemble les g\u00e9n\u00e9rations \u00bb (MCAD)"},"content":{"rendered":"<p style=\"text-align: center\" align=\"center\">Les \u00e9l\u00e8ves de Mention Compl\u00e9mentaire d\u2019Aide \u00e0 Domicile se sont rendues au foyer- logement Marius Viple pour r\u00e9aliser un projet d\u2019animation autour de la po\u00e9sie.<\/p>\n<p align=\"center\"><a href=\"https:\/\/www.sainte-therese-les-cordeliers.fr\/blog-cdi-lp\/wp-content\/uploads\/sites\/3\/2013\/04\/mcad-foyer-vip-1.jpg\"><img decoding=\"async\" class=\"alignnone size-medium wp-image-149\" alt=\"mcad foyer vip 1\" src=\"https:\/\/www.sainte-therese-les-cordeliers.fr\/blog-cdi-lp\/wp-content\/uploads\/sites\/3\/2013\/04\/mcad-foyer-vip-1-300x225.jpg\" width=\"248\" height=\"210\" \/><\/a>\u00a0\u00a0\u00a0\u00a0\u00a0\u00a0\u00a0\u00a0\u00a0\u00a0\u00a0\u00a0\u00a0\u00a0\u00a0\u00a0\u00a0 <a href=\"https:\/\/www.sainte-therese-les-cordeliers.fr\/blog-cdi-lp\/wp-content\/uploads\/sites\/3\/2013\/04\/g\u00e2teau-foyer.jpg\"><img decoding=\"async\" class=\"alignnone size-medium wp-image-150\" alt=\"g\u00e2teau foyer\" src=\"https:\/\/www.sainte-therese-les-cordeliers.fr\/blog-cdi-lp\/wp-content\/uploads\/sites\/3\/2013\/04\/g\u00e2teau-foyer-225x300.jpg\" width=\"173\" height=\"210\" \/><\/a><\/p>\n<p>Lors de notre premi\u00e8re rencontre nous avons pu \u00e9changer autour de th\u00e8mes po\u00e9tiques et quelques petits sabl\u00e9s que nous avions confectionn\u00e9s auparavant. Les r\u00e9sidents qui ont particip\u00e9 \u00e0 l\u2019animation avec un grand plaisir \u00e9taient tous partants pour renouveler l\u2019exp\u00e9rience.<\/p>\n<p><!--more--><\/p>\n<p>Pour notre deuxi\u00e8me rencontre nous \u00e9tions attendues avec joie et impatience. Plusieurs personnes \u00e2g\u00e9es avaient d\u00e9cid\u00e9 de r\u00e9aliser un po\u00e8me plus une d\u00e9coration pour le mettre en valeur.<\/p>\n<p><a href=\"https:\/\/www.sainte-therese-les-cordeliers.fr\/blog-cdi-lp\/wp-content\/uploads\/sites\/3\/2013\/04\/foyer-vip-2.jpg\"><img decoding=\"async\" class=\"size-medium wp-image-151 aligncenter\" alt=\"foyer vip 2\" src=\"https:\/\/www.sainte-therese-les-cordeliers.fr\/blog-cdi-lp\/wp-content\/uploads\/sites\/3\/2013\/04\/foyer-vip-2-300x225.jpg\" width=\"300\" height=\"225\" srcset=\"https:\/\/www.sainte-therese-les-cordeliers.fr\/blog-cdi-lp\/wp-content\/uploads\/sites\/3\/2013\/04\/foyer-vip-2-300x225.jpg 300w, https:\/\/www.sainte-therese-les-cordeliers.fr\/blog-cdi-lp\/wp-content\/uploads\/sites\/3\/2013\/04\/foyer-vip-2.jpg 708w\" sizes=\"(max-width: 300px) 100vw, 300px\" \/><\/a><\/p>\n<p style=\"text-align: left\" align=\"center\">A la fin de l\u2019animation nous nous sommes tous retrouv\u00e9s.\u00a0Ces deux jours en leur compagnie nous ont fait beaucoup de bien et nous avons toutes pu partager un moment de bonheur avec eux.<\/p>\n<p style=\"text-align: center\" align=\"center\">Voici les \u0153uvres qui ont \u00e9t\u00e9 r\u00e9alis\u00e9es\u00a0:<\/p>\n<p style=\"text-align: left\" align=\"center\">\u00a0\u00a0\u00a0\u00a0\u00a0\u00a0\u00a0\u00a0 <a href=\"https:\/\/www.sainte-therese-les-cordeliers.fr\/blog-cdi-lp\/wp-content\/uploads\/sites\/3\/2013\/04\/foyer-vip-3.jpg\"><img decoding=\"async\" class=\"alignnone size-medium wp-image-152\" alt=\"foyer vip 3\" src=\"https:\/\/www.sainte-therese-les-cordeliers.fr\/blog-cdi-lp\/wp-content\/uploads\/sites\/3\/2013\/04\/foyer-vip-3-225x300.jpg\" width=\"147\" height=\"240\" \/><\/a>\u00a0\u00a0\u00a0\u00a0 <a href=\"https:\/\/www.sainte-therese-les-cordeliers.fr\/blog-cdi-lp\/wp-content\/uploads\/sites\/3\/2013\/04\/foyer-vip-4.jpg\"><img decoding=\"async\" class=\"alignnone size-medium wp-image-153\" alt=\"foyer vip 4\" src=\"https:\/\/www.sainte-therese-les-cordeliers.fr\/blog-cdi-lp\/wp-content\/uploads\/sites\/3\/2013\/04\/foyer-vip-4-300x225.jpg\" width=\"196\" height=\"176\" \/><\/a>\u00a0\u00a0\u00a0 <a href=\"https:\/\/www.sainte-therese-les-cordeliers.fr\/blog-cdi-lp\/wp-content\/uploads\/sites\/3\/2013\/04\/foyer-vip-5.jpg\"><img decoding=\"async\" class=\"alignnone size-medium wp-image-154\" alt=\"foyer vip 5\" src=\"https:\/\/www.sainte-therese-les-cordeliers.fr\/blog-cdi-lp\/wp-content\/uploads\/sites\/3\/2013\/04\/foyer-vip-5-225x300.jpg\" width=\"155\" height=\"282\" \/><\/a><\/p>\n<p>&nbsp;<\/p>\n","protected":false},"excerpt":{"rendered":"<p>Les \u00e9l\u00e8ves de Mention Compl\u00e9mentaire d\u2019Aide \u00e0 Domicile se sont rendues au foyer- logement Marius Viple pour r\u00e9aliser un projet d\u2019animation autour de la po\u00e9sie. \u00a0\u00a0\u00a0\u00a0\u00a0\u00a0\u00a0\u00a0\u00a0\u00a0\u00a0\u00a0\u00a0\u00a0\u00a0\u00a0\u00a0 Lors de notre premi\u00e8re rencontre nous avons pu \u00e9changer autour de th\u00e8mes po\u00e9tiques et quelques petits sabl\u00e9s que nous avions confectionn\u00e9s auparavant. Les r\u00e9sidents qui ont particip\u00e9 \u00e0 l\u2019animation <a href=\"https:\/\/www.sainte-therese-les-cordeliers.fr\/blog-cdi-lp\/la-poesie-rassemble-les-generations-mcad\/\"> [&#8230;]<\/a><\/p>\n","protected":false},"author":3,"featured_media":0,"comment_status":"closed","ping_status":"closed","sticky":false,"template":"","format":"standard","meta":{"om_disable_all_campaigns":false,"footnotes":""},"categories":[17],"tags":[40,18],"class_list":["post-148","post","type-post","status-publish","format-standard","hentry","category-poesie","tag-animation","tag-mcad"],"aioseo_notices":[],"_links":{"self":[{"href":"https:\/\/www.sainte-therese-les-cordeliers.fr\/blog-cdi-lp\/wp-json\/wp\/v2\/posts\/148","targetHints":{"allow":["GET"]}}],"collection":[{"href":"https:\/\/www.sainte-therese-les-cordeliers.fr\/blog-cdi-lp\/wp-json\/wp\/v2\/posts"}],"about":[{"href":"https:\/\/www.sainte-therese-les-cordeliers.fr\/blog-cdi-lp\/wp-json\/wp\/v2\/types\/post"}],"author":[{"embeddable":true,"href":"https:\/\/www.sainte-therese-les-cordeliers.fr\/blog-cdi-lp\/wp-json\/wp\/v2\/users\/3"}],"replies":[{"embeddable":true,"href":"https:\/\/www.sainte-therese-les-cordeliers.fr\/blog-cdi-lp\/wp-json\/wp\/v2\/comments?post=148"}],"version-history":[{"count":6,"href":"https:\/\/www.sainte-therese-les-cordeliers.fr\/blog-cdi-lp\/wp-json\/wp\/v2\/posts\/148\/revisions"}],"predecessor-version":[{"id":156,"href":"https:\/\/www.sainte-therese-les-cordeliers.fr\/blog-cdi-lp\/wp-json\/wp\/v2\/posts\/148\/revisions\/156"}],"wp:attachment":[{"href":"https:\/\/www.sainte-therese-les-cordeliers.fr\/blog-cdi-lp\/wp-json\/wp\/v2\/media?parent=148"}],"wp:term":[{"taxonomy":"category","embeddable":true,"href":"https:\/\/www.sainte-therese-les-cordeliers.fr\/blog-cdi-lp\/wp-json\/wp\/v2\/categories?post=148"},{"taxonomy":"post_tag","embeddable":true,"href":"https:\/\/www.sainte-therese-les-cordeliers.fr\/blog-cdi-lp\/wp-json\/wp\/v2\/tags?post=148"}],"curies":[{"name":"wp","href":"https:\/\/api.w.org\/{rel}","templated":true}]}}