{"id":1510,"date":"2017-03-28T11:42:23","date_gmt":"2017-03-28T10:42:23","guid":{"rendered":"https:\/\/www.sainte-therese-les-cordeliers.fr\/blog-cdi-lp\/?p=1510"},"modified":"2017-04-08T11:45:03","modified_gmt":"2017-04-08T10:45:03","slug":"les-classes-de-seconde-participent-a-la-semaine-de-la-presse","status":"publish","type":"post","link":"https:\/\/www.sainte-therese-les-cordeliers.fr\/blog-cdi-lp\/les-classes-de-seconde-participent-a-la-semaine-de-la-presse\/","title":{"rendered":"Les classes de seconde participent \u00e0 \u00ab la semaine de la presse \u00bb"},"content":{"rendered":"<p><a href=\"https:\/\/www.sainte-therese-les-cordeliers.fr\/blog-cdi-lp\/wp-content\/uploads\/sites\/3\/2017\/04\/IMG_3636.jpg\"><img decoding=\"async\" class=\"alignleft wp-image-1511\" src=\"https:\/\/www.sainte-therese-les-cordeliers.fr\/blog-cdi-lp\/wp-content\/uploads\/sites\/3\/2017\/04\/IMG_3636.jpg\" alt=\"\" width=\"186\" height=\"129\" srcset=\"https:\/\/www.sainte-therese-les-cordeliers.fr\/blog-cdi-lp\/wp-content\/uploads\/sites\/3\/2017\/04\/IMG_3636-200x139.jpg 200w, https:\/\/www.sainte-therese-les-cordeliers.fr\/blog-cdi-lp\/wp-content\/uploads\/sites\/3\/2017\/04\/IMG_3636-300x208.jpg 300w, https:\/\/www.sainte-therese-les-cordeliers.fr\/blog-cdi-lp\/wp-content\/uploads\/sites\/3\/2017\/04\/IMG_3636-400x278.jpg 400w, https:\/\/www.sainte-therese-les-cordeliers.fr\/blog-cdi-lp\/wp-content\/uploads\/sites\/3\/2017\/04\/IMG_3636-600x416.jpg 600w, https:\/\/www.sainte-therese-les-cordeliers.fr\/blog-cdi-lp\/wp-content\/uploads\/sites\/3\/2017\/04\/IMG_3636-768x533.jpg 768w, https:\/\/www.sainte-therese-les-cordeliers.fr\/blog-cdi-lp\/wp-content\/uploads\/sites\/3\/2017\/04\/IMG_3636-800x555.jpg 800w, https:\/\/www.sainte-therese-les-cordeliers.fr\/blog-cdi-lp\/wp-content\/uploads\/sites\/3\/2017\/04\/IMG_3636-1200x833.jpg 1200w, https:\/\/www.sainte-therese-les-cordeliers.fr\/blog-cdi-lp\/wp-content\/uploads\/sites\/3\/2017\/04\/IMG_3636.jpg 3081w\" sizes=\"(max-width: 186px) 100vw, 186px\" \/><\/a> <a href=\"https:\/\/www.sainte-therese-les-cordeliers.fr\/blog-cdi-lp\/wp-content\/uploads\/sites\/3\/2017\/04\/IMG_3644.jpg\"><img decoding=\"async\" class=\"alignleft wp-image-1512\" src=\"https:\/\/www.sainte-therese-les-cordeliers.fr\/blog-cdi-lp\/wp-content\/uploads\/sites\/3\/2017\/04\/IMG_3644.jpg\" alt=\"\" width=\"172\" height=\"129\" srcset=\"https:\/\/www.sainte-therese-les-cordeliers.fr\/blog-cdi-lp\/wp-content\/uploads\/sites\/3\/2017\/04\/IMG_3644-200x150.jpg 200w, https:\/\/www.sainte-therese-les-cordeliers.fr\/blog-cdi-lp\/wp-content\/uploads\/sites\/3\/2017\/04\/IMG_3644-300x225.jpg 300w, https:\/\/www.sainte-therese-les-cordeliers.fr\/blog-cdi-lp\/wp-content\/uploads\/sites\/3\/2017\/04\/IMG_3644-400x300.jpg 400w, https:\/\/www.sainte-therese-les-cordeliers.fr\/blog-cdi-lp\/wp-content\/uploads\/sites\/3\/2017\/04\/IMG_3644-600x450.jpg 600w, https:\/\/www.sainte-therese-les-cordeliers.fr\/blog-cdi-lp\/wp-content\/uploads\/sites\/3\/2017\/04\/IMG_3644-768x576.jpg 768w, https:\/\/www.sainte-therese-les-cordeliers.fr\/blog-cdi-lp\/wp-content\/uploads\/sites\/3\/2017\/04\/IMG_3644-800x600.jpg 800w, https:\/\/www.sainte-therese-les-cordeliers.fr\/blog-cdi-lp\/wp-content\/uploads\/sites\/3\/2017\/04\/IMG_3644-1200x900.jpg 1200w, https:\/\/www.sainte-therese-les-cordeliers.fr\/blog-cdi-lp\/wp-content\/uploads\/sites\/3\/2017\/04\/IMG_3644.jpg 3264w\" sizes=\"(max-width: 172px) 100vw, 172px\" \/><\/a> <a href=\"https:\/\/www.sainte-therese-les-cordeliers.fr\/blog-cdi-lp\/wp-content\/uploads\/sites\/3\/2017\/04\/photo.jpg\"><img decoding=\"async\" class=\"alignleft wp-image-1513\" src=\"https:\/\/www.sainte-therese-les-cordeliers.fr\/blog-cdi-lp\/wp-content\/uploads\/sites\/3\/2017\/04\/photo.jpg\" alt=\"\" width=\"224\" height=\"129\" srcset=\"https:\/\/www.sainte-therese-les-cordeliers.fr\/blog-cdi-lp\/wp-content\/uploads\/sites\/3\/2017\/04\/photo-200x115.jpg 200w, https:\/\/www.sainte-therese-les-cordeliers.fr\/blog-cdi-lp\/wp-content\/uploads\/sites\/3\/2017\/04\/photo-300x173.jpg 300w, https:\/\/www.sainte-therese-les-cordeliers.fr\/blog-cdi-lp\/wp-content\/uploads\/sites\/3\/2017\/04\/photo-400x230.jpg 400w, https:\/\/www.sainte-therese-les-cordeliers.fr\/blog-cdi-lp\/wp-content\/uploads\/sites\/3\/2017\/04\/photo-600x346.jpg 600w, https:\/\/www.sainte-therese-les-cordeliers.fr\/blog-cdi-lp\/wp-content\/uploads\/sites\/3\/2017\/04\/photo-768x442.jpg 768w, https:\/\/www.sainte-therese-les-cordeliers.fr\/blog-cdi-lp\/wp-content\/uploads\/sites\/3\/2017\/04\/photo-800x461.jpg 800w, https:\/\/www.sainte-therese-les-cordeliers.fr\/blog-cdi-lp\/wp-content\/uploads\/sites\/3\/2017\/04\/photo.jpg 1078w\" sizes=\"(max-width: 224px) 100vw, 224px\" \/><\/a><\/p>\n<p>&nbsp;<\/p>\n<p>&nbsp;<\/p>\n<p>&nbsp;<\/p>\n<p>&nbsp;<\/p>\n<p>Les \u00e9l\u00e8ves des classes de seconde professionnelles 1 et 2 sont all\u00e9s le 22 et 23 mars \u00e0 l\u2019exposition \u2018\u2019Cartooning for peace\u2019\u2019 au CRDP de Clermont-Ferrand.<\/p>\n<p>Cette exposition \u00e9tait consacr\u00e9e au dessin de presse et donc en lien avec ce que nous \u00e9tudions en fran\u00e7ais\u00a0: la presse.<\/p>\n<p>\u00ab\u00a0Cartooning for peace\u00a0\u00bb, qui signifie\u00a0: \u2018\u2019faire des dessins pour la paix\u2019\u2019 est un r\u00e9seau de dessinateurs de presse du monde entier, ils travaillent pour la paix dans le monde ainsi que pour la libert\u00e9 de la presse . Leur but \u00e9tant de confronter les croyances et id\u00e9es de chacun avec respect et tol\u00e9rance.<\/p>\n<p>Cette exposition proposait de d\u00e9couvrir de nombreux dessinateurs . Chacun proposant sa vision d\u2019un sujet comme la censure, la religion, l\u2019\u00e9cologie. Nous avons pu voir des dessins de Plantu (c\u00e9l\u00e8bre dessinateur du journal \u00ab\u00a0Le Monde\u00a0\u00bb) sur les tours jumelles attaqu\u00e9es le 11 septembre ou bien de \u00a0l\u2019artiste Matadar traitant du droit de la femme ou encore Chappatte sur le r\u00e9chauffement climatique.<\/p>\n<p>Les dessins traitent souvent de faits d\u2019actualit\u00e9 graves mais toujours avec humour c\u2019est d\u2019ailleurs ce \u00a0qui nous a plu dans cette exposition. <a href=\"https:\/\/www.sainte-therese-les-cordeliers.fr\/blog-cdi-lp\/wp-content\/uploads\/sites\/3\/2017\/04\/colombe.jpg\"><img decoding=\"async\" class=\"alignleft wp-image-1518\" src=\"https:\/\/www.sainte-therese-les-cordeliers.fr\/blog-cdi-lp\/wp-content\/uploads\/sites\/3\/2017\/04\/colombe.jpg\" alt=\"\" width=\"47\" height=\"40\" srcset=\"https:\/\/www.sainte-therese-les-cordeliers.fr\/blog-cdi-lp\/wp-content\/uploads\/sites\/3\/2017\/04\/colombe-200x170.jpg 200w, https:\/\/www.sainte-therese-les-cordeliers.fr\/blog-cdi-lp\/wp-content\/uploads\/sites\/3\/2017\/04\/colombe.jpg 202w\" sizes=\"(max-width: 47px) 100vw, 47px\" \/><\/a><a href=\"https:\/\/www.sainte-therese-les-cordeliers.fr\/blog-cdi-lp\/wp-content\/uploads\/sites\/3\/2017\/04\/colombe.jpg\"><img decoding=\"async\" class=\"alignleft wp-image-1518\" src=\"https:\/\/www.sainte-therese-les-cordeliers.fr\/blog-cdi-lp\/wp-content\/uploads\/sites\/3\/2017\/04\/colombe.jpg\" alt=\"\" width=\"47\" height=\"40\" srcset=\"https:\/\/www.sainte-therese-les-cordeliers.fr\/blog-cdi-lp\/wp-content\/uploads\/sites\/3\/2017\/04\/colombe-200x170.jpg 200w, https:\/\/www.sainte-therese-les-cordeliers.fr\/blog-cdi-lp\/wp-content\/uploads\/sites\/3\/2017\/04\/colombe.jpg 202w\" sizes=\"(max-width: 47px) 100vw, 47px\" \/><\/a><a href=\"https:\/\/www.sainte-therese-les-cordeliers.fr\/blog-cdi-lp\/wp-content\/uploads\/sites\/3\/2017\/04\/colombe.jpg\"><img decoding=\"async\" class=\"alignleft wp-image-1518\" src=\"https:\/\/www.sainte-therese-les-cordeliers.fr\/blog-cdi-lp\/wp-content\/uploads\/sites\/3\/2017\/04\/colombe.jpg\" alt=\"\" width=\"47\" height=\"40\" srcset=\"https:\/\/www.sainte-therese-les-cordeliers.fr\/blog-cdi-lp\/wp-content\/uploads\/sites\/3\/2017\/04\/colombe-200x170.jpg 200w, https:\/\/www.sainte-therese-les-cordeliers.fr\/blog-cdi-lp\/wp-content\/uploads\/sites\/3\/2017\/04\/colombe.jpg 202w\" sizes=\"(max-width: 47px) 100vw, 47px\" \/><\/a><\/p>\n","protected":false},"excerpt":{"rendered":"<p>&nbsp; &nbsp; &nbsp; &nbsp; Les \u00e9l\u00e8ves des classes de seconde professionnelles 1 et 2 sont all\u00e9s le 22 et 23 mars \u00e0 l\u2019exposition \u2018\u2019Cartooning for peace\u2019\u2019 au CRDP de Clermont-Ferrand. Cette exposition \u00e9tait consacr\u00e9e au dessin de presse et donc en lien avec ce que nous \u00e9tudions en fran\u00e7ais\u00a0: la presse. \u00ab\u00a0Cartooning for peace\u00a0\u00bb, qui <a href=\"https:\/\/www.sainte-therese-les-cordeliers.fr\/blog-cdi-lp\/les-classes-de-seconde-participent-a-la-semaine-de-la-presse\/\"> [&#8230;]<\/a><\/p>\n","protected":false},"author":3,"featured_media":0,"comment_status":"closed","ping_status":"closed","sticky":false,"template":"","format":"standard","meta":{"om_disable_all_campaigns":false,"footnotes":""},"categories":[2,26,33],"tags":[],"class_list":["post-1510","post","type-post","status-publish","format-standard","hentry","category-bandes-dessinees","category-lecture","category-presse"],"aioseo_notices":[],"_links":{"self":[{"href":"https:\/\/www.sainte-therese-les-cordeliers.fr\/blog-cdi-lp\/wp-json\/wp\/v2\/posts\/1510","targetHints":{"allow":["GET"]}}],"collection":[{"href":"https:\/\/www.sainte-therese-les-cordeliers.fr\/blog-cdi-lp\/wp-json\/wp\/v2\/posts"}],"about":[{"href":"https:\/\/www.sainte-therese-les-cordeliers.fr\/blog-cdi-lp\/wp-json\/wp\/v2\/types\/post"}],"author":[{"embeddable":true,"href":"https:\/\/www.sainte-therese-les-cordeliers.fr\/blog-cdi-lp\/wp-json\/wp\/v2\/users\/3"}],"replies":[{"embeddable":true,"href":"https:\/\/www.sainte-therese-les-cordeliers.fr\/blog-cdi-lp\/wp-json\/wp\/v2\/comments?post=1510"}],"version-history":[{"count":5,"href":"https:\/\/www.sainte-therese-les-cordeliers.fr\/blog-cdi-lp\/wp-json\/wp\/v2\/posts\/1510\/revisions"}],"predecessor-version":[{"id":1519,"href":"https:\/\/www.sainte-therese-les-cordeliers.fr\/blog-cdi-lp\/wp-json\/wp\/v2\/posts\/1510\/revisions\/1519"}],"wp:attachment":[{"href":"https:\/\/www.sainte-therese-les-cordeliers.fr\/blog-cdi-lp\/wp-json\/wp\/v2\/media?parent=1510"}],"wp:term":[{"taxonomy":"category","embeddable":true,"href":"https:\/\/www.sainte-therese-les-cordeliers.fr\/blog-cdi-lp\/wp-json\/wp\/v2\/categories?post=1510"},{"taxonomy":"post_tag","embeddable":true,"href":"https:\/\/www.sainte-therese-les-cordeliers.fr\/blog-cdi-lp\/wp-json\/wp\/v2\/tags?post=1510"}],"curies":[{"name":"wp","href":"https:\/\/api.w.org\/{rel}","templated":true}]}}