{"id":1609,"date":"2017-04-10T15:01:09","date_gmt":"2017-04-10T14:01:09","guid":{"rendered":"https:\/\/www.sainte-therese-les-cordeliers.fr\/blog-cdi-lp\/?p=1609"},"modified":"2017-05-12T08:21:17","modified_gmt":"2017-05-12T07:21:17","slug":"1ere-assp-ateliers-de-memoire-sensorielle-projet-intergenerationnel-danimation","status":"publish","type":"post","link":"https:\/\/www.sainte-therese-les-cordeliers.fr\/blog-cdi-lp\/1ere-assp-ateliers-de-memoire-sensorielle-projet-intergenerationnel-danimation\/","title":{"rendered":"1\u00e8re ASSP : ATELIERS DE M\u00c9MOIRE SENSORIELLE (Projet interg\u00e9n\u00e9rationnel d&rsquo;animation)"},"content":{"rendered":"<p><a href=\"https:\/\/www.sainte-therese-les-cordeliers.fr\/blog-cdi-lp\/wp-content\/uploads\/sites\/3\/2017\/05\/Capture.jpg\"><img decoding=\"async\" class=\"wp-image-1610 alignleft\" src=\"https:\/\/www.sainte-therese-les-cordeliers.fr\/blog-cdi-lp\/wp-content\/uploads\/sites\/3\/2017\/05\/Capture.jpg\" alt=\"\" width=\"268\" height=\"305\" srcset=\"https:\/\/www.sainte-therese-les-cordeliers.fr\/blog-cdi-lp\/wp-content\/uploads\/sites\/3\/2017\/05\/Capture-200x227.jpg 200w, https:\/\/www.sainte-therese-les-cordeliers.fr\/blog-cdi-lp\/wp-content\/uploads\/sites\/3\/2017\/05\/Capture-264x300.jpg 264w, https:\/\/www.sainte-therese-les-cordeliers.fr\/blog-cdi-lp\/wp-content\/uploads\/sites\/3\/2017\/05\/Capture-400x455.jpg 400w, https:\/\/www.sainte-therese-les-cordeliers.fr\/blog-cdi-lp\/wp-content\/uploads\/sites\/3\/2017\/05\/Capture.jpg 438w\" sizes=\"(max-width: 268px) 100vw, 268px\" \/><\/a><em>\u00ab\u00a0Jeudi 23 mars 2017, nous avons rendu visite aux r\u00e9sidents de l\u2019EHPAD (Etablissement d\u2019H\u00e9bergement pour Personnes Ag\u00e9es D\u00e9pendantes) Saint-Joseph \u00e0 Chamali\u00e8res. Nous leur avons propos\u00e9 des activit\u00e9s de maintien de l\u2019autonomie et de la vie sociale, centr\u00e9es autour de la m\u00e9moire et des sens. Nous avions pr\u00e9par\u00e9 trois activit\u00e9s diff\u00e9rentes\u00a0: un atelier olfactif, un atelier tactile et un quizz visuel. Les personnes \u00e2g\u00e9es ont pu participer \u00e0 ces activit\u00e9s selon leurs go\u00fbts et leurs envies, faire travailler leur m\u00e9moire des sens, et \u00e9changer longuement avec nous. Apr\u00e8s ces ateliers par petits groupes, nous nous sommes tous retrouv\u00e9s autour d\u2019une activit\u00e9 Chant. Nous avons entonn\u00e9 des chansons connues des personnes \u00e2g\u00e9es et que nous avions r\u00e9p\u00e9t\u00e9es au lyc\u00e9e\u00a0: \u00ab\u00a0La ballade des gens heureux\u00a0\u00bb (G\u00e9rard Lenormand), \u00ab\u00a0On \u00e9crit sur les murs\u00a0\u00bb (Kids United), \u00ab\u00a0L\u2019eau vive\u00a0\u00bb (Guy B\u00e9art) \u2026 Pour cl\u00f4turer cette belle journ\u00e9e, nous avons ensuite partag\u00e9 le go\u00fbter, et nous avons offert aux personnes \u00e2g\u00e9es les livrets de chansons que nous avions pr\u00e9par\u00e9s pour eux. Ils nous ont m\u00eame demand\u00e9 de les d\u00e9dicacer\u00a0! Nous avons \u00e9t\u00e9 heureuses de partager ce moment convivial avec eux, ainsi que de concr\u00e9tiser notre projet d\u2019animation en milieu professionnel.\u00a0\u00bb<\/em><\/p>\n<p style=\"text-align: right\"><span style=\"color: #800080\"><em><strong>Les \u00e9l\u00e8ves du groupe 2 de 1<sup>\u00e8re<\/sup> ASSP<\/strong><\/em><\/span><\/p>\n<p style=\"text-align: left\">\n","protected":false},"excerpt":{"rendered":"<p>\u00ab\u00a0Jeudi 23 mars 2017, nous avons rendu visite aux r\u00e9sidents de l\u2019EHPAD (Etablissement d\u2019H\u00e9bergement pour Personnes Ag\u00e9es D\u00e9pendantes) Saint-Joseph \u00e0 Chamali\u00e8res. Nous leur avons propos\u00e9 des activit\u00e9s de maintien de l\u2019autonomie et de la vie sociale, centr\u00e9es autour de la m\u00e9moire et des sens. Nous avions pr\u00e9par\u00e9 trois activit\u00e9s diff\u00e9rentes\u00a0: un atelier olfactif, un atelier <a href=\"https:\/\/www.sainte-therese-les-cordeliers.fr\/blog-cdi-lp\/1ere-assp-ateliers-de-memoire-sensorielle-projet-intergenerationnel-danimation\/\"> [&#8230;]<\/a><\/p>\n","protected":false},"author":3,"featured_media":0,"comment_status":"closed","ping_status":"closed","sticky":false,"template":"","format":"standard","meta":{"om_disable_all_campaigns":false,"footnotes":""},"categories":[20],"tags":[29],"class_list":["post-1609","post","type-post","status-publish","format-standard","hentry","category-animation","tag-bac-assp"],"aioseo_notices":[],"_links":{"self":[{"href":"https:\/\/www.sainte-therese-les-cordeliers.fr\/blog-cdi-lp\/wp-json\/wp\/v2\/posts\/1609","targetHints":{"allow":["GET"]}}],"collection":[{"href":"https:\/\/www.sainte-therese-les-cordeliers.fr\/blog-cdi-lp\/wp-json\/wp\/v2\/posts"}],"about":[{"href":"https:\/\/www.sainte-therese-les-cordeliers.fr\/blog-cdi-lp\/wp-json\/wp\/v2\/types\/post"}],"author":[{"embeddable":true,"href":"https:\/\/www.sainte-therese-les-cordeliers.fr\/blog-cdi-lp\/wp-json\/wp\/v2\/users\/3"}],"replies":[{"embeddable":true,"href":"https:\/\/www.sainte-therese-les-cordeliers.fr\/blog-cdi-lp\/wp-json\/wp\/v2\/comments?post=1609"}],"version-history":[{"count":4,"href":"https:\/\/www.sainte-therese-les-cordeliers.fr\/blog-cdi-lp\/wp-json\/wp\/v2\/posts\/1609\/revisions"}],"predecessor-version":[{"id":1628,"href":"https:\/\/www.sainte-therese-les-cordeliers.fr\/blog-cdi-lp\/wp-json\/wp\/v2\/posts\/1609\/revisions\/1628"}],"wp:attachment":[{"href":"https:\/\/www.sainte-therese-les-cordeliers.fr\/blog-cdi-lp\/wp-json\/wp\/v2\/media?parent=1609"}],"wp:term":[{"taxonomy":"category","embeddable":true,"href":"https:\/\/www.sainte-therese-les-cordeliers.fr\/blog-cdi-lp\/wp-json\/wp\/v2\/categories?post=1609"},{"taxonomy":"post_tag","embeddable":true,"href":"https:\/\/www.sainte-therese-les-cordeliers.fr\/blog-cdi-lp\/wp-json\/wp\/v2\/tags?post=1609"}],"curies":[{"name":"wp","href":"https:\/\/api.w.org\/{rel}","templated":true}]}}