{"id":1632,"date":"2017-05-20T09:20:21","date_gmt":"2017-05-20T08:20:21","guid":{"rendered":"https:\/\/www.sainte-therese-les-cordeliers.fr\/blog-cdi-lp\/?p=1632"},"modified":"2017-05-22T15:05:50","modified_gmt":"2017-05-22T14:05:50","slug":"le-jdl-hors-serie-special-semaine-culturelle","status":"publish","type":"post","link":"https:\/\/www.sainte-therese-les-cordeliers.fr\/blog-cdi-lp\/le-jdl-hors-serie-special-semaine-culturelle\/","title":{"rendered":"Le JDL Hors-S\u00e9rie \u00ab\u00a0sp\u00e9cial semaine culturelle\u00a0\u00bb"},"content":{"rendered":"<p>La semaine culturelle qui a eu lieu du lundi 10 au vendredi 14 avril consistait \u00e0 proposer de nombreuses activit\u00e9s \u00e0 l&rsquo;ensemble des \u00e9l\u00e8ves des classes de 1\u00e8re (commerce, accueil et ASSP) qui n&rsquo;\u00e9taient pas partis en voyage scolaire. Ceci fut pour eux l&rsquo;occasion de se transformer en journalistes et de cr\u00e9er un JDL Hors-S\u00e9rie \u00ab\u00a0sp\u00e9cial semaine culturelle\u00a0\u00bb que vous d\u00e9couvrirez en cliquant sur le lien ci-dessous :<\/p>\n<p><a href=\"https:\/\/fr.calameo.com\/read\/004568456ac59a1ce93e9\"><img decoding=\"async\" class=\"wp-image-1635 aligncenter\" src=\"https:\/\/www.sainte-therese-les-cordeliers.fr\/blog-cdi-lp\/wp-content\/uploads\/sites\/3\/2017\/05\/jdl.png\" alt=\"\" width=\"131\" height=\"186\" srcset=\"https:\/\/www.sainte-therese-les-cordeliers.fr\/blog-cdi-lp\/wp-content\/uploads\/sites\/3\/2017\/05\/jdl-200x284.png 200w, https:\/\/www.sainte-therese-les-cordeliers.fr\/blog-cdi-lp\/wp-content\/uploads\/sites\/3\/2017\/05\/jdl-212x300.png 212w, https:\/\/www.sainte-therese-les-cordeliers.fr\/blog-cdi-lp\/wp-content\/uploads\/sites\/3\/2017\/05\/jdl-400x567.png 400w, https:\/\/www.sainte-therese-les-cordeliers.fr\/blog-cdi-lp\/wp-content\/uploads\/sites\/3\/2017\/05\/jdl.png 510w\" sizes=\"(max-width: 131px) 100vw, 131px\" \/><\/a><\/p>\n","protected":false},"excerpt":{"rendered":"<p>La semaine culturelle qui a eu lieu du lundi 10 au vendredi 14 avril consistait \u00e0 proposer de nombreuses activit\u00e9s \u00e0 l&rsquo;ensemble des \u00e9l\u00e8ves des classes de 1\u00e8re (commerce, accueil et ASSP) qui n&rsquo;\u00e9taient pas partis en voyage scolaire. Ceci fut pour eux l&rsquo;occasion de se transformer en journalistes et de cr\u00e9er un JDL Hors-S\u00e9rie <a href=\"https:\/\/www.sainte-therese-les-cordeliers.fr\/blog-cdi-lp\/le-jdl-hors-serie-special-semaine-culturelle\/\"> [&#8230;]<\/a><\/p>\n","protected":false},"author":3,"featured_media":0,"comment_status":"closed","ping_status":"closed","sticky":false,"template":"","format":"standard","meta":{"om_disable_all_campaigns":false,"footnotes":""},"categories":[26,33],"tags":[],"class_list":["post-1632","post","type-post","status-publish","format-standard","hentry","category-lecture","category-presse"],"aioseo_notices":[],"_links":{"self":[{"href":"https:\/\/www.sainte-therese-les-cordeliers.fr\/blog-cdi-lp\/wp-json\/wp\/v2\/posts\/1632","targetHints":{"allow":["GET"]}}],"collection":[{"href":"https:\/\/www.sainte-therese-les-cordeliers.fr\/blog-cdi-lp\/wp-json\/wp\/v2\/posts"}],"about":[{"href":"https:\/\/www.sainte-therese-les-cordeliers.fr\/blog-cdi-lp\/wp-json\/wp\/v2\/types\/post"}],"author":[{"embeddable":true,"href":"https:\/\/www.sainte-therese-les-cordeliers.fr\/blog-cdi-lp\/wp-json\/wp\/v2\/users\/3"}],"replies":[{"embeddable":true,"href":"https:\/\/www.sainte-therese-les-cordeliers.fr\/blog-cdi-lp\/wp-json\/wp\/v2\/comments?post=1632"}],"version-history":[{"count":4,"href":"https:\/\/www.sainte-therese-les-cordeliers.fr\/blog-cdi-lp\/wp-json\/wp\/v2\/posts\/1632\/revisions"}],"predecessor-version":[{"id":1637,"href":"https:\/\/www.sainte-therese-les-cordeliers.fr\/blog-cdi-lp\/wp-json\/wp\/v2\/posts\/1632\/revisions\/1637"}],"wp:attachment":[{"href":"https:\/\/www.sainte-therese-les-cordeliers.fr\/blog-cdi-lp\/wp-json\/wp\/v2\/media?parent=1632"}],"wp:term":[{"taxonomy":"category","embeddable":true,"href":"https:\/\/www.sainte-therese-les-cordeliers.fr\/blog-cdi-lp\/wp-json\/wp\/v2\/categories?post=1632"},{"taxonomy":"post_tag","embeddable":true,"href":"https:\/\/www.sainte-therese-les-cordeliers.fr\/blog-cdi-lp\/wp-json\/wp\/v2\/tags?post=1632"}],"curies":[{"name":"wp","href":"https:\/\/api.w.org\/{rel}","templated":true}]}}