{"id":167,"date":"2013-05-23T16:30:05","date_gmt":"2013-05-23T15:30:05","guid":{"rendered":"https:\/\/www.sainte-therese-les-cordeliers.fr\/blog-cdi-lp\/?p=167"},"modified":"2013-06-06T13:44:33","modified_gmt":"2013-06-06T12:44:33","slug":"section-euro-du-l-p-st-therese","status":"publish","type":"post","link":"https:\/\/www.sainte-therese-les-cordeliers.fr\/blog-cdi-lp\/section-euro-du-l-p-st-therese\/","title":{"rendered":"Section EURO du L.P. St Th\u00e9r\u00e8se"},"content":{"rendered":"<p align=\"center\"><b>DES NOUVELLES D\u2019\u00c9COSSE\u00a0!<\/b><\/p>\n<p>Comme chaque ann\u00e9e, certains de nos \u00e9l\u00e8ves sont partis \u00e0 l\u2019\u00e9tranger, \u00e0 Edimbourg en Ecosse plus pr\u00e9cis\u00e9ment, pour effectuer une de leurs <b>P\u00e9riodes de Formation en Entreprise<\/b>\u00a0(4 semaines)<\/p>\n<p>Rappel\u00a0: <strong>2011\u00a0<\/strong>: 5 \u00e9l\u00e8ves envoy\u00e9s \u00e0 Dublin \/\u00a0<strong>2012<\/strong>\u00a0: 7 \u00e9l\u00e8ves envoy\u00e9s \u00e0 Edimbourg \/\u00a0<strong>2013<\/strong>\u00a0: 9 d\u00e9parts pour Edimbourg (6 \u00e9l\u00e8ves de terminale, 3 de premi\u00e8re).<\/p>\n<p><a href=\"https:\/\/www.sainte-therese-les-cordeliers.fr\/blog-cdi-lp\/wp-content\/uploads\/sites\/3\/2013\/05\/Edimbourg-2013.jpg\"><img decoding=\"async\" class=\"size-medium wp-image-173 aligncenter\" alt=\"Edimbourg 2013\" src=\"https:\/\/www.sainte-therese-les-cordeliers.fr\/blog-cdi-lp\/wp-content\/uploads\/sites\/3\/2013\/05\/Edimbourg-2013-300x198.jpg\" width=\"300\" height=\"213\" \/><\/a>\u00a0Ambre, Caroline et Marion en 1ere Accueil-Relation-Clients devant le c\u00e9l\u00e8bre Telford Bridge (sur l&rsquo;estuaire de la Firth a l&rsquo;ext\u00e9rieur d&rsquo;Edimbourg)<\/p>\n<p>Deux d\u2019entre elles nous ont permis de diffuser un de leurs nombreux t\u00e9moignages\u00a0:<\/p>\n<pre><i>Le 14\/05\/2013 18:07, <\/i><\/pre>\n<p><i>\u00a0\u00ab\u00a0<\/i><i>Bonjour madame,<\/i><\/p>\n<p><i>\u00a0Depuis hier je fais enfin de l&rsquo;accueil, je suis trop contente, m\u00eame si c&rsquo;est encore dur d&rsquo;aller vers le client et de comprendre ce qu&rsquo;il me dit. Hier j&rsquo;ai surtout vu les \u00ab\u00a0check-out\u00a0\u00bb (= d\u00e9part de l\u2019h\u00f4tel) et comment entrer les nouveaux clients dans le syst\u00e8me informatique, mais je ne sais pas encore parler avec les clients quand je fais cette manipulation mais je pense que \u00e7a viendra.<\/i><\/p>\n<p><i>Aujourd&rsquo;hui avec des phrases que j&rsquo;ai r\u00e9ussi \u00e0 comprendre et \u00e0 \u00e9crire j&rsquo;ai r\u00e9ussi \u00e0 appeler mes premiers taxis !!! J&rsquo;ai eu peur au d\u00e9but d&rsquo;avoir un accent trop fran\u00e7ais et donc incompr\u00e9hensible mais non, les deux taxis que j&rsquo;ai appel\u00e9s sont bien venus, je suis fi\u00e8re de moi.<\/i><\/p>\n<p><i>Voil\u00e0, ce sont les t\u00e2ches les plus importantes que j&rsquo;ai accomplies, je vous referai un compte-rendu dans peu de temps, je pense.<\/i><\/p>\n<p><i>Cordialement, Ambre\u00a0\u00bb<\/i><\/p>\n<pre><\/pre>\n<p><i>Le 12\/05\/2013 13:32, Caroline a \u00e9crit\u00a0:<\/i><\/p>\n<p><i>\u00ab\u00a0Hi, je vous envoie un email pour vous dire que tout se passe bien en Ecosse\u00a0et pour mon stage aussi.<br \/>\nC&rsquo;est vraiment une super exp\u00e9rience\u00a0; je n&rsquo;aurais jamais pens\u00e9 cela. Je ne regrette absolument\u00a0pas et je\u00a0m&rsquo;y plais vraiment mis \u00e0 part que l&rsquo;anglais, ce n\u2019est pas toujours facile au travail pour comprendre les clients car ils ont soit un accent ou\u00a0parlent trop vite ou pas assez fort, mais je pense cependant faire pour le mieux. Avec Joan, dans la famille d\u2019accueil, tout se passe bien et\u00a0je comprends assez bien.\u00a0A tr\u00e8s bient\u00f4t, bises. Caroline\u00a0\u00bb.<\/i><\/p>\n<p><b>Ambre et Caroline, \u00e9l\u00e8ves de 1ere Accueil Relation Clients, nous enverront bient\u00f4t des photos.<\/b><\/p>\n<p><b>See you soon. <\/b><\/p>\n<p><b>\u00a0<\/b><\/p>\n","protected":false},"excerpt":{"rendered":"<p>DES NOUVELLES D\u2019\u00c9COSSE\u00a0! Comme chaque ann\u00e9e, certains de nos \u00e9l\u00e8ves sont partis \u00e0 l\u2019\u00e9tranger, \u00e0 Edimbourg en Ecosse plus pr\u00e9cis\u00e9ment, pour effectuer une de leurs P\u00e9riodes de Formation en Entreprise\u00a0(4 semaines) Rappel\u00a0: 2011\u00a0: 5 \u00e9l\u00e8ves envoy\u00e9s \u00e0 Dublin \/\u00a02012\u00a0: 7 \u00e9l\u00e8ves envoy\u00e9s \u00e0 Edimbourg \/\u00a02013\u00a0: 9 d\u00e9parts pour Edimbourg (6 \u00e9l\u00e8ves de terminale, 3 de <a href=\"https:\/\/www.sainte-therese-les-cordeliers.fr\/blog-cdi-lp\/section-euro-du-l-p-st-therese\/\"> [&#8230;]<\/a><\/p>\n","protected":false},"author":3,"featured_media":0,"comment_status":"closed","ping_status":"closed","sticky":false,"template":"","format":"standard","meta":{"om_disable_all_campaigns":false,"footnotes":""},"categories":[23,5],"tags":[21,22],"class_list":["post-167","post","type-post","status-publish","format-standard","hentry","category-section-euro","category-voyages","tag-accueil-relation-clients","tag-ecosse"],"aioseo_notices":[],"_links":{"self":[{"href":"https:\/\/www.sainte-therese-les-cordeliers.fr\/blog-cdi-lp\/wp-json\/wp\/v2\/posts\/167","targetHints":{"allow":["GET"]}}],"collection":[{"href":"https:\/\/www.sainte-therese-les-cordeliers.fr\/blog-cdi-lp\/wp-json\/wp\/v2\/posts"}],"about":[{"href":"https:\/\/www.sainte-therese-les-cordeliers.fr\/blog-cdi-lp\/wp-json\/wp\/v2\/types\/post"}],"author":[{"embeddable":true,"href":"https:\/\/www.sainte-therese-les-cordeliers.fr\/blog-cdi-lp\/wp-json\/wp\/v2\/users\/3"}],"replies":[{"embeddable":true,"href":"https:\/\/www.sainte-therese-les-cordeliers.fr\/blog-cdi-lp\/wp-json\/wp\/v2\/comments?post=167"}],"version-history":[{"count":15,"href":"https:\/\/www.sainte-therese-les-cordeliers.fr\/blog-cdi-lp\/wp-json\/wp\/v2\/posts\/167\/revisions"}],"predecessor-version":[{"id":194,"href":"https:\/\/www.sainte-therese-les-cordeliers.fr\/blog-cdi-lp\/wp-json\/wp\/v2\/posts\/167\/revisions\/194"}],"wp:attachment":[{"href":"https:\/\/www.sainte-therese-les-cordeliers.fr\/blog-cdi-lp\/wp-json\/wp\/v2\/media?parent=167"}],"wp:term":[{"taxonomy":"category","embeddable":true,"href":"https:\/\/www.sainte-therese-les-cordeliers.fr\/blog-cdi-lp\/wp-json\/wp\/v2\/categories?post=167"},{"taxonomy":"post_tag","embeddable":true,"href":"https:\/\/www.sainte-therese-les-cordeliers.fr\/blog-cdi-lp\/wp-json\/wp\/v2\/tags?post=167"}],"curies":[{"name":"wp","href":"https:\/\/api.w.org\/{rel}","templated":true}]}}