{"id":1678,"date":"2017-06-08T16:22:26","date_gmt":"2017-06-08T15:22:26","guid":{"rendered":"https:\/\/www.sainte-therese-les-cordeliers.fr\/blog-cdi-lp\/?p=1678"},"modified":"2017-06-08T16:24:41","modified_gmt":"2017-06-08T15:24:41","slug":"court-metrage-2017-concours-de-la-jeune-critique","status":"publish","type":"post","link":"https:\/\/www.sainte-therese-les-cordeliers.fr\/blog-cdi-lp\/court-metrage-2017-concours-de-la-jeune-critique\/","title":{"rendered":"Court m\u00e9trage 2017 : concours de la jeune critique"},"content":{"rendered":"<p>A l&rsquo;occasion du concours de la jeune critique du Festival du Court m\u00e9trage 2017, <span style=\"color: #993300\">Arthur Th\u00e9allier (1\u00e8re commerce-accueil)<\/span> s&rsquo;est particuli\u00e8rement illustr\u00e9 en remportant le 3\u00e8me prix dans la cat\u00e9gorie \u00ab\u00a0Lyc\u00e9e professionnel et agricole\u00a0\u00bb. Le film retenu fut <strong>\u00ab\u00a0La R\u00e9publique des enchanteurs\u00a0\u00bb <\/strong>de J\u00e9r\u00e9mie Trouilh et Fanny Liatard<strong>\u00a0<\/strong>. A cette occasion, nos \u00e9l\u00e8ves avaient pu avoir une entrevue tr\u00e8s enrichissante avec les r\u00e9alisateurs et ainsi se rendre r\u00e9ellement compte du travail que repr\u00e9sente la conception d&rsquo;une telle \u0153uvre. Nous vous proposons ci-dessous la critique D&rsquo;Arthur. F\u00e9licitations \u00e0 lui !<\/p>\n<p><a href=\"https:\/\/www.sainte-therese-les-cordeliers.fr\/blog-cdi-lp\/wp-content\/uploads\/sites\/3\/2017\/06\/arthur.png\"><img decoding=\"async\" class=\"alignleft wp-image-1679\" src=\"https:\/\/www.sainte-therese-les-cordeliers.fr\/blog-cdi-lp\/wp-content\/uploads\/sites\/3\/2017\/06\/arthur.png\" alt=\"\" width=\"350\" height=\"167\" srcset=\"https:\/\/www.sainte-therese-les-cordeliers.fr\/blog-cdi-lp\/wp-content\/uploads\/sites\/3\/2017\/06\/arthur-200x96.png 200w, https:\/\/www.sainte-therese-les-cordeliers.fr\/blog-cdi-lp\/wp-content\/uploads\/sites\/3\/2017\/06\/arthur-300x143.png 300w, https:\/\/www.sainte-therese-les-cordeliers.fr\/blog-cdi-lp\/wp-content\/uploads\/sites\/3\/2017\/06\/arthur-400x191.png 400w, https:\/\/www.sainte-therese-les-cordeliers.fr\/blog-cdi-lp\/wp-content\/uploads\/sites\/3\/2017\/06\/arthur-600x287.png 600w, https:\/\/www.sainte-therese-les-cordeliers.fr\/blog-cdi-lp\/wp-content\/uploads\/sites\/3\/2017\/06\/arthur-768x367.png 768w, https:\/\/www.sainte-therese-les-cordeliers.fr\/blog-cdi-lp\/wp-content\/uploads\/sites\/3\/2017\/06\/arthur-800x383.png 800w, https:\/\/www.sainte-therese-les-cordeliers.fr\/blog-cdi-lp\/wp-content\/uploads\/sites\/3\/2017\/06\/arthur-1200x574.png 1200w, https:\/\/www.sainte-therese-les-cordeliers.fr\/blog-cdi-lp\/wp-content\/uploads\/sites\/3\/2017\/06\/arthur.png 1263w\" sizes=\"(max-width: 350px) 100vw, 350px\" \/><\/a><a href=\"https:\/\/www.sainte-therese-les-cordeliers.fr\/blog-cdi-lp\/wp-content\/uploads\/sites\/3\/2017\/06\/b_1_q_0_p_0.jpg\"><img decoding=\"async\" class=\"alignleft wp-image-1681\" src=\"https:\/\/www.sainte-therese-les-cordeliers.fr\/blog-cdi-lp\/wp-content\/uploads\/sites\/3\/2017\/06\/b_1_q_0_p_0.jpg\" alt=\"\" width=\"64\" height=\"64\" srcset=\"https:\/\/www.sainte-therese-les-cordeliers.fr\/blog-cdi-lp\/wp-content\/uploads\/sites\/3\/2017\/06\/b_1_q_0_p_0-66x66.jpg 66w, https:\/\/www.sainte-therese-les-cordeliers.fr\/blog-cdi-lp\/wp-content\/uploads\/sites\/3\/2017\/06\/b_1_q_0_p_0-150x150.jpg 150w, https:\/\/www.sainte-therese-les-cordeliers.fr\/blog-cdi-lp\/wp-content\/uploads\/sites\/3\/2017\/06\/b_1_q_0_p_0-200x200.jpg 200w, https:\/\/www.sainte-therese-les-cordeliers.fr\/blog-cdi-lp\/wp-content\/uploads\/sites\/3\/2017\/06\/b_1_q_0_p_0-300x300.jpg 300w, https:\/\/www.sainte-therese-les-cordeliers.fr\/blog-cdi-lp\/wp-content\/uploads\/sites\/3\/2017\/06\/b_1_q_0_p_0.jpg 350w\" sizes=\"(max-width: 64px) 100vw, 64px\" \/><\/a> <a href=\"https:\/\/www.sainte-therese-les-cordeliers.fr\/blog-cdi-lp\/wp-content\/uploads\/sites\/3\/2017\/06\/artur.png\"><img decoding=\"async\" class=\"alignleft wp-image-1680\" src=\"https:\/\/www.sainte-therese-les-cordeliers.fr\/blog-cdi-lp\/wp-content\/uploads\/sites\/3\/2017\/06\/artur.png\" alt=\"\" width=\"183\" height=\"137\" srcset=\"https:\/\/www.sainte-therese-les-cordeliers.fr\/blog-cdi-lp\/wp-content\/uploads\/sites\/3\/2017\/06\/artur-200x150.png 200w, https:\/\/www.sainte-therese-les-cordeliers.fr\/blog-cdi-lp\/wp-content\/uploads\/sites\/3\/2017\/06\/artur-300x224.png 300w, https:\/\/www.sainte-therese-les-cordeliers.fr\/blog-cdi-lp\/wp-content\/uploads\/sites\/3\/2017\/06\/artur-400x299.png 400w, https:\/\/www.sainte-therese-les-cordeliers.fr\/blog-cdi-lp\/wp-content\/uploads\/sites\/3\/2017\/06\/artur-600x449.png 600w, https:\/\/www.sainte-therese-les-cordeliers.fr\/blog-cdi-lp\/wp-content\/uploads\/sites\/3\/2017\/06\/artur-768x574.png 768w, https:\/\/www.sainte-therese-les-cordeliers.fr\/blog-cdi-lp\/wp-content\/uploads\/sites\/3\/2017\/06\/artur-800x598.png 800w, https:\/\/www.sainte-therese-les-cordeliers.fr\/blog-cdi-lp\/wp-content\/uploads\/sites\/3\/2017\/06\/artur.png 1150w\" sizes=\"(max-width: 183px) 100vw, 183px\" \/><\/a><\/p>\n<p>&nbsp;<\/p>\n<p>&nbsp;<\/p>\n<p>&nbsp;<\/p>\n<p>&nbsp;<\/p>\n<p>&nbsp;<\/p>\n<p style=\"text-align: center\"><span style=\"color: #993300\"><strong>\u00ab\u00a0La R\u00e9publique des enchanteurs\u00a0\u00bb, un court m\u00e9trage \u00e0 voir\u00a0?<\/strong><\/span><\/p>\n<p>Bien qu&rsquo;au premier abord, l&rsquo;histoire semble obscure, le court m\u00e9trage v\u00e9hicule un beau message au monde\u00a0; sa simplicit\u00e9 le rend touchant. <em>La R\u00e9publique des enchanteurs <\/em>est un triptyque, chaque histoire ayant pour r\u00e9f\u00e9rence une des valeurs de la R\u00e9publique Fran\u00e7aise\u00a0: Libert\u00e9, Egalit\u00e9, Fraternit\u00e9.<\/p>\n<p>Ce court-m\u00e9trage est original. La texture du film, ses couleurs vives et ternes \u00e0 la fois offrent un magnifique contraste aux spectateurs et les plongent dans une ambiance bien particuli\u00e8re. La musique est \u00e9galement tr\u00e8s belle, et les jeux de son permettent au court m\u00e9trage d&rsquo;\u00eatre rythm\u00e9 et entrainant. Certains \u00e9l\u00e9ments rappelleront aux spectateurs les contes de f\u00e9e de leur enfance et les r\u00e9cits fantastiques, tels que l&rsquo;apparition d&rsquo;un cheval blanc lumineux mont\u00e9 par un \u00ab\u00a0prince charmant\u00a0\u00bb qui va retrouver sa \u00ab\u00a0princesse\u00a0\u00bb. Je recommande donc beaucoup ce court-m\u00e9trage. Mais ne vous fiez pas aux apparences car si, au premier abord, l&rsquo;histoire peut sembler simpliste, apr\u00e8s r\u00e9flexion et avec du recul vous pourrez en appr\u00e9cier toute la richesse.<\/p>\n<p>Esp\u00e9rons que le prochain court-m\u00e9trage de J\u00e9r\u00e9mie Trouilh et de Fanny Liatard soit \u00e0 la hauteur de cette petite p\u00e9pite qu&rsquo;est <em>La R\u00e9publique des enchanteurs\u00a0<\/em>!<\/p>\n<p style=\"text-align: right\"><em>Arthur Th\u00e9allier<\/em><\/p>\n","protected":false},"excerpt":{"rendered":"<p>A l&rsquo;occasion du concours de la jeune critique du Festival du Court m\u00e9trage 2017, Arthur Th\u00e9allier (1\u00e8re commerce-accueil) s&rsquo;est particuli\u00e8rement illustr\u00e9 en remportant le 3\u00e8me prix dans la cat\u00e9gorie \u00ab\u00a0Lyc\u00e9e professionnel et agricole\u00a0\u00bb. Le film retenu fut \u00ab\u00a0La R\u00e9publique des enchanteurs\u00a0\u00bb de J\u00e9r\u00e9mie Trouilh et Fanny Liatard\u00a0. A cette occasion, nos \u00e9l\u00e8ves avaient pu avoir <a href=\"https:\/\/www.sainte-therese-les-cordeliers.fr\/blog-cdi-lp\/court-metrage-2017-concours-de-la-jeune-critique\/\"> [&#8230;]<\/a><\/p>\n","protected":false},"author":3,"featured_media":0,"comment_status":"closed","ping_status":"closed","sticky":false,"template":"","format":"standard","meta":{"om_disable_all_campaigns":false,"footnotes":""},"categories":[32],"tags":[48],"class_list":["post-1678","post","type-post","status-publish","format-standard","hentry","category-art","tag-cinema"],"aioseo_notices":[],"_links":{"self":[{"href":"https:\/\/www.sainte-therese-les-cordeliers.fr\/blog-cdi-lp\/wp-json\/wp\/v2\/posts\/1678","targetHints":{"allow":["GET"]}}],"collection":[{"href":"https:\/\/www.sainte-therese-les-cordeliers.fr\/blog-cdi-lp\/wp-json\/wp\/v2\/posts"}],"about":[{"href":"https:\/\/www.sainte-therese-les-cordeliers.fr\/blog-cdi-lp\/wp-json\/wp\/v2\/types\/post"}],"author":[{"embeddable":true,"href":"https:\/\/www.sainte-therese-les-cordeliers.fr\/blog-cdi-lp\/wp-json\/wp\/v2\/users\/3"}],"replies":[{"embeddable":true,"href":"https:\/\/www.sainte-therese-les-cordeliers.fr\/blog-cdi-lp\/wp-json\/wp\/v2\/comments?post=1678"}],"version-history":[{"count":8,"href":"https:\/\/www.sainte-therese-les-cordeliers.fr\/blog-cdi-lp\/wp-json\/wp\/v2\/posts\/1678\/revisions"}],"predecessor-version":[{"id":1689,"href":"https:\/\/www.sainte-therese-les-cordeliers.fr\/blog-cdi-lp\/wp-json\/wp\/v2\/posts\/1678\/revisions\/1689"}],"wp:attachment":[{"href":"https:\/\/www.sainte-therese-les-cordeliers.fr\/blog-cdi-lp\/wp-json\/wp\/v2\/media?parent=1678"}],"wp:term":[{"taxonomy":"category","embeddable":true,"href":"https:\/\/www.sainte-therese-les-cordeliers.fr\/blog-cdi-lp\/wp-json\/wp\/v2\/categories?post=1678"},{"taxonomy":"post_tag","embeddable":true,"href":"https:\/\/www.sainte-therese-les-cordeliers.fr\/blog-cdi-lp\/wp-json\/wp\/v2\/tags?post=1678"}],"curies":[{"name":"wp","href":"https:\/\/api.w.org\/{rel}","templated":true}]}}