{"id":1711,"date":"2017-10-11T11:44:36","date_gmt":"2017-10-11T10:44:36","guid":{"rendered":"https:\/\/www.sainte-therese-les-cordeliers.fr\/blog-cdi-lp\/?p=1711"},"modified":"2017-10-17T11:47:40","modified_gmt":"2017-10-17T10:47:40","slug":"rencontre-avec-des-professionnels-des-metiers-de-la-vente-et-de-laccueil","status":"publish","type":"post","link":"https:\/\/www.sainte-therese-les-cordeliers.fr\/blog-cdi-lp\/rencontre-avec-des-professionnels-des-metiers-de-la-vente-et-de-laccueil\/","title":{"rendered":"Rencontre avec des professionnels des m\u00e9tiers de la vente et de l\u2019accueil"},"content":{"rendered":"<p><em>\u00ab\u00a0Le 09 octobre, deux classes de seconde ont accueilli dans notre \u00e9tablissement des professionnels sp\u00e9cialis\u00e9s dans les domaines du commerce et de l\u2019accueil.<\/em><\/p>\n<p><em>Des \u00e9changes fructueux ont permis aux \u00e9l\u00e8ves de d\u00e9couvrir les r\u00e9alit\u00e9s du monde professionnel, des parcours de formation, des fonctionnements d\u2019organisation, des avantages et contraintes li\u00e9s aux diff\u00e9rents m\u00e9tiers abord\u00e9s\u2026 De nombreux conseils ont aussi \u00e9t\u00e9 prodigu\u00e9s en terme d\u2019image et d\u2019attitude.<\/em><\/p>\n<p><a href=\"https:\/\/www.sainte-therese-les-cordeliers.fr\/blog-cdi-lp\/wp-content\/uploads\/sites\/3\/2017\/10\/DSC07202.jpg\"><img decoding=\"async\" class=\"alignleft wp-image-1712\" src=\"https:\/\/www.sainte-therese-les-cordeliers.fr\/blog-cdi-lp\/wp-content\/uploads\/sites\/3\/2017\/10\/DSC07202.jpg\" alt=\"\" width=\"191\" height=\"144\" srcset=\"https:\/\/www.sainte-therese-les-cordeliers.fr\/blog-cdi-lp\/wp-content\/uploads\/sites\/3\/2017\/10\/DSC07202-200x150.jpg 200w, https:\/\/www.sainte-therese-les-cordeliers.fr\/blog-cdi-lp\/wp-content\/uploads\/sites\/3\/2017\/10\/DSC07202-300x225.jpg 300w, https:\/\/www.sainte-therese-les-cordeliers.fr\/blog-cdi-lp\/wp-content\/uploads\/sites\/3\/2017\/10\/DSC07202-400x300.jpg 400w, https:\/\/www.sainte-therese-les-cordeliers.fr\/blog-cdi-lp\/wp-content\/uploads\/sites\/3\/2017\/10\/DSC07202-600x450.jpg 600w, https:\/\/www.sainte-therese-les-cordeliers.fr\/blog-cdi-lp\/wp-content\/uploads\/sites\/3\/2017\/10\/DSC07202-768x576.jpg 768w, https:\/\/www.sainte-therese-les-cordeliers.fr\/blog-cdi-lp\/wp-content\/uploads\/sites\/3\/2017\/10\/DSC07202-800x600.jpg 800w, https:\/\/www.sainte-therese-les-cordeliers.fr\/blog-cdi-lp\/wp-content\/uploads\/sites\/3\/2017\/10\/DSC07202-1200x900.jpg 1200w, https:\/\/www.sainte-therese-les-cordeliers.fr\/blog-cdi-lp\/wp-content\/uploads\/sites\/3\/2017\/10\/DSC07202.jpg 4320w\" sizes=\"(max-width: 191px) 100vw, 191px\" \/><\/a> <a href=\"https:\/\/www.sainte-therese-les-cordeliers.fr\/blog-cdi-lp\/wp-content\/uploads\/sites\/3\/2017\/10\/DSC07205.jpg\"><img decoding=\"async\" class=\"alignleft wp-image-1713\" src=\"https:\/\/www.sainte-therese-les-cordeliers.fr\/blog-cdi-lp\/wp-content\/uploads\/sites\/3\/2017\/10\/DSC07205.jpg\" alt=\"\" width=\"220\" height=\"144\" srcset=\"https:\/\/www.sainte-therese-les-cordeliers.fr\/blog-cdi-lp\/wp-content\/uploads\/sites\/3\/2017\/10\/DSC07205-200x131.jpg 200w, https:\/\/www.sainte-therese-les-cordeliers.fr\/blog-cdi-lp\/wp-content\/uploads\/sites\/3\/2017\/10\/DSC07205-300x197.jpg 300w, https:\/\/www.sainte-therese-les-cordeliers.fr\/blog-cdi-lp\/wp-content\/uploads\/sites\/3\/2017\/10\/DSC07205-400x262.jpg 400w, https:\/\/www.sainte-therese-les-cordeliers.fr\/blog-cdi-lp\/wp-content\/uploads\/sites\/3\/2017\/10\/DSC07205-600x393.jpg 600w, https:\/\/www.sainte-therese-les-cordeliers.fr\/blog-cdi-lp\/wp-content\/uploads\/sites\/3\/2017\/10\/DSC07205-768x503.jpg 768w, https:\/\/www.sainte-therese-les-cordeliers.fr\/blog-cdi-lp\/wp-content\/uploads\/sites\/3\/2017\/10\/DSC07205-800x524.jpg 800w, https:\/\/www.sainte-therese-les-cordeliers.fr\/blog-cdi-lp\/wp-content\/uploads\/sites\/3\/2017\/10\/DSC07205-1200x786.jpg 1200w, https:\/\/www.sainte-therese-les-cordeliers.fr\/blog-cdi-lp\/wp-content\/uploads\/sites\/3\/2017\/10\/DSC07205.jpg 4320w\" sizes=\"(max-width: 220px) 100vw, 220px\" \/><\/a> <a href=\"https:\/\/www.sainte-therese-les-cordeliers.fr\/blog-cdi-lp\/wp-content\/uploads\/sites\/3\/2017\/10\/mains.jpg\"><img decoding=\"async\" class=\"alignleft wp-image-1714\" src=\"https:\/\/www.sainte-therese-les-cordeliers.fr\/blog-cdi-lp\/wp-content\/uploads\/sites\/3\/2017\/10\/mains.jpg\" alt=\"\" width=\"177\" height=\"144\" srcset=\"https:\/\/www.sainte-therese-les-cordeliers.fr\/blog-cdi-lp\/wp-content\/uploads\/sites\/3\/2017\/10\/mains-200x162.jpg 200w, https:\/\/www.sainte-therese-les-cordeliers.fr\/blog-cdi-lp\/wp-content\/uploads\/sites\/3\/2017\/10\/mains-300x244.jpg 300w, https:\/\/www.sainte-therese-les-cordeliers.fr\/blog-cdi-lp\/wp-content\/uploads\/sites\/3\/2017\/10\/mains-400x325.jpg 400w, https:\/\/www.sainte-therese-les-cordeliers.fr\/blog-cdi-lp\/wp-content\/uploads\/sites\/3\/2017\/10\/mains.jpg 600w\" sizes=\"(max-width: 177px) 100vw, 177px\" \/><\/a><\/p>\n<p>&nbsp;<\/p>\n<p>&nbsp;<\/p>\n<p>&nbsp;<\/p>\n<p>&nbsp;<\/p>\n<p><em>Ce fut une exp\u00e9rience tr\u00e8s enrichissante\u00a0! Nous tenons \u00e0 remercier tous ces professionnels pour avoir partag\u00e9 leur v\u00e9cu et donn\u00e9 de leur temps.\u00a0\u00bb \u00a0\u00a0\u00a0\u00a0\u00a0\u00a0\u00a0\u00a0\u00a0\u00a0\u00a0\u00a0\u00a0\u00a0\u00a0\u00a0\u00a0\u00a0\u00a0\u00a0\u00a0\u00a0\u00a0\u00a0\u00a0\u00a0\u00a0\u00a0\u00a0\u00a0\u00a0\u00a0\u00a0\u00a0\u00a0\u00a0\u00a0\u00a0\u00a0\u00a0\u00a0\u00a0 \u00a0Les 2des 1<\/em><\/p>\n","protected":false},"excerpt":{"rendered":"<p>\u00ab\u00a0Le 09 octobre, deux classes de seconde ont accueilli dans notre \u00e9tablissement des professionnels sp\u00e9cialis\u00e9s dans les domaines du commerce et de l\u2019accueil. Des \u00e9changes fructueux ont permis aux \u00e9l\u00e8ves de d\u00e9couvrir les r\u00e9alit\u00e9s du monde professionnel, des parcours de formation, des fonctionnements d\u2019organisation, des avantages et contraintes li\u00e9s aux diff\u00e9rents m\u00e9tiers abord\u00e9s\u2026 De nombreux <a href=\"https:\/\/www.sainte-therese-les-cordeliers.fr\/blog-cdi-lp\/rencontre-avec-des-professionnels-des-metiers-de-la-vente-et-de-laccueil\/\"> [&#8230;]<\/a><\/p>\n","protected":false},"author":3,"featured_media":0,"comment_status":"closed","ping_status":"closed","sticky":false,"template":"","format":"standard","meta":{"om_disable_all_campaigns":false,"footnotes":""},"categories":[44,37],"tags":[],"class_list":["post-1711","post","type-post","status-publish","format-standard","hentry","category-accueil","category-commerce"],"aioseo_notices":[],"_links":{"self":[{"href":"https:\/\/www.sainte-therese-les-cordeliers.fr\/blog-cdi-lp\/wp-json\/wp\/v2\/posts\/1711","targetHints":{"allow":["GET"]}}],"collection":[{"href":"https:\/\/www.sainte-therese-les-cordeliers.fr\/blog-cdi-lp\/wp-json\/wp\/v2\/posts"}],"about":[{"href":"https:\/\/www.sainte-therese-les-cordeliers.fr\/blog-cdi-lp\/wp-json\/wp\/v2\/types\/post"}],"author":[{"embeddable":true,"href":"https:\/\/www.sainte-therese-les-cordeliers.fr\/blog-cdi-lp\/wp-json\/wp\/v2\/users\/3"}],"replies":[{"embeddable":true,"href":"https:\/\/www.sainte-therese-les-cordeliers.fr\/blog-cdi-lp\/wp-json\/wp\/v2\/comments?post=1711"}],"version-history":[{"count":5,"href":"https:\/\/www.sainte-therese-les-cordeliers.fr\/blog-cdi-lp\/wp-json\/wp\/v2\/posts\/1711\/revisions"}],"predecessor-version":[{"id":1719,"href":"https:\/\/www.sainte-therese-les-cordeliers.fr\/blog-cdi-lp\/wp-json\/wp\/v2\/posts\/1711\/revisions\/1719"}],"wp:attachment":[{"href":"https:\/\/www.sainte-therese-les-cordeliers.fr\/blog-cdi-lp\/wp-json\/wp\/v2\/media?parent=1711"}],"wp:term":[{"taxonomy":"category","embeddable":true,"href":"https:\/\/www.sainte-therese-les-cordeliers.fr\/blog-cdi-lp\/wp-json\/wp\/v2\/categories?post=1711"},{"taxonomy":"post_tag","embeddable":true,"href":"https:\/\/www.sainte-therese-les-cordeliers.fr\/blog-cdi-lp\/wp-json\/wp\/v2\/tags?post=1711"}],"curies":[{"name":"wp","href":"https:\/\/api.w.org\/{rel}","templated":true}]}}