{"id":1802,"date":"2017-12-03T16:04:23","date_gmt":"2017-12-03T15:04:23","guid":{"rendered":"https:\/\/www.sainte-therese-les-cordeliers.fr\/blog-cdi-lp\/?p=1802"},"modified":"2017-12-03T16:08:48","modified_gmt":"2017-12-03T15:08:48","slug":"traces-de-vies-2017","status":"publish","type":"post","link":"https:\/\/www.sainte-therese-les-cordeliers.fr\/blog-cdi-lp\/traces-de-vies-2017\/","title":{"rendered":"Traces de vies 2017"},"content":{"rendered":"<p><a href=\"https:\/\/www.sainte-therese-les-cordeliers.fr\/blog-cdi-lp\/wp-content\/uploads\/sites\/3\/2017\/12\/Capture.png\"><img decoding=\"async\" class=\"alignleft wp-image-1804\" src=\"https:\/\/www.sainte-therese-les-cordeliers.fr\/blog-cdi-lp\/wp-content\/uploads\/sites\/3\/2017\/12\/Capture.png\" alt=\"\" width=\"176\" height=\"150\" srcset=\"https:\/\/www.sainte-therese-les-cordeliers.fr\/blog-cdi-lp\/wp-content\/uploads\/sites\/3\/2017\/12\/Capture-200x171.png 200w, https:\/\/www.sainte-therese-les-cordeliers.fr\/blog-cdi-lp\/wp-content\/uploads\/sites\/3\/2017\/12\/Capture-300x256.png 300w, https:\/\/www.sainte-therese-les-cordeliers.fr\/blog-cdi-lp\/wp-content\/uploads\/sites\/3\/2017\/12\/Capture-400x342.png 400w, https:\/\/www.sainte-therese-les-cordeliers.fr\/blog-cdi-lp\/wp-content\/uploads\/sites\/3\/2017\/12\/Capture-600x513.png 600w, https:\/\/www.sainte-therese-les-cordeliers.fr\/blog-cdi-lp\/wp-content\/uploads\/sites\/3\/2017\/12\/Capture-768x657.png 768w, https:\/\/www.sainte-therese-les-cordeliers.fr\/blog-cdi-lp\/wp-content\/uploads\/sites\/3\/2017\/12\/Capture-800x684.png 800w, https:\/\/www.sainte-therese-les-cordeliers.fr\/blog-cdi-lp\/wp-content\/uploads\/sites\/3\/2017\/12\/Capture.png 1075w\" sizes=\"(max-width: 176px) 100vw, 176px\" \/><\/a><a href=\"https:\/\/www.sainte-therese-les-cordeliers.fr\/blog-cdi-lp\/wp-content\/uploads\/sites\/3\/2017\/12\/affiche.jpg\"><img decoding=\"async\" class=\"alignleft wp-image-1803\" src=\"https:\/\/www.sainte-therese-les-cordeliers.fr\/blog-cdi-lp\/wp-content\/uploads\/sites\/3\/2017\/12\/affiche.jpg\" alt=\"\" width=\"213\" height=\"150\" srcset=\"https:\/\/www.sainte-therese-les-cordeliers.fr\/blog-cdi-lp\/wp-content\/uploads\/sites\/3\/2017\/12\/affiche-200x141.jpg 200w, https:\/\/www.sainte-therese-les-cordeliers.fr\/blog-cdi-lp\/wp-content\/uploads\/sites\/3\/2017\/12\/affiche-300x212.jpg 300w, https:\/\/www.sainte-therese-les-cordeliers.fr\/blog-cdi-lp\/wp-content\/uploads\/sites\/3\/2017\/12\/affiche-400x282.jpg 400w, https:\/\/www.sainte-therese-les-cordeliers.fr\/blog-cdi-lp\/wp-content\/uploads\/sites\/3\/2017\/12\/affiche.jpg 448w\" sizes=\"(max-width: 213px) 100vw, 213px\" \/><\/a><a href=\"https:\/\/www.sainte-therese-les-cordeliers.fr\/blog-cdi-lp\/wp-content\/uploads\/sites\/3\/2017\/12\/Capture3.png\"><img decoding=\"async\" class=\"alignleft wp-image-1805\" src=\"https:\/\/www.sainte-therese-les-cordeliers.fr\/blog-cdi-lp\/wp-content\/uploads\/sites\/3\/2017\/12\/Capture3.png\" alt=\"\" width=\"215\" height=\"150\" srcset=\"https:\/\/www.sainte-therese-les-cordeliers.fr\/blog-cdi-lp\/wp-content\/uploads\/sites\/3\/2017\/12\/Capture3-200x139.png 200w, https:\/\/www.sainte-therese-les-cordeliers.fr\/blog-cdi-lp\/wp-content\/uploads\/sites\/3\/2017\/12\/Capture3-300x209.png 300w, https:\/\/www.sainte-therese-les-cordeliers.fr\/blog-cdi-lp\/wp-content\/uploads\/sites\/3\/2017\/12\/Capture3-400x278.png 400w, https:\/\/www.sainte-therese-les-cordeliers.fr\/blog-cdi-lp\/wp-content\/uploads\/sites\/3\/2017\/12\/Capture3-600x418.png 600w, https:\/\/www.sainte-therese-les-cordeliers.fr\/blog-cdi-lp\/wp-content\/uploads\/sites\/3\/2017\/12\/Capture3-768x534.png 768w, https:\/\/www.sainte-therese-les-cordeliers.fr\/blog-cdi-lp\/wp-content\/uploads\/sites\/3\/2017\/12\/Capture3-800x557.png 800w, https:\/\/www.sainte-therese-les-cordeliers.fr\/blog-cdi-lp\/wp-content\/uploads\/sites\/3\/2017\/12\/Capture3-1200x835.png 1200w, https:\/\/www.sainte-therese-les-cordeliers.fr\/blog-cdi-lp\/wp-content\/uploads\/sites\/3\/2017\/12\/Capture3.png 1207w\" sizes=\"(max-width: 215px) 100vw, 215px\" \/><\/a><\/p>\n<p>&nbsp;<\/p>\n<p>&nbsp;<\/p>\n<p>&nbsp;<\/p>\n<p>&nbsp;<\/p>\n<p style=\"margin: 0cm 0cm 0.0001pt\">C&rsquo;est avec plaisir et beaucoup d&rsquo;attentes que les \u00e9l\u00e8ves de seconde ASSP ont particip\u00e9 au festival du film documentaire \u00ab\u00a0<span style=\"color: #993300\">TRACES DE VIES<\/span>\u00a0\u00bb.<\/p>\n<p style=\"margin: 0cm 0cm 0.0001pt\">Dans un premier temps, ils ont accueilli au lyc\u00e9e le r\u00e9alisateur <span style=\"color: #993300\">Thomas Roussillon<\/span> venu r\u00e9pondre \u00e0 leurs nombreuses questions concernant son film \u00ab\u00a0<span style=\"color: #993300\">PETITES MAINS<\/span>\u00a0\u00bb. Ils ont \u00e9t\u00e9 ainsi sensibilis\u00e9s aux techniques de prise de vue, son, montage&#8230;<\/p>\n<p style=\"margin: 0cm 0cm 0.0001pt\">Dans un deuxi\u00e8me temps, le 28 novembre, lors du festival, ils ont rejoint d&rsquo;autres \u00e9l\u00e8ves de la r\u00e9gion pour visionner cinq films documentaires et pour l&rsquo;analyse approfondie de l&rsquo;un d&rsquo;entre eux \u00ab\u00a0<span style=\"color: #993300\">Travers\u00e9es<\/span>\u00a0\u00bb, ayant pour cadre une patinoire. La rencontre avec son r\u00e9alisateur <span style=\"color: #993300\">Antoine Danis<\/span> a donn\u00e9 lieu \u00e0 un vif \u00e9change.<\/p>\n<p style=\"margin: 0cm 0cm 0.0001pt\"><span style=\"color: #993300\">Claire Peelman<\/span> a eu la chance de mettre en pratique les notions abord\u00e9es : elle a tourn\u00e9 un petit film sous la direction de Thomas Roussillon afin d&rsquo;immortaliser cette journ\u00e9e. A voir sur le site du festival Traces de Vies : <a href=\"http:\/\/www.tdv.itsra.net\/\">http:\/\/www.tdv.itsra.net\/<\/a><\/p>\n<p>&nbsp;<\/p>\n","protected":false},"excerpt":{"rendered":"<p>&nbsp; &nbsp; &nbsp; &nbsp; C&rsquo;est avec plaisir et beaucoup d&rsquo;attentes que les \u00e9l\u00e8ves de seconde ASSP ont particip\u00e9 au festival du film documentaire \u00ab\u00a0TRACES DE VIES\u00a0\u00bb. Dans un premier temps, ils ont accueilli au lyc\u00e9e le r\u00e9alisateur Thomas Roussillon venu r\u00e9pondre \u00e0 leurs nombreuses questions concernant son film \u00ab\u00a0PETITES MAINS\u00a0\u00bb. Ils ont \u00e9t\u00e9 ainsi sensibilis\u00e9s <a href=\"https:\/\/www.sainte-therese-les-cordeliers.fr\/blog-cdi-lp\/traces-de-vies-2017\/\"> [&#8230;]<\/a><\/p>\n","protected":false},"author":3,"featured_media":0,"comment_status":"closed","ping_status":"closed","sticky":false,"template":"","format":"standard","meta":{"om_disable_all_campaigns":false,"footnotes":""},"categories":[32],"tags":[48],"class_list":["post-1802","post","type-post","status-publish","format-standard","hentry","category-art","tag-cinema"],"aioseo_notices":[],"_links":{"self":[{"href":"https:\/\/www.sainte-therese-les-cordeliers.fr\/blog-cdi-lp\/wp-json\/wp\/v2\/posts\/1802","targetHints":{"allow":["GET"]}}],"collection":[{"href":"https:\/\/www.sainte-therese-les-cordeliers.fr\/blog-cdi-lp\/wp-json\/wp\/v2\/posts"}],"about":[{"href":"https:\/\/www.sainte-therese-les-cordeliers.fr\/blog-cdi-lp\/wp-json\/wp\/v2\/types\/post"}],"author":[{"embeddable":true,"href":"https:\/\/www.sainte-therese-les-cordeliers.fr\/blog-cdi-lp\/wp-json\/wp\/v2\/users\/3"}],"replies":[{"embeddable":true,"href":"https:\/\/www.sainte-therese-les-cordeliers.fr\/blog-cdi-lp\/wp-json\/wp\/v2\/comments?post=1802"}],"version-history":[{"count":12,"href":"https:\/\/www.sainte-therese-les-cordeliers.fr\/blog-cdi-lp\/wp-json\/wp\/v2\/posts\/1802\/revisions"}],"predecessor-version":[{"id":1817,"href":"https:\/\/www.sainte-therese-les-cordeliers.fr\/blog-cdi-lp\/wp-json\/wp\/v2\/posts\/1802\/revisions\/1817"}],"wp:attachment":[{"href":"https:\/\/www.sainte-therese-les-cordeliers.fr\/blog-cdi-lp\/wp-json\/wp\/v2\/media?parent=1802"}],"wp:term":[{"taxonomy":"category","embeddable":true,"href":"https:\/\/www.sainte-therese-les-cordeliers.fr\/blog-cdi-lp\/wp-json\/wp\/v2\/categories?post=1802"},{"taxonomy":"post_tag","embeddable":true,"href":"https:\/\/www.sainte-therese-les-cordeliers.fr\/blog-cdi-lp\/wp-json\/wp\/v2\/tags?post=1802"}],"curies":[{"name":"wp","href":"https:\/\/api.w.org\/{rel}","templated":true}]}}