{"id":186,"date":"2013-06-06T13:37:55","date_gmt":"2013-06-06T12:37:55","guid":{"rendered":"https:\/\/www.sainte-therese-les-cordeliers.fr\/blog-cdi-lp\/?p=186"},"modified":"2013-06-13T09:16:19","modified_gmt":"2013-06-13T08:16:19","slug":"le-temoignage-de-arnaud-f-section-euro-promo-2012","status":"publish","type":"post","link":"https:\/\/www.sainte-therese-les-cordeliers.fr\/blog-cdi-lp\/le-temoignage-de-arnaud-f-section-euro-promo-2012\/","title":{"rendered":"Le t\u00e9moignage de Arnaud F. (Section euro promo 2012)"},"content":{"rendered":"<p style=\"text-align: left;padding-left: 30px\">\u00a0\u00a0\u00a0\u00a0\u00a0\u00a0\u00a0\u00a0\u00a0\u00a0\u00a0\u00a0\u00a0\u00a0\u00a0\u00a0\u00a0\u00a0\u00a0\u00a0\u00a0\u00a0\u00a0\u00a0\u00a0\u00a0\u00a0\u00a0\u00a0\u00a0\u00a0\u00a0\u00a0\u00a0\u00a0\u00a0\u00a0\u00a0\u00a0 <a href=\"https:\/\/www.sainte-therese-les-cordeliers.fr\/blog-cdi-lp\/wp-content\/uploads\/sites\/3\/2013\/06\/DSCF0479.jpg\"><img decoding=\"async\" class=\"size-medium wp-image-187\" alt=\"DSCF0479\" src=\"https:\/\/www.sainte-therese-les-cordeliers.fr\/blog-cdi-lp\/wp-content\/uploads\/sites\/3\/2013\/06\/DSCF0479-300x206.jpg\" width=\"209\" height=\"143\" srcset=\"https:\/\/www.sainte-therese-les-cordeliers.fr\/blog-cdi-lp\/wp-content\/uploads\/sites\/3\/2013\/06\/DSCF0479-300x206.jpg 300w, https:\/\/www.sainte-therese-les-cordeliers.fr\/blog-cdi-lp\/wp-content\/uploads\/sites\/3\/2013\/06\/DSCF0479.jpg 800w\" sizes=\"(max-width: 209px) 100vw, 209px\" \/><\/a><em>\u00a0<\/em><\/p>\n<p style=\"text-align: left;padding-left: 30px\"><em>\u00a0\u00a0\u00a0\u00a0\u00a0\u00a0\u00a0\u00a0\u00a0\u00a0\u00a0\u00a0\u00a0\u00a0\u00a0\u00a0\u00a0\u00a0 Arnaud,\u00a0Marion, Ambre et Caroline devant Castle Rock.<\/em><\/p>\n<p>Bonjour \u00e0 toute l&rsquo;\u00e9quipe p\u00e9dagogique de St Th\u00e9r\u00e8se !<\/p>\n<p>Je tenais tout d&rsquo;abord \u00e0 tous vous remercier pour ces 3 ann\u00e9es qui furent charg\u00e9es de travail mais aussi qui m&rsquo;ont laiss\u00e9 d\u2019excellents souvenirs. Un grand merci \u00e0 la Section Europ\u00e9enne de m&rsquo;avoir donn\u00e9 la chance car c&rsquo;en est une, de m&rsquo;avoir permis de partir d\u00e9couvrir une nouvelle culture. Cela m&rsquo;a permis d&rsquo;acc\u00e9der aux \u00e9tudes que j&rsquo;ai choisies ! En effet sans mon exp\u00e9rience \u00e0 l&rsquo;\u00e9tranger je n&rsquo;aurais jamais pu y avoir acc\u00e8s\u00a0! Encore une fois merci de m&rsquo;avoir donn\u00e9 cette chance et de m&rsquo;avoir fait confiance !<\/p>\n<p>&nbsp;<\/p>\n<p>Mon parcours, Mon exp\u00e9rience :<\/p>\n<p>Suite \u00e0 mon stage d&rsquo;un mois \u00e0 \u00a0\u00c9dimbourg, j&rsquo;ai pu acc\u00e9der \u00e0 un BTS Commerce International ! Mes professeurs actuels et la Chef des Travaux m&rsquo;ont \u00a0assur\u00e9 que sans cette p\u00e9riode de stage \u00e0 l&rsquo;\u00e9tranger, je n&rsquo;aurais pas pu acc\u00e9der \u00e0 cette section. Elle propose un stage de 2 mois dans le pays de notre choix en fin d&rsquo;ann\u00e9e pour un stage de prospection de client\u00e8le. Le magasin pour lequel je continue de travailler en Ecosse compte s&rsquo;introduire sur le march\u00e9 fran\u00e7ais et \u00e0 force de travailler dur et de prouver ma d\u00e9termination et ma motivation, ils m&rsquo;ont propos\u00e9 un poste de manager dans leur futur magasin qui se situera dans les galeries Lafayette \u00e0 Paris. Une opportunit\u00e9 en or que je compte bien \u00e9videmment saisir !<\/p>\n<p>Bien \u00e0 vous.<br \/>\nArnaud. F.<\/p>\n<p>&nbsp;<\/p>\n","protected":false},"excerpt":{"rendered":"<p>\u00a0\u00a0\u00a0\u00a0\u00a0\u00a0\u00a0\u00a0\u00a0\u00a0\u00a0\u00a0\u00a0\u00a0\u00a0\u00a0\u00a0\u00a0\u00a0\u00a0\u00a0\u00a0\u00a0\u00a0\u00a0\u00a0\u00a0\u00a0\u00a0\u00a0\u00a0\u00a0\u00a0\u00a0\u00a0\u00a0\u00a0\u00a0\u00a0 \u00a0 \u00a0\u00a0\u00a0\u00a0\u00a0\u00a0\u00a0\u00a0\u00a0\u00a0\u00a0\u00a0\u00a0\u00a0\u00a0\u00a0\u00a0\u00a0 Arnaud,\u00a0Marion, Ambre et Caroline devant Castle Rock. Bonjour \u00e0 toute l&rsquo;\u00e9quipe p\u00e9dagogique de St Th\u00e9r\u00e8se ! Je tenais tout d&rsquo;abord \u00e0 tous vous remercier pour ces 3 ann\u00e9es qui furent charg\u00e9es de travail mais aussi qui m&rsquo;ont laiss\u00e9 d\u2019excellents souvenirs. Un grand merci \u00e0 la Section Europ\u00e9enne de m&rsquo;avoir donn\u00e9 la chance <a href=\"https:\/\/www.sainte-therese-les-cordeliers.fr\/blog-cdi-lp\/le-temoignage-de-arnaud-f-section-euro-promo-2012\/\"> [&#8230;]<\/a><\/p>\n","protected":false},"author":3,"featured_media":0,"comment_status":"closed","ping_status":"closed","sticky":false,"template":"","format":"standard","meta":{"om_disable_all_campaigns":false,"footnotes":""},"categories":[23,5],"tags":[22],"class_list":["post-186","post","type-post","status-publish","format-standard","hentry","category-section-euro","category-voyages","tag-ecosse"],"aioseo_notices":[],"_links":{"self":[{"href":"https:\/\/www.sainte-therese-les-cordeliers.fr\/blog-cdi-lp\/wp-json\/wp\/v2\/posts\/186","targetHints":{"allow":["GET"]}}],"collection":[{"href":"https:\/\/www.sainte-therese-les-cordeliers.fr\/blog-cdi-lp\/wp-json\/wp\/v2\/posts"}],"about":[{"href":"https:\/\/www.sainte-therese-les-cordeliers.fr\/blog-cdi-lp\/wp-json\/wp\/v2\/types\/post"}],"author":[{"embeddable":true,"href":"https:\/\/www.sainte-therese-les-cordeliers.fr\/blog-cdi-lp\/wp-json\/wp\/v2\/users\/3"}],"replies":[{"embeddable":true,"href":"https:\/\/www.sainte-therese-les-cordeliers.fr\/blog-cdi-lp\/wp-json\/wp\/v2\/comments?post=186"}],"version-history":[{"count":7,"href":"https:\/\/www.sainte-therese-les-cordeliers.fr\/blog-cdi-lp\/wp-json\/wp\/v2\/posts\/186\/revisions"}],"predecessor-version":[{"id":189,"href":"https:\/\/www.sainte-therese-les-cordeliers.fr\/blog-cdi-lp\/wp-json\/wp\/v2\/posts\/186\/revisions\/189"}],"wp:attachment":[{"href":"https:\/\/www.sainte-therese-les-cordeliers.fr\/blog-cdi-lp\/wp-json\/wp\/v2\/media?parent=186"}],"wp:term":[{"taxonomy":"category","embeddable":true,"href":"https:\/\/www.sainte-therese-les-cordeliers.fr\/blog-cdi-lp\/wp-json\/wp\/v2\/categories?post=186"},{"taxonomy":"post_tag","embeddable":true,"href":"https:\/\/www.sainte-therese-les-cordeliers.fr\/blog-cdi-lp\/wp-json\/wp\/v2\/tags?post=186"}],"curies":[{"name":"wp","href":"https:\/\/api.w.org\/{rel}","templated":true}]}}