{"id":1965,"date":"2018-03-01T16:25:01","date_gmt":"2018-03-01T15:25:01","guid":{"rendered":"https:\/\/www.sainte-therese-les-cordeliers.fr\/blog-cdi-lp\/?p=1965"},"modified":"2018-03-01T16:36:30","modified_gmt":"2018-03-01T15:36:30","slug":"les-1eres-assp-font-preuve-de-creativite","status":"publish","type":"post","link":"https:\/\/www.sainte-therese-les-cordeliers.fr\/blog-cdi-lp\/les-1eres-assp-font-preuve-de-creativite\/","title":{"rendered":"Les 1\u00e8res ASSP font preuve de cr\u00e9ativit\u00e9"},"content":{"rendered":"<p><a href=\"https:\/\/www.sainte-therese-les-cordeliers.fr\/blog-cdi-lp\/wp-content\/uploads\/sites\/3\/2018\/03\/a.jpg\"><img decoding=\"async\" class=\"wp-image-1966 aligncenter\" src=\"https:\/\/www.sainte-therese-les-cordeliers.fr\/blog-cdi-lp\/wp-content\/uploads\/sites\/3\/2018\/03\/a.jpg\" alt=\"\" width=\"432\" height=\"227\" srcset=\"https:\/\/www.sainte-therese-les-cordeliers.fr\/blog-cdi-lp\/wp-content\/uploads\/sites\/3\/2018\/03\/a-200x105.jpg 200w, https:\/\/www.sainte-therese-les-cordeliers.fr\/blog-cdi-lp\/wp-content\/uploads\/sites\/3\/2018\/03\/a-300x158.jpg 300w, https:\/\/www.sainte-therese-les-cordeliers.fr\/blog-cdi-lp\/wp-content\/uploads\/sites\/3\/2018\/03\/a-400x210.jpg 400w, https:\/\/www.sainte-therese-les-cordeliers.fr\/blog-cdi-lp\/wp-content\/uploads\/sites\/3\/2018\/03\/a-600x315.jpg 600w, https:\/\/www.sainte-therese-les-cordeliers.fr\/blog-cdi-lp\/wp-content\/uploads\/sites\/3\/2018\/03\/a-768x403.jpg 768w, https:\/\/www.sainte-therese-les-cordeliers.fr\/blog-cdi-lp\/wp-content\/uploads\/sites\/3\/2018\/03\/a-800x420.jpg 800w, https:\/\/www.sainte-therese-les-cordeliers.fr\/blog-cdi-lp\/wp-content\/uploads\/sites\/3\/2018\/03\/a-1200x630.jpg 1200w, https:\/\/www.sainte-therese-les-cordeliers.fr\/blog-cdi-lp\/wp-content\/uploads\/sites\/3\/2018\/03\/a.jpg 1224w\" sizes=\"(max-width: 432px) 100vw, 432px\" \/><\/a><\/p>\n<p>Dans le cadre de l&rsquo;EGLS (Enseignements G\u00e9n\u00e9raux li\u00e9s \u00e0 La Sp\u00e9cialit\u00e9) et de l&rsquo;Accompagnement Personnalis\u00e9, les \u00e9l\u00e8ves de 1\u00e8re ASSP, accompagn\u00e9es de leurs enseignants, Mmes Crespi et Grenier ainsi que M. Hugny, ont particip\u00e9 au concours \u00ab\u00a0Les jeunes et la S\u00e9curit\u00e9 sociale\u00a0\u00bb.\u00a0 Du 04 octobre au 26 janvier 2018, les \u00e9l\u00e8ves, par groupes de 4, ont cr\u00e9\u00e9 des affiches, des vid\u00e9os, d\u00e9pliants, blog&#8230; Ces productions ont \u00e9t\u00e9 examin\u00e9es tout d&rsquo;abord par un jury r\u00e9gional, les meilleures \u00e9tant s\u00e9lectionn\u00e9es pour le concours national ; l&rsquo;annonce des r\u00e9sultats se fera entre le 9 et le 12 mars. Les laur\u00e9ats seront convi\u00e9s \u00e0 une c\u00e9r\u00e9monie nationale de remise des prix le 27 mars au minist\u00e8re des Solidarit\u00e9s et de la Sant\u00e9 \u00e0 Paris.<\/p>\n<p>Les productions seront visibles lors des portes ouvertes (vendredi 16 et samedi 17 mars).<\/p>\n<p><span style=\"color: #993366\"><strong>Blog<\/strong><\/span> \u00ab\u00a0Pour une sexualit\u00e9 prot\u00e9g\u00e9e\u00a0\u00bb :<a href=\"https:\/\/www.sainte-therese-les-cordeliers.fr\/pourunesexualiteprotegee\/\">\u00a0https:\/\/www.sainte-therese-les-cordeliers.fr\/pourunesexualiteprotegee\/<\/a><\/p>\n<p><span style=\"color: #993366\"><strong>Vid\u00e9os :<\/strong><\/span><\/p>\n<p><a href=\"https:\/\/www.sainte-therese-les-cordeliers.fr\/blog-cdi-lp\/wp-content\/uploads\/sites\/3\/2018\/03\/Capture.png\"><img decoding=\"async\" class=\"alignleft wp-image-1972\" src=\"https:\/\/www.sainte-therese-les-cordeliers.fr\/blog-cdi-lp\/wp-content\/uploads\/sites\/3\/2018\/03\/Capture.png\" alt=\"\" width=\"665\" height=\"440\" srcset=\"https:\/\/www.sainte-therese-les-cordeliers.fr\/blog-cdi-lp\/wp-content\/uploads\/sites\/3\/2018\/03\/Capture-200x132.png 200w, https:\/\/www.sainte-therese-les-cordeliers.fr\/blog-cdi-lp\/wp-content\/uploads\/sites\/3\/2018\/03\/Capture-300x198.png 300w, https:\/\/www.sainte-therese-les-cordeliers.fr\/blog-cdi-lp\/wp-content\/uploads\/sites\/3\/2018\/03\/Capture-400x265.png 400w, https:\/\/www.sainte-therese-les-cordeliers.fr\/blog-cdi-lp\/wp-content\/uploads\/sites\/3\/2018\/03\/Capture-600x397.png 600w, https:\/\/www.sainte-therese-les-cordeliers.fr\/blog-cdi-lp\/wp-content\/uploads\/sites\/3\/2018\/03\/Capture-768x508.png 768w, https:\/\/www.sainte-therese-les-cordeliers.fr\/blog-cdi-lp\/wp-content\/uploads\/sites\/3\/2018\/03\/Capture-800x529.png 800w, https:\/\/www.sainte-therese-les-cordeliers.fr\/blog-cdi-lp\/wp-content\/uploads\/sites\/3\/2018\/03\/Capture-1200x794.png 1200w, https:\/\/www.sainte-therese-les-cordeliers.fr\/blog-cdi-lp\/wp-content\/uploads\/sites\/3\/2018\/03\/Capture.png 1293w\" sizes=\"(max-width: 665px) 100vw, 665px\" \/><\/a><\/p>\n<p>&nbsp;<\/p>\n<p><span style=\"color: #993366\"><strong>Brochures<\/strong> :<\/span><\/p>\n<p style=\"text-align: left\">\u00a0<a href=\"https:\/\/fr.calameo.com\/read\/0045684568bb782f5e5ba\"><img decoding=\"async\" class=\"alignleft wp-image-1971\" src=\"https:\/\/www.sainte-therese-les-cordeliers.fr\/blog-cdi-lp\/wp-content\/uploads\/sites\/3\/2018\/03\/PFIDASS.png\" alt=\"\" width=\"97\" height=\"138\" srcset=\"https:\/\/www.sainte-therese-les-cordeliers.fr\/blog-cdi-lp\/wp-content\/uploads\/sites\/3\/2018\/03\/PFIDASS-200x283.png 200w, https:\/\/www.sainte-therese-les-cordeliers.fr\/blog-cdi-lp\/wp-content\/uploads\/sites\/3\/2018\/03\/PFIDASS-212x300.png 212w, https:\/\/www.sainte-therese-les-cordeliers.fr\/blog-cdi-lp\/wp-content\/uploads\/sites\/3\/2018\/03\/PFIDASS-400x566.png 400w, https:\/\/www.sainte-therese-les-cordeliers.fr\/blog-cdi-lp\/wp-content\/uploads\/sites\/3\/2018\/03\/PFIDASS.png 522w\" sizes=\"(max-width: 97px) 100vw, 97px\" \/><\/a> <a href=\"https:\/\/fr.calameo.com\/read\/004568456049caa8b8a7f\"><img decoding=\"async\" class=\"alignleft wp-image-1970\" src=\"https:\/\/www.sainte-therese-les-cordeliers.fr\/blog-cdi-lp\/wp-content\/uploads\/sites\/3\/2018\/03\/CLARA.png\" alt=\"\" width=\"97\" height=\"138\" srcset=\"https:\/\/www.sainte-therese-les-cordeliers.fr\/blog-cdi-lp\/wp-content\/uploads\/sites\/3\/2018\/03\/CLARA-200x285.png 200w, https:\/\/www.sainte-therese-les-cordeliers.fr\/blog-cdi-lp\/wp-content\/uploads\/sites\/3\/2018\/03\/CLARA-211x300.png 211w, https:\/\/www.sainte-therese-les-cordeliers.fr\/blog-cdi-lp\/wp-content\/uploads\/sites\/3\/2018\/03\/CLARA-400x570.png 400w, https:\/\/www.sainte-therese-les-cordeliers.fr\/blog-cdi-lp\/wp-content\/uploads\/sites\/3\/2018\/03\/CLARA.png 516w\" sizes=\"(max-width: 97px) 100vw, 97px\" \/><\/a><\/p>\n<p>&nbsp;<\/p>\n<p>&nbsp;<\/p>\n<p>&nbsp;<\/p>\n<p><span style=\"color: #993366\"><strong>Affiches :<\/strong> <\/span><\/p>\n<p><a href=\"https:\/\/www.sainte-therese-les-cordeliers.fr\/blog-cdi-lp\/wp-content\/uploads\/sites\/3\/2018\/03\/ccc.png\"><img decoding=\"async\" class=\"alignleft wp-image-1969\" src=\"https:\/\/www.sainte-therese-les-cordeliers.fr\/blog-cdi-lp\/wp-content\/uploads\/sites\/3\/2018\/03\/ccc.png\" alt=\"\" width=\"156\" height=\"200\" srcset=\"https:\/\/www.sainte-therese-les-cordeliers.fr\/blog-cdi-lp\/wp-content\/uploads\/sites\/3\/2018\/03\/ccc-200x256.png 200w, https:\/\/www.sainte-therese-les-cordeliers.fr\/blog-cdi-lp\/wp-content\/uploads\/sites\/3\/2018\/03\/ccc-234x300.png 234w, https:\/\/www.sainte-therese-les-cordeliers.fr\/blog-cdi-lp\/wp-content\/uploads\/sites\/3\/2018\/03\/ccc-400x513.png 400w, https:\/\/www.sainte-therese-les-cordeliers.fr\/blog-cdi-lp\/wp-content\/uploads\/sites\/3\/2018\/03\/ccc.png 524w\" sizes=\"(max-width: 156px) 100vw, 156px\" \/><\/a> <a href=\"https:\/\/www.sainte-therese-les-cordeliers.fr\/blog-cdi-lp\/wp-content\/uploads\/sites\/3\/2018\/03\/bbb.png\"><img decoding=\"async\" class=\"alignleft wp-image-1968\" src=\"https:\/\/www.sainte-therese-les-cordeliers.fr\/blog-cdi-lp\/wp-content\/uploads\/sites\/3\/2018\/03\/bbb.png\" alt=\"\" width=\"282\" height=\"200\" srcset=\"https:\/\/www.sainte-therese-les-cordeliers.fr\/blog-cdi-lp\/wp-content\/uploads\/sites\/3\/2018\/03\/bbb-200x142.png 200w, https:\/\/www.sainte-therese-les-cordeliers.fr\/blog-cdi-lp\/wp-content\/uploads\/sites\/3\/2018\/03\/bbb-300x214.png 300w, https:\/\/www.sainte-therese-les-cordeliers.fr\/blog-cdi-lp\/wp-content\/uploads\/sites\/3\/2018\/03\/bbb-400x283.png 400w, https:\/\/www.sainte-therese-les-cordeliers.fr\/blog-cdi-lp\/wp-content\/uploads\/sites\/3\/2018\/03\/bbb-600x425.png 600w, https:\/\/www.sainte-therese-les-cordeliers.fr\/blog-cdi-lp\/wp-content\/uploads\/sites\/3\/2018\/03\/bbb-768x544.png 768w, https:\/\/www.sainte-therese-les-cordeliers.fr\/blog-cdi-lp\/wp-content\/uploads\/sites\/3\/2018\/03\/bbb-800x567.png 800w, https:\/\/www.sainte-therese-les-cordeliers.fr\/blog-cdi-lp\/wp-content\/uploads\/sites\/3\/2018\/03\/bbb.png 848w\" sizes=\"(max-width: 282px) 100vw, 282px\" \/><\/a> <a href=\"https:\/\/www.sainte-therese-les-cordeliers.fr\/blog-cdi-lp\/wp-content\/uploads\/sites\/3\/2018\/03\/aa.png\"><img decoding=\"async\" class=\"alignleft wp-image-1967\" src=\"https:\/\/www.sainte-therese-les-cordeliers.fr\/blog-cdi-lp\/wp-content\/uploads\/sites\/3\/2018\/03\/aa.png\" alt=\"\" width=\"141\" height=\"200\" srcset=\"https:\/\/www.sainte-therese-les-cordeliers.fr\/blog-cdi-lp\/wp-content\/uploads\/sites\/3\/2018\/03\/aa-200x283.png 200w, https:\/\/www.sainte-therese-les-cordeliers.fr\/blog-cdi-lp\/wp-content\/uploads\/sites\/3\/2018\/03\/aa-212x300.png 212w, https:\/\/www.sainte-therese-les-cordeliers.fr\/blog-cdi-lp\/wp-content\/uploads\/sites\/3\/2018\/03\/aa-400x567.png 400w, https:\/\/www.sainte-therese-les-cordeliers.fr\/blog-cdi-lp\/wp-content\/uploads\/sites\/3\/2018\/03\/aa-564x800.png 564w, https:\/\/www.sainte-therese-les-cordeliers.fr\/blog-cdi-lp\/wp-content\/uploads\/sites\/3\/2018\/03\/aa-600x850.png 600w, https:\/\/www.sainte-therese-les-cordeliers.fr\/blog-cdi-lp\/wp-content\/uploads\/sites\/3\/2018\/03\/aa.png 628w\" sizes=\"(max-width: 141px) 100vw, 141px\" \/><\/a><\/p>\n<p>&nbsp;<\/p>\n<p>&nbsp;<\/p>\n<p>&nbsp;<\/p>\n","protected":false},"excerpt":{"rendered":"<p>Dans le cadre de l&rsquo;EGLS (Enseignements G\u00e9n\u00e9raux li\u00e9s \u00e0 La Sp\u00e9cialit\u00e9) et de l&rsquo;Accompagnement Personnalis\u00e9, les \u00e9l\u00e8ves de 1\u00e8re ASSP, accompagn\u00e9es de leurs enseignants, Mmes Crespi et Grenier ainsi que M. Hugny, ont particip\u00e9 au concours \u00ab\u00a0Les jeunes et la S\u00e9curit\u00e9 sociale\u00a0\u00bb.\u00a0 Du 04 octobre au 26 janvier 2018, les \u00e9l\u00e8ves, par groupes de 4, <a href=\"https:\/\/www.sainte-therese-les-cordeliers.fr\/blog-cdi-lp\/les-1eres-assp-font-preuve-de-creativite\/\"> [&#8230;]<\/a><\/p>\n","protected":false},"author":3,"featured_media":0,"comment_status":"closed","ping_status":"closed","sticky":false,"template":"","format":"standard","meta":{"om_disable_all_campaigns":false,"footnotes":""},"categories":[51],"tags":[],"class_list":["post-1965","post","type-post","status-publish","format-standard","hentry","category-sante"],"aioseo_notices":[],"_links":{"self":[{"href":"https:\/\/www.sainte-therese-les-cordeliers.fr\/blog-cdi-lp\/wp-json\/wp\/v2\/posts\/1965","targetHints":{"allow":["GET"]}}],"collection":[{"href":"https:\/\/www.sainte-therese-les-cordeliers.fr\/blog-cdi-lp\/wp-json\/wp\/v2\/posts"}],"about":[{"href":"https:\/\/www.sainte-therese-les-cordeliers.fr\/blog-cdi-lp\/wp-json\/wp\/v2\/types\/post"}],"author":[{"embeddable":true,"href":"https:\/\/www.sainte-therese-les-cordeliers.fr\/blog-cdi-lp\/wp-json\/wp\/v2\/users\/3"}],"replies":[{"embeddable":true,"href":"https:\/\/www.sainte-therese-les-cordeliers.fr\/blog-cdi-lp\/wp-json\/wp\/v2\/comments?post=1965"}],"version-history":[{"count":7,"href":"https:\/\/www.sainte-therese-les-cordeliers.fr\/blog-cdi-lp\/wp-json\/wp\/v2\/posts\/1965\/revisions"}],"predecessor-version":[{"id":1979,"href":"https:\/\/www.sainte-therese-les-cordeliers.fr\/blog-cdi-lp\/wp-json\/wp\/v2\/posts\/1965\/revisions\/1979"}],"wp:attachment":[{"href":"https:\/\/www.sainte-therese-les-cordeliers.fr\/blog-cdi-lp\/wp-json\/wp\/v2\/media?parent=1965"}],"wp:term":[{"taxonomy":"category","embeddable":true,"href":"https:\/\/www.sainte-therese-les-cordeliers.fr\/blog-cdi-lp\/wp-json\/wp\/v2\/categories?post=1965"},{"taxonomy":"post_tag","embeddable":true,"href":"https:\/\/www.sainte-therese-les-cordeliers.fr\/blog-cdi-lp\/wp-json\/wp\/v2\/tags?post=1965"}],"curies":[{"name":"wp","href":"https:\/\/api.w.org\/{rel}","templated":true}]}}