{"id":1981,"date":"2018-03-09T16:32:26","date_gmt":"2018-03-09T15:32:26","guid":{"rendered":"https:\/\/www.sainte-therese-les-cordeliers.fr\/blog-cdi-lp\/?p=1981"},"modified":"2018-03-11T16:41:28","modified_gmt":"2018-03-11T15:41:28","slug":"immersion-chez-les-edimbourgeois","status":"publish","type":"post","link":"https:\/\/www.sainte-therese-les-cordeliers.fr\/blog-cdi-lp\/immersion-chez-les-edimbourgeois\/","title":{"rendered":"Immersion chez les \u00c9dimbourgeois"},"content":{"rendered":"<p><a href=\"https:\/\/www.sainte-therese-les-cordeliers.fr\/blog-cdi-lp\/wp-content\/uploads\/sites\/3\/2018\/03\/photo1.jpg\"><img decoding=\"async\" class=\"wp-image-1982 aligncenter\" src=\"https:\/\/www.sainte-therese-les-cordeliers.fr\/blog-cdi-lp\/wp-content\/uploads\/sites\/3\/2018\/03\/photo1.jpg\" alt=\"\" width=\"528\" height=\"353\" srcset=\"https:\/\/www.sainte-therese-les-cordeliers.fr\/blog-cdi-lp\/wp-content\/uploads\/sites\/3\/2018\/03\/photo1-200x134.jpg 200w, https:\/\/www.sainte-therese-les-cordeliers.fr\/blog-cdi-lp\/wp-content\/uploads\/sites\/3\/2018\/03\/photo1-300x200.jpg 300w, https:\/\/www.sainte-therese-les-cordeliers.fr\/blog-cdi-lp\/wp-content\/uploads\/sites\/3\/2018\/03\/photo1-400x267.jpg 400w, https:\/\/www.sainte-therese-les-cordeliers.fr\/blog-cdi-lp\/wp-content\/uploads\/sites\/3\/2018\/03\/photo1-600x401.jpg 600w, https:\/\/www.sainte-therese-les-cordeliers.fr\/blog-cdi-lp\/wp-content\/uploads\/sites\/3\/2018\/03\/photo1-768x513.jpg 768w, https:\/\/www.sainte-therese-les-cordeliers.fr\/blog-cdi-lp\/wp-content\/uploads\/sites\/3\/2018\/03\/photo1-800x534.jpg 800w, https:\/\/www.sainte-therese-les-cordeliers.fr\/blog-cdi-lp\/wp-content\/uploads\/sites\/3\/2018\/03\/photo1.jpg 931w\" sizes=\"(max-width: 528px) 100vw, 528px\" \/><\/a><\/p>\n<p>11 \u00e9l\u00e8ves de nos diverses classes de Terminale Bac Pro sont partis le 27\/02 pour Edimbourg afin d&rsquo;effectuer 4 semaines de P\u00e9riodes de Formation en Entreprise ! <span style=\"color: #993366\">&#x2665;<a href=\"https:\/\/www.sainte-therese-les-cordeliers.fr\/blog-cdi-lp\/wp-content\/uploads\/sites\/3\/2017\/10\/bravo-smiley.jpg\"><img decoding=\"async\" class=\"wp-image-1747 alignleft\" src=\"https:\/\/www.sainte-therese-les-cordeliers.fr\/blog-cdi-lp\/wp-content\/uploads\/sites\/3\/2017\/10\/bravo-smiley.jpg\" alt=\"\" width=\"22\" height=\"22\" srcset=\"https:\/\/www.sainte-therese-les-cordeliers.fr\/blog-cdi-lp\/wp-content\/uploads\/sites\/3\/2017\/10\/bravo-smiley-66x66.jpg 66w, https:\/\/www.sainte-therese-les-cordeliers.fr\/blog-cdi-lp\/wp-content\/uploads\/sites\/3\/2017\/10\/bravo-smiley-150x150.jpg 150w, https:\/\/www.sainte-therese-les-cordeliers.fr\/blog-cdi-lp\/wp-content\/uploads\/sites\/3\/2017\/10\/bravo-smiley-200x200.jpg 200w, https:\/\/www.sainte-therese-les-cordeliers.fr\/blog-cdi-lp\/wp-content\/uploads\/sites\/3\/2017\/10\/bravo-smiley-300x300.jpg 300w, https:\/\/www.sainte-therese-les-cordeliers.fr\/blog-cdi-lp\/wp-content\/uploads\/sites\/3\/2017\/10\/bravo-smiley-400x400.jpg 400w, https:\/\/www.sainte-therese-les-cordeliers.fr\/blog-cdi-lp\/wp-content\/uploads\/sites\/3\/2017\/10\/bravo-smiley.jpg 512w\" sizes=\"(max-width: 22px) 100vw, 22px\" \/><\/a><\/span><\/p>\n<p><em>\u00ab\u00a0Cette ann\u00e9e, notre groupe a opt\u00e9 pour un Ouibus au d\u00e9part de Clermont-Ferrand jusqu&rsquo;\u00e0 Orly, puis un avion Transavia de Paris \u00e0 Edimbourg. Le voyage fut facile mais une surprise nous attendait \u00e0 l&rsquo;arriv\u00e9e en Ecosse : la neige&#8230; totalement inhabituelle pour cette r\u00e9gion !!!<\/em><\/p>\n<p><em>Notre avion a d&rsquo;ailleurs \u00e9t\u00e9 clou\u00e9 au sol \u00e0 notre arriv\u00e9e. Nous avons d\u00fb changer nos plans car nos familles d&rsquo;accueil avaient interdiction de sortir leurs voitures non-\u00e9quip\u00e9es pour la neige pour venir nous chercher&#8230; Nous avons donc saut\u00e9 dans le bus Airlink pour le centre-ville, avons achet\u00e9 nos cartes de transports publiques illimit\u00e9s. Chacun de nous avait heureusement consciencieusement localis\u00e9 son h\u00e9bergement avant le d\u00e9part !! Chacun a ainsi pu rentrer au plus vite dans sa famille <\/em><em>d&rsquo;accueil avant que les Lothian bus ne soient eux-m\u00eames progressivement suspendus pendant 2 jours !\u00a0\u00bb<\/em><\/p>\n<p><span style=\"color: #993366\"><em>Tristan, Jennie, Cl\u00e9mence, Valentin, Emma (COMMERCE), Gabriel, Sarah, Laure (ACCUEIL), Amandine, Manon et Chlo\u00e9 (ASSP).<\/em><\/span><\/p>\n","protected":false},"excerpt":{"rendered":"<p>11 \u00e9l\u00e8ves de nos diverses classes de Terminale Bac Pro sont partis le 27\/02 pour Edimbourg afin d&rsquo;effectuer 4 semaines de P\u00e9riodes de Formation en Entreprise ! &#x2665; \u00ab\u00a0Cette ann\u00e9e, notre groupe a opt\u00e9 pour un Ouibus au d\u00e9part de Clermont-Ferrand jusqu&rsquo;\u00e0 Orly, puis un avion Transavia de Paris \u00e0 Edimbourg. Le voyage fut facile <a href=\"https:\/\/www.sainte-therese-les-cordeliers.fr\/blog-cdi-lp\/immersion-chez-les-edimbourgeois\/\"> [&#8230;]<\/a><\/p>\n","protected":false},"author":3,"featured_media":0,"comment_status":"closed","ping_status":"closed","sticky":false,"template":"","format":"standard","meta":{"om_disable_all_campaigns":false,"footnotes":""},"categories":[23,5],"tags":[],"class_list":["post-1981","post","type-post","status-publish","format-standard","hentry","category-section-euro","category-voyages"],"aioseo_notices":[],"_links":{"self":[{"href":"https:\/\/www.sainte-therese-les-cordeliers.fr\/blog-cdi-lp\/wp-json\/wp\/v2\/posts\/1981","targetHints":{"allow":["GET"]}}],"collection":[{"href":"https:\/\/www.sainte-therese-les-cordeliers.fr\/blog-cdi-lp\/wp-json\/wp\/v2\/posts"}],"about":[{"href":"https:\/\/www.sainte-therese-les-cordeliers.fr\/blog-cdi-lp\/wp-json\/wp\/v2\/types\/post"}],"author":[{"embeddable":true,"href":"https:\/\/www.sainte-therese-les-cordeliers.fr\/blog-cdi-lp\/wp-json\/wp\/v2\/users\/3"}],"replies":[{"embeddable":true,"href":"https:\/\/www.sainte-therese-les-cordeliers.fr\/blog-cdi-lp\/wp-json\/wp\/v2\/comments?post=1981"}],"version-history":[{"count":5,"href":"https:\/\/www.sainte-therese-les-cordeliers.fr\/blog-cdi-lp\/wp-json\/wp\/v2\/posts\/1981\/revisions"}],"predecessor-version":[{"id":1987,"href":"https:\/\/www.sainte-therese-les-cordeliers.fr\/blog-cdi-lp\/wp-json\/wp\/v2\/posts\/1981\/revisions\/1987"}],"wp:attachment":[{"href":"https:\/\/www.sainte-therese-les-cordeliers.fr\/blog-cdi-lp\/wp-json\/wp\/v2\/media?parent=1981"}],"wp:term":[{"taxonomy":"category","embeddable":true,"href":"https:\/\/www.sainte-therese-les-cordeliers.fr\/blog-cdi-lp\/wp-json\/wp\/v2\/categories?post=1981"},{"taxonomy":"post_tag","embeddable":true,"href":"https:\/\/www.sainte-therese-les-cordeliers.fr\/blog-cdi-lp\/wp-json\/wp\/v2\/tags?post=1981"}],"curies":[{"name":"wp","href":"https:\/\/api.w.org\/{rel}","templated":true}]}}