{"id":2590,"date":"2019-05-17T14:03:41","date_gmt":"2019-05-17T13:03:41","guid":{"rendered":"https:\/\/www.sainte-therese-les-cordeliers.fr\/blog-cdi-lp\/?p=2590"},"modified":"2019-06-17T13:38:36","modified_gmt":"2019-06-17T12:38:36","slug":"ste-therese-les-cordeliers-au-pays-de-galles","status":"publish","type":"post","link":"https:\/\/www.sainte-therese-les-cordeliers.fr\/blog-cdi-lp\/ste-therese-les-cordeliers-au-pays-de-galles\/","title":{"rendered":"Voyage voyage&#8230;"},"content":{"rendered":"<div class=\"fusion-fullwidth fullwidth-box fusion-builder-row-1 nonhundred-percent-fullwidth non-hundred-percent-height-scrolling\" style=\"--awb-border-radius-top-left:0px;--awb-border-radius-top-right:0px;--awb-border-radius-bottom-right:0px;--awb-border-radius-bottom-left:0px;--awb-flex-wrap:wrap;\" ><div class=\"fusion-builder-row fusion-row\"><div class=\"fusion-layout-column fusion_builder_column fusion-builder-column-0 fusion_builder_column_1_1 1_1 fusion-one-full fusion-column-first fusion-column-last\" style=\"--awb-bg-size:cover;\"><div class=\"fusion-column-wrapper fusion-column-has-shadow fusion-flex-column-wrapper-legacy\"><div class=\"awb-gallery-wrapper awb-gallery-wrapper-1 button-span-no\"><div style=\"margin:-5px;--awb-bordersize:0px;\" class=\"fusion-gallery fusion-gallery-container fusion-grid-5 fusion-columns-total-10 fusion-gallery-layout-grid fusion-gallery-1\"><div style=\"padding:5px;\" class=\"fusion-grid-column fusion-gallery-column fusion-gallery-column-5 hover-type-zoomin\"><div class=\"fusion-gallery-image\"><a href=\"https:\/\/www.sainte-therese-les-cordeliers.fr\/blog-cdi-lp\/wp-content\/uploads\/sites\/3\/2019\/05\/Capture5-2.jpg\" rel=\"noreferrer\" data-rel=\"iLightbox[gallery_image_1]\" class=\"fusion-lightbox\" target=\"_self\"><img decoding=\"async\" src=\"https:\/\/www.sainte-therese-les-cordeliers.fr\/blog-cdi-lp\/wp-content\/uploads\/sites\/3\/2019\/05\/Capture5-2-320x202.jpg\" width=\"320\" height=\"202\" alt=\"\" title=\"Capture5\" aria-label=\"Capture5\" class=\"img-responsive wp-image-2622 fusion-gallery-image-size-fixed\" srcset=\"https:\/\/www.sainte-therese-les-cordeliers.fr\/blog-cdi-lp\/wp-content\/uploads\/sites\/3\/2019\/05\/Capture5-2-320x202.jpg 320w, https:\/\/www.sainte-therese-les-cordeliers.fr\/blog-cdi-lp\/wp-content\/uploads\/sites\/3\/2019\/05\/Capture5-2-700x441.jpg 700w\" sizes=\"(max-width: 320px) 100vw, 320px\" \/><\/a><\/div><\/div><div style=\"padding:5px;\" class=\"fusion-grid-column fusion-gallery-column fusion-gallery-column-5 hover-type-zoomin\"><div class=\"fusion-gallery-image\"><a href=\"https:\/\/www.sainte-therese-les-cordeliers.fr\/blog-cdi-lp\/wp-content\/uploads\/sites\/3\/2019\/05\/Aide-british-council.png\" rel=\"noreferrer\" data-rel=\"iLightbox[gallery_image_1]\" class=\"fusion-lightbox\" target=\"_self\"><img decoding=\"async\" src=\"https:\/\/www.sainte-therese-les-cordeliers.fr\/blog-cdi-lp\/wp-content\/uploads\/sites\/3\/2019\/05\/Aide-british-council-320x202.png\" width=\"320\" height=\"202\" alt=\"\" title=\"Aide british council\" aria-label=\"Aide british council\" class=\"img-responsive wp-image-2591 fusion-gallery-image-size-fixed\" srcset=\"https:\/\/www.sainte-therese-les-cordeliers.fr\/blog-cdi-lp\/wp-content\/uploads\/sites\/3\/2019\/05\/Aide-british-council-200x126.png 200w, https:\/\/www.sainte-therese-les-cordeliers.fr\/blog-cdi-lp\/wp-content\/uploads\/sites\/3\/2019\/05\/Aide-british-council.png 350w\" sizes=\"(min-width: 2200px) 100vw, (min-width: 1007px) 216px, (min-width: 915px) 270px, (min-width: 824px) 360px, (min-width: 732px) 540px, (min-width: 640px) 732px, \" \/><\/a><\/div><\/div><div style=\"padding:5px;\" class=\"fusion-grid-column fusion-gallery-column fusion-gallery-column-5 hover-type-zoomin\"><div class=\"fusion-gallery-image\"><a href=\"https:\/\/www.sainte-therese-les-cordeliers.fr\/blog-cdi-lp\/wp-content\/uploads\/sites\/3\/2019\/05\/Capture.jpg\" rel=\"noreferrer\" data-rel=\"iLightbox[gallery_image_1]\" class=\"fusion-lightbox\" target=\"_self\"><img decoding=\"async\" src=\"https:\/\/www.sainte-therese-les-cordeliers.fr\/blog-cdi-lp\/wp-content\/uploads\/sites\/3\/2019\/05\/Capture-320x202.jpg\" width=\"320\" height=\"202\" alt=\"\" title=\"Capture\" aria-label=\"Capture\" class=\"img-responsive wp-image-2592 fusion-gallery-image-size-fixed\"  \/><\/a><\/div><\/div><div style=\"padding:5px;\" class=\"fusion-grid-column fusion-gallery-column fusion-gallery-column-5 hover-type-zoomin\"><div class=\"fusion-gallery-image\"><a href=\"https:\/\/www.sainte-therese-les-cordeliers.fr\/blog-cdi-lp\/wp-content\/uploads\/sites\/3\/2019\/05\/Capture1.jpg\" rel=\"noreferrer\" data-rel=\"iLightbox[gallery_image_1]\" class=\"fusion-lightbox\" target=\"_self\"><img decoding=\"async\" src=\"https:\/\/www.sainte-therese-les-cordeliers.fr\/blog-cdi-lp\/wp-content\/uploads\/sites\/3\/2019\/05\/Capture1-320x202.jpg\" width=\"320\" height=\"202\" alt=\"\" title=\"Capture1\" aria-label=\"Capture1\" class=\"img-responsive wp-image-2593 fusion-gallery-image-size-fixed\" srcset=\"https:\/\/www.sainte-therese-les-cordeliers.fr\/blog-cdi-lp\/wp-content\/uploads\/sites\/3\/2019\/05\/Capture1-320x202.jpg 320w, https:\/\/www.sainte-therese-les-cordeliers.fr\/blog-cdi-lp\/wp-content\/uploads\/sites\/3\/2019\/05\/Capture1-700x441.jpg 700w\" sizes=\"(max-width: 320px) 100vw, 320px\" \/><\/a><\/div><\/div><div style=\"padding:5px;\" class=\"fusion-grid-column fusion-gallery-column fusion-gallery-column-5 hover-type-zoomin\"><div class=\"fusion-gallery-image\"><a href=\"https:\/\/www.sainte-therese-les-cordeliers.fr\/blog-cdi-lp\/wp-content\/uploads\/sites\/3\/2019\/05\/Ch\u00e2teau-de-Caernarfon-2.jpg\" rel=\"noreferrer\" data-rel=\"iLightbox[gallery_image_1]\" class=\"fusion-lightbox\" target=\"_self\"><img decoding=\"async\" src=\"https:\/\/www.sainte-therese-les-cordeliers.fr\/blog-cdi-lp\/wp-content\/uploads\/sites\/3\/2019\/05\/Ch\u00e2teau-de-Caernarfon-2-320x202.jpg\" width=\"320\" height=\"202\" alt=\"\" title=\"Ch\u00e2teau de Caernarfon (2)\" aria-label=\"Ch\u00e2teau de Caernarfon (2)\" class=\"img-responsive wp-image-2602 fusion-gallery-image-size-fixed\"  \/><\/a><\/div><\/div><div class=\"clearfix\"><\/div><div style=\"padding:5px;\" class=\"fusion-grid-column fusion-gallery-column fusion-gallery-column-5 hover-type-zoomin\"><div class=\"fusion-gallery-image\"><a href=\"https:\/\/www.sainte-therese-les-cordeliers.fr\/blog-cdi-lp\/wp-content\/uploads\/sites\/3\/2019\/05\/Capture7.jpg\" rel=\"noreferrer\" data-rel=\"iLightbox[gallery_image_1]\" class=\"fusion-lightbox\" target=\"_self\"><img decoding=\"async\" src=\"https:\/\/www.sainte-therese-les-cordeliers.fr\/blog-cdi-lp\/wp-content\/uploads\/sites\/3\/2019\/05\/Capture7-320x202.jpg\" width=\"320\" height=\"202\" alt=\"\" title=\"Capture7\" aria-label=\"Capture7\" class=\"img-responsive wp-image-2599 fusion-gallery-image-size-fixed\" srcset=\"https:\/\/www.sainte-therese-les-cordeliers.fr\/blog-cdi-lp\/wp-content\/uploads\/sites\/3\/2019\/05\/Capture7-320x202.jpg 320w, https:\/\/www.sainte-therese-les-cordeliers.fr\/blog-cdi-lp\/wp-content\/uploads\/sites\/3\/2019\/05\/Capture7-700x441.jpg 700w\" sizes=\"(max-width: 320px) 100vw, 320px\" \/><\/a><\/div><\/div><div style=\"padding:5px;\" class=\"fusion-grid-column fusion-gallery-column fusion-gallery-column-5 hover-type-zoomin\"><div class=\"fusion-gallery-image\"><a href=\"https:\/\/www.sainte-therese-les-cordeliers.fr\/blog-cdi-lp\/wp-content\/uploads\/sites\/3\/2019\/05\/Capture2.jpg\" rel=\"noreferrer\" data-rel=\"iLightbox[gallery_image_1]\" class=\"fusion-lightbox\" target=\"_self\"><img decoding=\"async\" src=\"https:\/\/www.sainte-therese-les-cordeliers.fr\/blog-cdi-lp\/wp-content\/uploads\/sites\/3\/2019\/05\/Capture2-320x202.jpg\" width=\"320\" height=\"202\" alt=\"\" title=\"Capture2\" aria-label=\"Capture2\" class=\"img-responsive wp-image-2594 fusion-gallery-image-size-fixed\" srcset=\"https:\/\/www.sainte-therese-les-cordeliers.fr\/blog-cdi-lp\/wp-content\/uploads\/sites\/3\/2019\/05\/Capture2-320x202.jpg 320w, https:\/\/www.sainte-therese-les-cordeliers.fr\/blog-cdi-lp\/wp-content\/uploads\/sites\/3\/2019\/05\/Capture2-700x441.jpg 700w\" sizes=\"(max-width: 320px) 100vw, 320px\" \/><\/a><\/div><\/div><div style=\"padding:5px;\" class=\"fusion-grid-column fusion-gallery-column fusion-gallery-column-5 hover-type-zoomin\"><div class=\"fusion-gallery-image\"><a href=\"https:\/\/www.sainte-therese-les-cordeliers.fr\/blog-cdi-lp\/wp-content\/uploads\/sites\/3\/2019\/05\/Capture3.jpg\" rel=\"noreferrer\" data-rel=\"iLightbox[gallery_image_1]\" class=\"fusion-lightbox\" target=\"_self\"><img decoding=\"async\" src=\"https:\/\/www.sainte-therese-les-cordeliers.fr\/blog-cdi-lp\/wp-content\/uploads\/sites\/3\/2019\/05\/Capture3-320x202.jpg\" width=\"320\" height=\"202\" alt=\"\" title=\"Capture3\" aria-label=\"Capture3\" class=\"img-responsive wp-image-2595 fusion-gallery-image-size-fixed\" srcset=\"https:\/\/www.sainte-therese-les-cordeliers.fr\/blog-cdi-lp\/wp-content\/uploads\/sites\/3\/2019\/05\/Capture3-200x127.jpg 200w, https:\/\/www.sainte-therese-les-cordeliers.fr\/blog-cdi-lp\/wp-content\/uploads\/sites\/3\/2019\/05\/Capture3-400x253.jpg 400w, https:\/\/www.sainte-therese-les-cordeliers.fr\/blog-cdi-lp\/wp-content\/uploads\/sites\/3\/2019\/05\/Capture3-600x380.jpg 600w, https:\/\/www.sainte-therese-les-cordeliers.fr\/blog-cdi-lp\/wp-content\/uploads\/sites\/3\/2019\/05\/Capture3-800x506.jpg 800w, https:\/\/www.sainte-therese-les-cordeliers.fr\/blog-cdi-lp\/wp-content\/uploads\/sites\/3\/2019\/05\/Capture3.jpg 1135w\" sizes=\"(min-width: 2200px) 100vw, (min-width: 1007px) 216px, (min-width: 915px) 270px, (min-width: 824px) 360px, (min-width: 732px) 540px, (min-width: 640px) 732px, \" \/><\/a><\/div><\/div><div style=\"padding:5px;\" class=\"fusion-grid-column fusion-gallery-column fusion-gallery-column-5 hover-type-zoomin\"><div class=\"fusion-gallery-image\"><a href=\"https:\/\/www.sainte-therese-les-cordeliers.fr\/blog-cdi-lp\/wp-content\/uploads\/sites\/3\/2019\/05\/Capture4.jpg\" rel=\"noreferrer\" data-rel=\"iLightbox[gallery_image_1]\" class=\"fusion-lightbox\" target=\"_self\"><img decoding=\"async\" src=\"https:\/\/www.sainte-therese-les-cordeliers.fr\/blog-cdi-lp\/wp-content\/uploads\/sites\/3\/2019\/05\/Capture4-320x202.jpg\" width=\"320\" height=\"202\" alt=\"\" title=\"Capture4\" aria-label=\"Capture4\" class=\"img-responsive wp-image-2596 fusion-gallery-image-size-fixed\" srcset=\"https:\/\/www.sainte-therese-les-cordeliers.fr\/blog-cdi-lp\/wp-content\/uploads\/sites\/3\/2019\/05\/Capture4-320x202.jpg 320w, https:\/\/www.sainte-therese-les-cordeliers.fr\/blog-cdi-lp\/wp-content\/uploads\/sites\/3\/2019\/05\/Capture4-700x441.jpg 700w\" sizes=\"(max-width: 320px) 100vw, 320px\" \/><\/a><\/div><\/div><div style=\"padding:5px;\" class=\"fusion-grid-column fusion-gallery-column fusion-gallery-column-5 hover-type-zoomin\"><div class=\"fusion-gallery-image\"><a href=\"https:\/\/www.sainte-therese-les-cordeliers.fr\/blog-cdi-lp\/wp-content\/uploads\/sites\/3\/2019\/05\/Capture6.jpg\" rel=\"noreferrer\" data-rel=\"iLightbox[gallery_image_1]\" class=\"fusion-lightbox\" target=\"_self\"><img decoding=\"async\" src=\"https:\/\/www.sainte-therese-les-cordeliers.fr\/blog-cdi-lp\/wp-content\/uploads\/sites\/3\/2019\/05\/Capture6-320x202.jpg\" width=\"320\" height=\"202\" alt=\"\" title=\"Capture6\" aria-label=\"Capture6\" class=\"img-responsive wp-image-2598 fusion-gallery-image-size-fixed\" srcset=\"https:\/\/www.sainte-therese-les-cordeliers.fr\/blog-cdi-lp\/wp-content\/uploads\/sites\/3\/2019\/05\/Capture6-320x202.jpg 320w, https:\/\/www.sainte-therese-les-cordeliers.fr\/blog-cdi-lp\/wp-content\/uploads\/sites\/3\/2019\/05\/Capture6-700x441.jpg 700w\" sizes=\"(max-width: 320px) 100vw, 320px\" \/><\/a><\/div><\/div><div class=\"clearfix\"><\/div><\/div><\/div><div class=\"fusion-text fusion-text-1\"><p>Apr\u00e8s la visite des gallois \u00e0 Clermont-Ferrand en avril dernier, <strong>12 \u00e9l\u00e8ves ambassadeurs<\/strong> de <strong>1\u00e8re Bac Pro ASSP <\/strong>ont \u00e9t\u00e9 <strong>ravis d\u2019aller rendre visite \u00e0 leurs correspondants du lyc\u00e9e Menai Coleg<\/strong>, avec qui ils gardent des contacts r\u00e9guliers sur les r\u00e9seaux sociaux. Ils \u00e9taient \u00a0attendus avec impatience sur l\u2019<strong>\u00eele d\u2019Anglesey<\/strong> pour y rester neuf jours, <strong>accompagn\u00e9s <\/strong>du R\u00e9f\u00e9rent Euromobilit\u00e9 \u00a0Patricia MOULIN et de Sandrine MADEORE professeur d\u2019enseignement professionnel Sanitaire et Social.<!--more--><\/p>\n<p>Les \u00e9l\u00e8ves fran\u00e7ais <strong>ont partag\u00e9 les cours de pratiques professionnelles de leur homologues gallois, <\/strong>ainsi qu\u2019un tr\u00e8s riche <strong>programme de visites professionnelles et culturelles<\/strong>. Ils ont notamment visit\u00e9 <strong>l\u2019ancien h\u00f4pital de campagne des carri\u00e8res d\u2019ardoises<\/strong> de Llanberis, ont \u00e9tudi\u00e9 la condition des femmes d\u00e9tenues \u00e0 <strong>l\u2019ancienne prison de Beaumaris<\/strong>. Ils <strong>ont \u00e9galement propos\u00e9 des animations \u00e0 la maison de retraite<\/strong> de Brwynog Amloch, <strong>\u00e0 l\u2019\u00e9cole maternelle de Benllech pre-school<\/strong> et ont rendu visite <strong>au centre d\u2019insertion par le travail<\/strong> de Tyddyn et au <strong>Centre d\u2019\u00e9quith\u00e9rapie<\/strong> de Newborough. Lors de ces \u00e9changes professionnels, personnels et culturels, les \u00e9l\u00e8ves ont \u00e9t\u00e9 tr\u00e8s surpris par le bilinguisme avec <strong>l\u2019omnipr\u00e9sence et la promotion de la langue galloise<\/strong> dans le nord du Pays de Galles. Lors de cette aventure ambitieuse, les \u00e9l\u00e8ves ont partag\u00e9 la vie du campus \u00e9tudiant de l\u2019universit\u00e9 de Bangor dans lequel ils \u00e9taient log\u00e9s. Il s\u2019agit d\u2019un <strong>riche partage d\u2019exp\u00e9riences authentiques, de modes de vie, de paysages et m\u00eame du match<\/strong> de Challenge Rugby Cup ASM- La Rochelle <strong>en direct<\/strong>.<\/p>\n<\/div><div class=\"fusion-clearfix\"><\/div><\/div><\/div><\/div><\/div>\n","protected":false},"excerpt":{"rendered":"<p>Apr\u00e8s la visite des gallois \u00e0 Clermont-Ferrand en avril dernier, 12 \u00e9l\u00e8ves ambassadeurs de 1\u00e8re Bac Pro ASSP ont \u00e9t\u00e9 ravis d\u2019aller rendre visite \u00e0 leurs correspondants du lyc\u00e9e Menai Coleg, avec qui ils gardent des contacts r\u00e9guliers sur les r\u00e9seaux sociaux. Ils \u00e9taient \u00a0attendus avec impatience sur l\u2019\u00eele d\u2019Anglesey pour y rester neuf jours, <a href=\"https:\/\/www.sainte-therese-les-cordeliers.fr\/blog-cdi-lp\/ste-therese-les-cordeliers-au-pays-de-galles\/\"> [&#8230;]<\/a><\/p>\n","protected":false},"author":3,"featured_media":0,"comment_status":"closed","ping_status":"closed","sticky":false,"template":"","format":"standard","meta":{"om_disable_all_campaigns":false,"footnotes":""},"categories":[50,23,5],"tags":[],"class_list":["post-2590","post","type-post","status-publish","format-standard","hentry","category-anglais","category-section-euro","category-voyages"],"aioseo_notices":[],"_links":{"self":[{"href":"https:\/\/www.sainte-therese-les-cordeliers.fr\/blog-cdi-lp\/wp-json\/wp\/v2\/posts\/2590","targetHints":{"allow":["GET"]}}],"collection":[{"href":"https:\/\/www.sainte-therese-les-cordeliers.fr\/blog-cdi-lp\/wp-json\/wp\/v2\/posts"}],"about":[{"href":"https:\/\/www.sainte-therese-les-cordeliers.fr\/blog-cdi-lp\/wp-json\/wp\/v2\/types\/post"}],"author":[{"embeddable":true,"href":"https:\/\/www.sainte-therese-les-cordeliers.fr\/blog-cdi-lp\/wp-json\/wp\/v2\/users\/3"}],"replies":[{"embeddable":true,"href":"https:\/\/www.sainte-therese-les-cordeliers.fr\/blog-cdi-lp\/wp-json\/wp\/v2\/comments?post=2590"}],"version-history":[{"count":6,"href":"https:\/\/www.sainte-therese-les-cordeliers.fr\/blog-cdi-lp\/wp-json\/wp\/v2\/posts\/2590\/revisions"}],"predecessor-version":[{"id":2642,"href":"https:\/\/www.sainte-therese-les-cordeliers.fr\/blog-cdi-lp\/wp-json\/wp\/v2\/posts\/2590\/revisions\/2642"}],"wp:attachment":[{"href":"https:\/\/www.sainte-therese-les-cordeliers.fr\/blog-cdi-lp\/wp-json\/wp\/v2\/media?parent=2590"}],"wp:term":[{"taxonomy":"category","embeddable":true,"href":"https:\/\/www.sainte-therese-les-cordeliers.fr\/blog-cdi-lp\/wp-json\/wp\/v2\/categories?post=2590"},{"taxonomy":"post_tag","embeddable":true,"href":"https:\/\/www.sainte-therese-les-cordeliers.fr\/blog-cdi-lp\/wp-json\/wp\/v2\/tags?post=2590"}],"curies":[{"name":"wp","href":"https:\/\/api.w.org\/{rel}","templated":true}]}}