{"id":2731,"date":"2019-11-03T18:03:24","date_gmt":"2019-11-03T17:03:24","guid":{"rendered":"https:\/\/www.sainte-therese-les-cordeliers.fr\/blog-cdi-lp\/?p=2731"},"modified":"2019-11-05T10:55:58","modified_gmt":"2019-11-05T09:55:58","slug":"visite-de-la-montagne","status":"publish","type":"post","link":"https:\/\/www.sainte-therese-les-cordeliers.fr\/blog-cdi-lp\/visite-de-la-montagne\/","title":{"rendered":"Visite de La Montagne"},"content":{"rendered":"<div class=\"fusion-fullwidth fullwidth-box fusion-builder-row-1 nonhundred-percent-fullwidth non-hundred-percent-height-scrolling\" style=\"--awb-border-radius-top-left:0px;--awb-border-radius-top-right:0px;--awb-border-radius-bottom-right:0px;--awb-border-radius-bottom-left:0px;--awb-flex-wrap:wrap;\" ><div class=\"fusion-builder-row fusion-row\"><div class=\"fusion-layout-column fusion_builder_column fusion-builder-column-0 fusion_builder_column_1_1 1_1 fusion-one-full fusion-column-first fusion-column-last\" style=\"--awb-bg-size:cover;\"><div class=\"fusion-column-wrapper fusion-column-has-shadow fusion-flex-column-wrapper-legacy\"><div class=\"awb-gallery-wrapper awb-gallery-wrapper-1 button-span-no\"><div style=\"margin:-5px;--awb-bordersize:0px;\" class=\"fusion-gallery fusion-gallery-container fusion-grid-6 fusion-columns-total-6 fusion-gallery-layout-grid fusion-gallery-1\"><div style=\"padding:5px;\" class=\"fusion-grid-column fusion-gallery-column fusion-gallery-column-6 hover-type-zoomin\"><div class=\"fusion-gallery-image\"><a href=\"https:\/\/www.sainte-therese-les-cordeliers.fr\/blog-cdi-lp\/wp-content\/uploads\/sites\/3\/2019\/11\/Capture4.jpg\" rel=\"noreferrer\" data-rel=\"iLightbox[gallery_image_1]\" class=\"fusion-lightbox\" target=\"_self\"><img decoding=\"async\" src=\"https:\/\/www.sainte-therese-les-cordeliers.fr\/blog-cdi-lp\/wp-content\/uploads\/sites\/3\/2019\/11\/Capture4-320x202.jpg\" width=\"320\" height=\"202\" alt=\"\" title=\"Capture4\" aria-label=\"Capture4\" class=\"img-responsive wp-image-2735 fusion-gallery-image-size-fixed\" srcset=\"https:\/\/www.sainte-therese-les-cordeliers.fr\/blog-cdi-lp\/wp-content\/uploads\/sites\/3\/2019\/11\/Capture4-320x202.jpg 320w, https:\/\/www.sainte-therese-les-cordeliers.fr\/blog-cdi-lp\/wp-content\/uploads\/sites\/3\/2019\/11\/Capture4-700x441.jpg 700w\" sizes=\"(max-width: 320px) 100vw, 320px\" \/><\/a><\/div><\/div><div style=\"padding:5px;\" class=\"fusion-grid-column fusion-gallery-column fusion-gallery-column-6 hover-type-zoomin\"><div class=\"fusion-gallery-image\"><a href=\"https:\/\/www.sainte-therese-les-cordeliers.fr\/blog-cdi-lp\/wp-content\/uploads\/sites\/3\/2019\/11\/Capture1.jpg\" rel=\"noreferrer\" data-rel=\"iLightbox[gallery_image_1]\" class=\"fusion-lightbox\" target=\"_self\"><img decoding=\"async\" src=\"https:\/\/www.sainte-therese-les-cordeliers.fr\/blog-cdi-lp\/wp-content\/uploads\/sites\/3\/2019\/11\/Capture1-320x202.jpg\" width=\"320\" height=\"202\" alt=\"\" title=\"Capture1\" aria-label=\"Capture1\" class=\"img-responsive wp-image-2732 fusion-gallery-image-size-fixed\" srcset=\"https:\/\/www.sainte-therese-les-cordeliers.fr\/blog-cdi-lp\/wp-content\/uploads\/sites\/3\/2019\/11\/Capture1-320x202.jpg 320w, https:\/\/www.sainte-therese-les-cordeliers.fr\/blog-cdi-lp\/wp-content\/uploads\/sites\/3\/2019\/11\/Capture1-700x441.jpg 700w\" sizes=\"(max-width: 320px) 100vw, 320px\" \/><\/a><\/div><\/div><div style=\"padding:5px;\" class=\"fusion-grid-column fusion-gallery-column fusion-gallery-column-6 hover-type-zoomin\"><div class=\"fusion-gallery-image\"><a href=\"https:\/\/www.sainte-therese-les-cordeliers.fr\/blog-cdi-lp\/wp-content\/uploads\/sites\/3\/2019\/11\/Capture3.jpg\" rel=\"noreferrer\" data-rel=\"iLightbox[gallery_image_1]\" class=\"fusion-lightbox\" target=\"_self\"><img decoding=\"async\" src=\"https:\/\/www.sainte-therese-les-cordeliers.fr\/blog-cdi-lp\/wp-content\/uploads\/sites\/3\/2019\/11\/Capture3-320x202.jpg\" width=\"320\" height=\"202\" alt=\"\" title=\"Capture3\" aria-label=\"Capture3\" class=\"img-responsive wp-image-2734 fusion-gallery-image-size-fixed\" srcset=\"https:\/\/www.sainte-therese-les-cordeliers.fr\/blog-cdi-lp\/wp-content\/uploads\/sites\/3\/2019\/11\/Capture3-320x202.jpg 320w, https:\/\/www.sainte-therese-les-cordeliers.fr\/blog-cdi-lp\/wp-content\/uploads\/sites\/3\/2019\/11\/Capture3-700x441.jpg 700w\" sizes=\"(max-width: 320px) 100vw, 320px\" \/><\/a><\/div><\/div><div style=\"padding:5px;\" class=\"fusion-grid-column fusion-gallery-column fusion-gallery-column-6 hover-type-zoomin\"><div class=\"fusion-gallery-image\"><a href=\"https:\/\/www.sainte-therese-les-cordeliers.fr\/blog-cdi-lp\/wp-content\/uploads\/sites\/3\/2019\/11\/Capture2.jpg\" rel=\"noreferrer\" data-rel=\"iLightbox[gallery_image_1]\" class=\"fusion-lightbox\" target=\"_self\"><img decoding=\"async\" src=\"https:\/\/www.sainte-therese-les-cordeliers.fr\/blog-cdi-lp\/wp-content\/uploads\/sites\/3\/2019\/11\/Capture2-320x202.jpg\" width=\"320\" height=\"202\" alt=\"\" title=\"Capture2\" aria-label=\"Capture2\" class=\"img-responsive wp-image-2733 fusion-gallery-image-size-fixed\" srcset=\"https:\/\/www.sainte-therese-les-cordeliers.fr\/blog-cdi-lp\/wp-content\/uploads\/sites\/3\/2019\/11\/Capture2-320x202.jpg 320w, https:\/\/www.sainte-therese-les-cordeliers.fr\/blog-cdi-lp\/wp-content\/uploads\/sites\/3\/2019\/11\/Capture2-700x441.jpg 700w\" sizes=\"(max-width: 320px) 100vw, 320px\" \/><\/a><\/div><\/div><div style=\"padding:5px;\" class=\"fusion-grid-column fusion-gallery-column fusion-gallery-column-6 hover-type-zoomin\"><div class=\"fusion-gallery-image\"><a href=\"https:\/\/www.sainte-therese-les-cordeliers.fr\/blog-cdi-lp\/wp-content\/uploads\/sites\/3\/2019\/11\/UNE-fictive-2.jpg\" rel=\"noreferrer\" data-rel=\"iLightbox[gallery_image_1]\" class=\"fusion-lightbox\" target=\"_self\"><img decoding=\"async\" src=\"https:\/\/www.sainte-therese-les-cordeliers.fr\/blog-cdi-lp\/wp-content\/uploads\/sites\/3\/2019\/11\/UNE-fictive-2-320x202.jpg\" width=\"320\" height=\"202\" alt=\"\" title=\"UNE fictive\" aria-label=\"UNE fictive\" class=\"img-responsive wp-image-2746 fusion-gallery-image-size-fixed\"  \/><\/a><\/div><\/div><div style=\"padding:5px;\" class=\"fusion-grid-column fusion-gallery-column fusion-gallery-column-6 hover-type-zoomin\"><div class=\"fusion-gallery-image\"><a href=\"https:\/\/www.sainte-therese-les-cordeliers.fr\/blog-cdi-lp\/wp-content\/uploads\/sites\/3\/2019\/11\/Photo-1.jpg\" rel=\"noreferrer\" data-rel=\"iLightbox[gallery_image_1]\" class=\"fusion-lightbox\" target=\"_self\"><img decoding=\"async\" src=\"https:\/\/www.sainte-therese-les-cordeliers.fr\/blog-cdi-lp\/wp-content\/uploads\/sites\/3\/2019\/11\/Photo-1-320x202.jpg\" width=\"320\" height=\"202\" alt=\"\" title=\"Photo 1\" aria-label=\"Photo 1\" class=\"img-responsive wp-image-2736 fusion-gallery-image-size-fixed\"  \/><\/a><\/div><\/div><div class=\"clearfix\"><\/div><\/div><\/div><div class=\"fusion-text fusion-text-1\"><p>Le vendredi 18 octobre, les \u00e9l\u00e8ves de 3<sup>\u00e8me<\/sup> Pr\u00e9pa M\u00e9tiers, accompagn\u00e9s de leurs professeurs Mmes Bernard, Courcin et M. Hugny, se sont rendus au journal La Montagne, 45 rue du clos Four, pour une visite d\u2019une heure trente. Mme Anne Bourges nous a accueillis, nous a fourni des explications d\u00e9taill\u00e9es sur le fonctionnement du journal et des chiffres cl\u00e9s au sujet du quotidien\u00a0:<\/p>\n<p>&#8211; Il y a 207 journalistes parmi les 630 employ\u00e9s que compte le journal, beaucoup de corps de m\u00e9tiers sont repr\u00e9sent\u00e9s (maintenance, RH\u2026)<!--more--><\/p>\n<p>&#8211; Il y a 13 agences du groupe Centre France qui donnent le jour \u00e0 13 \u00e9ditions diff\u00e9rentes chaque jour.<\/p>\n<p>&#8211; Chaque jour, environ 160.000 tirages papier sortent, mais bien \u00e9videmment, le format et les supports ont vari\u00e9 au cours de ces derni\u00e8res d\u00e9cennies, pour s\u2019adapter aux attentes des lecteurs et \u00e0 l\u2019\u00e9volution des m\u00e9dias avec l\u2019apparition d\u2019internet.<\/p>\n<p>Les \u00e9l\u00e8ves ont parcouru diff\u00e9rents services, avec \u00e0 chaque fois des explications int\u00e9ressantes des journalistes pr\u00e9sents.<\/p>\n<p>La visite s\u2019est termin\u00e9e par la cr\u00e9ation d\u2019une Une fictive. Les \u00e9l\u00e8ves ont appr\u00e9ci\u00e9 la visite et pour la plupart d\u00e9couvert le fonctionnement de ce journal qui partage la vie des Auvergnats depuis 100 ans cette ann\u00e9e.<\/p>\n<\/div><div class=\"fusion-clearfix\"><\/div><\/div><\/div><\/div><\/div>\n","protected":false},"excerpt":{"rendered":"<p>Le vendredi 18 octobre, les \u00e9l\u00e8ves de 3\u00e8me Pr\u00e9pa M\u00e9tiers, accompagn\u00e9s de leurs professeurs Mmes Bernard, Courcin et M. Hugny, se sont rendus au journal La Montagne, 45 rue du clos Four, pour une visite d\u2019une heure trente. Mme Anne Bourges nous a accueillis, nous a fourni des explications d\u00e9taill\u00e9es sur le fonctionnement du journal <a href=\"https:\/\/www.sainte-therese-les-cordeliers.fr\/blog-cdi-lp\/visite-de-la-montagne\/\"> [&#8230;]<\/a><\/p>\n","protected":false},"author":3,"featured_media":0,"comment_status":"closed","ping_status":"closed","sticky":false,"template":"","format":"standard","meta":{"om_disable_all_campaigns":false,"footnotes":""},"categories":[53,33],"tags":[],"class_list":["post-2731","post","type-post","status-publish","format-standard","hentry","category-3-ppro","category-presse"],"aioseo_notices":[],"_links":{"self":[{"href":"https:\/\/www.sainte-therese-les-cordeliers.fr\/blog-cdi-lp\/wp-json\/wp\/v2\/posts\/2731","targetHints":{"allow":["GET"]}}],"collection":[{"href":"https:\/\/www.sainte-therese-les-cordeliers.fr\/blog-cdi-lp\/wp-json\/wp\/v2\/posts"}],"about":[{"href":"https:\/\/www.sainte-therese-les-cordeliers.fr\/blog-cdi-lp\/wp-json\/wp\/v2\/types\/post"}],"author":[{"embeddable":true,"href":"https:\/\/www.sainte-therese-les-cordeliers.fr\/blog-cdi-lp\/wp-json\/wp\/v2\/users\/3"}],"replies":[{"embeddable":true,"href":"https:\/\/www.sainte-therese-les-cordeliers.fr\/blog-cdi-lp\/wp-json\/wp\/v2\/comments?post=2731"}],"version-history":[{"count":7,"href":"https:\/\/www.sainte-therese-les-cordeliers.fr\/blog-cdi-lp\/wp-json\/wp\/v2\/posts\/2731\/revisions"}],"predecessor-version":[{"id":2747,"href":"https:\/\/www.sainte-therese-les-cordeliers.fr\/blog-cdi-lp\/wp-json\/wp\/v2\/posts\/2731\/revisions\/2747"}],"wp:attachment":[{"href":"https:\/\/www.sainte-therese-les-cordeliers.fr\/blog-cdi-lp\/wp-json\/wp\/v2\/media?parent=2731"}],"wp:term":[{"taxonomy":"category","embeddable":true,"href":"https:\/\/www.sainte-therese-les-cordeliers.fr\/blog-cdi-lp\/wp-json\/wp\/v2\/categories?post=2731"},{"taxonomy":"post_tag","embeddable":true,"href":"https:\/\/www.sainte-therese-les-cordeliers.fr\/blog-cdi-lp\/wp-json\/wp\/v2\/tags?post=2731"}],"curies":[{"name":"wp","href":"https:\/\/api.w.org\/{rel}","templated":true}]}}