{"id":2840,"date":"2020-02-27T11:21:51","date_gmt":"2020-02-27T10:21:51","guid":{"rendered":"https:\/\/www.sainte-therese-les-cordeliers.fr\/blog-cdi-lp\/?p=2840"},"modified":"2020-02-27T22:03:56","modified_gmt":"2020-02-27T21:03:56","slug":"leuro-mobilite-tremplin-vers-dautres-mobilites","status":"publish","type":"post","link":"https:\/\/www.sainte-therese-les-cordeliers.fr\/blog-cdi-lp\/leuro-mobilite-tremplin-vers-dautres-mobilites\/","title":{"rendered":"L&rsquo;Euro Mobilit\u00e9 : tremplin vers d&rsquo;autres mobilit\u00e9s"},"content":{"rendered":"<div class=\"fusion-fullwidth fullwidth-box fusion-builder-row-1 nonhundred-percent-fullwidth non-hundred-percent-height-scrolling\" style=\"--awb-border-radius-top-left:0px;--awb-border-radius-top-right:0px;--awb-border-radius-bottom-right:0px;--awb-border-radius-bottom-left:0px;--awb-flex-wrap:wrap;\" ><div class=\"fusion-builder-row fusion-row\"><div class=\"fusion-layout-column fusion_builder_column fusion-builder-column-0 fusion_builder_column_1_1 1_1 fusion-one-full fusion-column-first fusion-column-last\" style=\"--awb-bg-size:cover;\"><div class=\"fusion-column-wrapper fusion-column-has-shadow fusion-flex-column-wrapper-legacy\"><div class=\"awb-gallery-wrapper awb-gallery-wrapper-1 button-span-no\"><div style=\"margin:-5px;--awb-bordersize:0px;\" class=\"fusion-gallery fusion-gallery-container fusion-grid-6 fusion-columns-total-6 fusion-gallery-layout-grid fusion-gallery-1\"><div style=\"padding:5px;\" class=\"fusion-grid-column fusion-gallery-column fusion-gallery-column-6 hover-type-zoomin\"><div class=\"fusion-gallery-image\"><a href=\"https:\/\/www.sainte-therese-les-cordeliers.fr\/blog-cdi-lp\/wp-content\/uploads\/sites\/3\/2020\/02\/IMG_20190909_110101.jpg\" rel=\"noreferrer\" data-rel=\"iLightbox[gallery_image_1]\" class=\"fusion-lightbox\" target=\"_self\"><img decoding=\"async\" src=\"https:\/\/www.sainte-therese-les-cordeliers.fr\/blog-cdi-lp\/wp-content\/uploads\/sites\/3\/2020\/02\/IMG_20190909_110101-320x202.jpg\" width=\"320\" height=\"202\" alt=\"\" title=\"cof\" aria-label=\"cof\" class=\"img-responsive wp-image-2841 fusion-gallery-image-size-fixed\"  \/><\/a><\/div><\/div><div style=\"padding:5px;\" class=\"fusion-grid-column fusion-gallery-column fusion-gallery-column-6 hover-type-zoomin\"><div class=\"fusion-gallery-image\"><a href=\"https:\/\/www.sainte-therese-les-cordeliers.fr\/blog-cdi-lp\/wp-content\/uploads\/sites\/3\/2020\/02\/IMG_20190909_113054.jpg\" rel=\"noreferrer\" data-rel=\"iLightbox[gallery_image_1]\" class=\"fusion-lightbox\" target=\"_self\"><img decoding=\"async\" src=\"https:\/\/www.sainte-therese-les-cordeliers.fr\/blog-cdi-lp\/wp-content\/uploads\/sites\/3\/2020\/02\/IMG_20190909_113054-320x202.jpg\" width=\"320\" height=\"202\" alt=\"\" title=\"cof\" aria-label=\"cof\" class=\"img-responsive wp-image-2842 fusion-gallery-image-size-fixed\"  \/><\/a><\/div><\/div><div style=\"padding:5px;\" class=\"fusion-grid-column fusion-gallery-column fusion-gallery-column-6 hover-type-zoomin\"><div class=\"fusion-gallery-image\"><a href=\"https:\/\/www.sainte-therese-les-cordeliers.fr\/blog-cdi-lp\/wp-content\/uploads\/sites\/3\/2020\/02\/IMG_20190910_105623.jpg\" rel=\"noreferrer\" data-rel=\"iLightbox[gallery_image_1]\" class=\"fusion-lightbox\" target=\"_self\"><img decoding=\"async\" src=\"https:\/\/www.sainte-therese-les-cordeliers.fr\/blog-cdi-lp\/wp-content\/uploads\/sites\/3\/2020\/02\/IMG_20190910_105623-320x202.jpg\" width=\"320\" height=\"202\" alt=\"\" title=\"cof\" aria-label=\"cof\" class=\"img-responsive wp-image-2843 fusion-gallery-image-size-fixed\"  \/><\/a><\/div><\/div><div style=\"padding:5px;\" class=\"fusion-grid-column fusion-gallery-column fusion-gallery-column-6 hover-type-zoomin\"><div class=\"fusion-gallery-image\"><a href=\"https:\/\/www.sainte-therese-les-cordeliers.fr\/blog-cdi-lp\/wp-content\/uploads\/sites\/3\/2020\/02\/train.jpg\" rel=\"noreferrer\" data-rel=\"iLightbox[gallery_image_1]\" class=\"fusion-lightbox\" target=\"_self\"><img decoding=\"async\" src=\"https:\/\/www.sainte-therese-les-cordeliers.fr\/blog-cdi-lp\/wp-content\/uploads\/sites\/3\/2020\/02\/train-320x202.jpg\" width=\"320\" height=\"202\" alt=\"\" title=\"train\" aria-label=\"train\" class=\"img-responsive wp-image-2844 fusion-gallery-image-size-fixed\" srcset=\"https:\/\/www.sainte-therese-les-cordeliers.fr\/blog-cdi-lp\/wp-content\/uploads\/sites\/3\/2020\/02\/train-320x202.jpg 320w, https:\/\/www.sainte-therese-les-cordeliers.fr\/blog-cdi-lp\/wp-content\/uploads\/sites\/3\/2020\/02\/train-700x441.jpg 700w\" sizes=\"(max-width: 320px) 100vw, 320px\" \/><\/a><\/div><\/div><div style=\"padding:5px;\" class=\"fusion-grid-column fusion-gallery-column fusion-gallery-column-6 hover-type-zoomin\"><div class=\"fusion-gallery-image\"><a href=\"https:\/\/www.sainte-therese-les-cordeliers.fr\/blog-cdi-lp\/wp-content\/uploads\/sites\/3\/2020\/02\/vaches.jpg\" rel=\"noreferrer\" data-rel=\"iLightbox[gallery_image_1]\" class=\"fusion-lightbox\" target=\"_self\"><img decoding=\"async\" src=\"https:\/\/www.sainte-therese-les-cordeliers.fr\/blog-cdi-lp\/wp-content\/uploads\/sites\/3\/2020\/02\/vaches-320x202.jpg\" width=\"320\" height=\"202\" alt=\"\" title=\"vaches\" aria-label=\"vaches\" class=\"img-responsive wp-image-2845 fusion-gallery-image-size-fixed\" srcset=\"https:\/\/www.sainte-therese-les-cordeliers.fr\/blog-cdi-lp\/wp-content\/uploads\/sites\/3\/2020\/02\/vaches-320x202.jpg 320w, https:\/\/www.sainte-therese-les-cordeliers.fr\/blog-cdi-lp\/wp-content\/uploads\/sites\/3\/2020\/02\/vaches-700x441.jpg 700w\" sizes=\"(max-width: 320px) 100vw, 320px\" \/><\/a><\/div><\/div><div style=\"padding:5px;\" class=\"fusion-grid-column fusion-gallery-column fusion-gallery-column-6 hover-type-zoomin\"><div class=\"fusion-gallery-image\"><a href=\"https:\/\/www.sainte-therese-les-cordeliers.fr\/blog-cdi-lp\/wp-content\/uploads\/sites\/3\/2020\/02\/logo_bleu_charte_VET.png\" rel=\"noreferrer\" data-rel=\"iLightbox[gallery_image_1]\" class=\"fusion-lightbox\" target=\"_self\"><img decoding=\"async\" src=\"https:\/\/www.sainte-therese-les-cordeliers.fr\/blog-cdi-lp\/wp-content\/uploads\/sites\/3\/2020\/02\/logo_bleu_charte_VET-320x202.png\" width=\"320\" height=\"202\" alt=\"\" title=\"logo_bleu_charte_VET\" aria-label=\"logo_bleu_charte_VET\" class=\"img-responsive wp-image-2846 fusion-gallery-image-size-fixed\"  \/><\/a><\/div><\/div><div class=\"clearfix\"><\/div><\/div><\/div><div class=\"fusion-text fusion-text-1\"><p style=\"text-align: center\"><span style=\"color: #993366\">TEMOIGNAGE &#8211; <em>Des nouvelles de Louise DOULE ancienne \u00e9l\u00e8ve de Bac ASSP Promo 2016.<\/em><\/span><\/p>\n<p style=\"text-align: left\">\u00ab\u00a0<em>J&rsquo;ai fait mes 3 ann\u00e9es de Bac Pro en fili\u00e8re ASSP au lyc\u00e9e professionnel Ste-Th\u00e9r\u00e8se Les Cordeliers. Ensuite j&rsquo;ai eu l&rsquo;opportunit\u00e9 d&rsquo;\u00e9voluer dans le secteur de l&rsquo;aide \u00e0 la personne : j&rsquo;ai \u00e9t\u00e9 ASH, auxiliaire de vie en EHPAD, animatrice et actuellement, je suis secr\u00e9taire administrative dans une r\u00e9sidence senior.<\/em><br \/>\n<em>Lors de mon cursus scolaire, j&rsquo;ai pu faire mon dernier stage, \u00e0 Edimbourg en Ecosse en 2016. Depuis ce jour-l\u00e0, j&rsquo;ai eu un v\u00e9ritable coup de c\u0153ur pour ce pays\u00a0!<\/em><br \/>\n<em>En septembre 2019, j&rsquo;ai organis\u00e9, avec mon fr\u00e8re et des amis, un road trip de 10 jours \u00e0 travers ce magnifique pays\u00a0: Stirling, Oban, Fort William, Ile de Skye, Invernesss\u2026 <!--more--> Maintenant, j&rsquo;ai d\u00e9j\u00e0 pris mes billets pour septembre 2020 o\u00f9 m&rsquo;attend une aventure bien diff\u00e9rente\u00a0! Au programme : 8 jours et 155 km de randonn\u00e9e en solo \u00e0 travers les Highland (de Glasgow \u00e0 Fort Williams). Ensuite, il me restera 6 jours de visites dont le Jacobite train (ou Poudlard Express pour les intimes)\u00a0: le programme est en cours de pr\u00e9paration.<\/em><br \/>\n<em>J&rsquo;avais d\u00e9j\u00e0 eu la chance de voyager \u00e0 l&rsquo;\u00e9tranger (notamment Irlande, Estonie, Finlande et Russie), mais depuis mes premiers pas en \u00c9cosse, j&rsquo;ai d\u00e9velopp\u00e9 un vrai go\u00fbt pour l&rsquo;aventure\u00a0: cette prochaine exp\u00e9rience s&rsquo;annonce grandiose. Je vais pouvoir me d\u00e9passer et tester mes capacit\u00e9s en autonomie\u00a0!<\/em><\/p>\n<p><em>Si vous avez l&rsquo;opportunit\u00e9 de partir \u00e0 l&rsquo;\u00e9tranger, n&rsquo;h\u00e9sitez pas une seule seconde, ce sont des rencontres, de l&rsquo;apprentissage, des souvenirs m\u00e9morables&#8230;.<\/em><br \/>\n<em>Sortez de chez vous, il y a tellement \u00e0 d\u00e9couvrir&#8230;\u00a0\u00bb<\/em><\/p>\n<p><em><span style=\"color: #993366\">Pour ceux que cela peut int\u00e9resser vous pouvez suivre ma pr\u00e9paration de voyage sur Instagram : @travelandhike123\u00a0<\/span><\/em><\/p>\n<\/div><div class=\"fusion-clearfix\"><\/div><\/div><\/div><\/div><\/div>\n","protected":false},"excerpt":{"rendered":"<p>TEMOIGNAGE &#8211; Des nouvelles de Louise DOULE ancienne \u00e9l\u00e8ve de Bac ASSP Promo 2016. \u00ab\u00a0J&rsquo;ai fait mes 3 ann\u00e9es de Bac Pro en fili\u00e8re ASSP au lyc\u00e9e professionnel Ste-Th\u00e9r\u00e8se Les Cordeliers. Ensuite j&rsquo;ai eu l&rsquo;opportunit\u00e9 d&rsquo;\u00e9voluer dans le secteur de l&rsquo;aide \u00e0 la personne : j&rsquo;ai \u00e9t\u00e9 ASH, auxiliaire de vie en EHPAD, animatrice et <a href=\"https:\/\/www.sainte-therese-les-cordeliers.fr\/blog-cdi-lp\/leuro-mobilite-tremplin-vers-dautres-mobilites\/\"> [&#8230;]<\/a><\/p>\n","protected":false},"author":3,"featured_media":0,"comment_status":"closed","ping_status":"closed","sticky":false,"template":"","format":"standard","meta":{"om_disable_all_campaigns":false,"footnotes":""},"categories":[50,23,5],"tags":[],"class_list":["post-2840","post","type-post","status-publish","format-standard","hentry","category-anglais","category-section-euro","category-voyages"],"aioseo_notices":[],"_links":{"self":[{"href":"https:\/\/www.sainte-therese-les-cordeliers.fr\/blog-cdi-lp\/wp-json\/wp\/v2\/posts\/2840","targetHints":{"allow":["GET"]}}],"collection":[{"href":"https:\/\/www.sainte-therese-les-cordeliers.fr\/blog-cdi-lp\/wp-json\/wp\/v2\/posts"}],"about":[{"href":"https:\/\/www.sainte-therese-les-cordeliers.fr\/blog-cdi-lp\/wp-json\/wp\/v2\/types\/post"}],"author":[{"embeddable":true,"href":"https:\/\/www.sainte-therese-les-cordeliers.fr\/blog-cdi-lp\/wp-json\/wp\/v2\/users\/3"}],"replies":[{"embeddable":true,"href":"https:\/\/www.sainte-therese-les-cordeliers.fr\/blog-cdi-lp\/wp-json\/wp\/v2\/comments?post=2840"}],"version-history":[{"count":3,"href":"https:\/\/www.sainte-therese-les-cordeliers.fr\/blog-cdi-lp\/wp-json\/wp\/v2\/posts\/2840\/revisions"}],"predecessor-version":[{"id":2849,"href":"https:\/\/www.sainte-therese-les-cordeliers.fr\/blog-cdi-lp\/wp-json\/wp\/v2\/posts\/2840\/revisions\/2849"}],"wp:attachment":[{"href":"https:\/\/www.sainte-therese-les-cordeliers.fr\/blog-cdi-lp\/wp-json\/wp\/v2\/media?parent=2840"}],"wp:term":[{"taxonomy":"category","embeddable":true,"href":"https:\/\/www.sainte-therese-les-cordeliers.fr\/blog-cdi-lp\/wp-json\/wp\/v2\/categories?post=2840"},{"taxonomy":"post_tag","embeddable":true,"href":"https:\/\/www.sainte-therese-les-cordeliers.fr\/blog-cdi-lp\/wp-json\/wp\/v2\/tags?post=2840"}],"curies":[{"name":"wp","href":"https:\/\/api.w.org\/{rel}","templated":true}]}}