{"id":2897,"date":"2020-06-20T15:31:12","date_gmt":"2020-06-20T14:31:12","guid":{"rendered":"https:\/\/www.sainte-therese-les-cordeliers.fr\/blog-cdi-lp\/?p=2897"},"modified":"2020-06-22T16:02:35","modified_gmt":"2020-06-22T15:02:35","slug":"des-lyceennes-se-mobilisent","status":"publish","type":"post","link":"https:\/\/www.sainte-therese-les-cordeliers.fr\/blog-cdi-lp\/des-lyceennes-se-mobilisent\/","title":{"rendered":"DES LYCEENNES SE MOBILISENT"},"content":{"rendered":"<p><div class=\"fusion-fullwidth fullwidth-box fusion-builder-row-1 nonhundred-percent-fullwidth non-hundred-percent-height-scrolling\" style=\"--awb-border-radius-top-left:0px;--awb-border-radius-top-right:0px;--awb-border-radius-bottom-right:0px;--awb-border-radius-bottom-left:0px;--awb-flex-wrap:wrap;\" ><div class=\"fusion-builder-row fusion-row\"><div class=\"fusion-layout-column fusion_builder_column fusion-builder-column-0 fusion_builder_column_1_1 1_1 fusion-one-full fusion-column-first fusion-column-last\" style=\"--awb-bg-size:cover;\"><div class=\"fusion-column-wrapper fusion-column-has-shadow fusion-flex-column-wrapper-legacy\"><div class=\"fusion-text fusion-text-1\"><p>La crise sanitaire du Covid-19 in\u00e9dite a mis en lumi\u00e8re le courage et l\u2019engagement solidaire de nos \u00e9l\u00e8ves de terminale du bac pro ASSP.<\/p>\n<p>Trois jeunes filles se sont mobilis\u00e9es d\u00e8s le d\u00e9but du confinement, chacune dans des secteurs diff\u00e9rents, mais indispensables et prioritaires au soutien de la population.<\/p>\n<p>Lola, Luna et Am\u00e9lie peuvent \u00eatre fi\u00e8res de leur engagement et sont d\u2019autant plus m\u00e9ritantes qu\u2019elles ont poursuivi avec assiduit\u00e9 leur travail scolaire durant la continuit\u00e9 p\u00e9dagogique.<\/p>\n<\/div><div class=\"fusion-clearfix\"><\/div><\/div><\/div><\/div><\/div><div class=\"fusion-fullwidth fullwidth-box fusion-builder-row-2 nonhundred-percent-fullwidth non-hundred-percent-height-scrolling\" style=\"--awb-border-radius-top-left:0px;--awb-border-radius-top-right:0px;--awb-border-radius-bottom-right:0px;--awb-border-radius-bottom-left:0px;--awb-flex-wrap:wrap;\" ><div class=\"fusion-builder-row fusion-row\"><div class=\"fusion-layout-column fusion_builder_column fusion-builder-column-1 fusion_builder_column_1_3 1_3 fusion-one-third fusion-column-first\" style=\"--awb-bg-size:cover;width:33.333333333333%;width:calc(33.333333333333% - ( ( 4% + 4% ) * 0.33333333333333 ) );margin-right: 4%;\"><div class=\"fusion-column-wrapper fusion-column-has-shadow fusion-flex-column-wrapper-legacy\"><div class=\"fusion-image-element in-legacy-container\" style=\"--awb-max-width:200px;--awb-caption-title-font-family:var(--h2_typography-font-family);--awb-caption-title-font-weight:var(--h2_typography-font-weight);--awb-caption-title-font-style:var(--h2_typography-font-style);--awb-caption-title-size:var(--h2_typography-font-size);--awb-caption-title-transform:var(--h2_typography-text-transform);--awb-caption-title-line-height:var(--h2_typography-line-height);--awb-caption-title-letter-spacing:var(--h2_typography-letter-spacing);\"><span class=\" fusion-imageframe imageframe-none imageframe-1 hover-type-zoomin\"><a href=\"https:\/\/www.sainte-therese-les-cordeliers.fr\/blog-cdi-lp\/wp-content\/uploads\/sites\/3\/2020\/06\/assp.jpg\" class=\"fusion-lightbox\" data-rel=\"iLightbox[6e47e05c62c2912d8b2]\" data-title=\"assp\" title=\"assp\"><img decoding=\"async\" width=\"360\" height=\"480\" src=\"https:\/\/www.sainte-therese-les-cordeliers.fr\/blog-cdi-lp\/wp-content\/uploads\/sites\/3\/2020\/06\/assp.jpg\" alt class=\"img-responsive wp-image-2899\" srcset=\"https:\/\/www.sainte-therese-les-cordeliers.fr\/blog-cdi-lp\/wp-content\/uploads\/sites\/3\/2020\/06\/assp-200x267.jpg 200w, https:\/\/www.sainte-therese-les-cordeliers.fr\/blog-cdi-lp\/wp-content\/uploads\/sites\/3\/2020\/06\/assp.jpg 360w\" sizes=\"(max-width: 800px) 100vw, 360px\" \/><\/a><\/span><\/div><div class=\"fusion-clearfix\"><\/div><\/div><\/div><div class=\"fusion-layout-column fusion_builder_column fusion-builder-column-2 fusion_builder_column_1_3 1_3 fusion-one-third\" style=\"--awb-bg-size:cover;width:33.333333333333%;width:calc(33.333333333333% - ( ( 4% + 4% ) * 0.33333333333333 ) );margin-right: 4%;\"><div class=\"fusion-column-wrapper fusion-column-has-shadow fusion-flex-column-wrapper-legacy\"><div class=\"fusion-text fusion-text-2\"><p><span style=\"color: #993366\"><strong>Lola<\/strong><\/span> s\u2019est engag\u00e9e <span style=\"color: #993366\">aupr\u00e8s d\u2019un EHPAD<\/span>, Les Oliviers \u00e0 Durtol. Elle a apport\u00e9 son soutien dans tous les secteurs d\u2019aide aupr\u00e8s de la personne \u00e2g\u00e9e d\u00e9pendante, travaillant 12 heures par jour et quelques fois la nuit.<\/p>\n<p><em>T\u00e9moignage de Lola\u00a0: \u00ab\u00a0Je suis heureuse d\u2019avoir apport\u00e9 mon aide \u00e0 l\u2019\u00e9quipe et surtout d\u2019avoir \u00e9t\u00e9 au service des r\u00e9sidents de l\u2019Ehpad durant cette crise sanitaire du Covid-19. Avoir fait preuve d\u2019engagement et de r\u00e9confort envers les r\u00e9sidents m\u2019a permis de me sentir utile et solidaire envers autrui.\u00a0\u00bb<\/em><\/p>\n<\/div><div class=\"fusion-clearfix\"><\/div><\/div><\/div><div class=\"fusion-layout-column fusion_builder_column fusion-builder-column-3 fusion_builder_column_1_3 1_3 fusion-one-third fusion-column-last\" style=\"--awb-bg-size:cover;width:33.333333333333%;width:calc(33.333333333333% - ( ( 4% + 4% ) * 0.33333333333333 ) );\"><div class=\"fusion-column-wrapper fusion-column-has-shadow fusion-flex-column-wrapper-legacy\"><div class=\"fusion-image-element in-legacy-container\" style=\"--awb-max-width:200px;--awb-caption-title-font-family:var(--h2_typography-font-family);--awb-caption-title-font-weight:var(--h2_typography-font-weight);--awb-caption-title-font-style:var(--h2_typography-font-style);--awb-caption-title-size:var(--h2_typography-font-size);--awb-caption-title-transform:var(--h2_typography-text-transform);--awb-caption-title-line-height:var(--h2_typography-line-height);--awb-caption-title-letter-spacing:var(--h2_typography-letter-spacing);\"><span class=\" fusion-imageframe imageframe-none imageframe-2 hover-type-zoomin\"><a href=\"https:\/\/www.sainte-therese-les-cordeliers.fr\/blog-cdi-lp\/wp-content\/uploads\/sites\/3\/2020\/06\/assp-2.jpg\" class=\"fusion-lightbox\" data-rel=\"iLightbox[7eb20a43242cf9f29c6]\" data-title=\"assp 2\" title=\"assp 2\"><img decoding=\"async\" width=\"360\" height=\"480\" src=\"https:\/\/www.sainte-therese-les-cordeliers.fr\/blog-cdi-lp\/wp-content\/uploads\/sites\/3\/2020\/06\/assp-2.jpg\" alt class=\"img-responsive wp-image-2898\" srcset=\"https:\/\/www.sainte-therese-les-cordeliers.fr\/blog-cdi-lp\/wp-content\/uploads\/sites\/3\/2020\/06\/assp-2-200x267.jpg 200w, https:\/\/www.sainte-therese-les-cordeliers.fr\/blog-cdi-lp\/wp-content\/uploads\/sites\/3\/2020\/06\/assp-2.jpg 360w\" sizes=\"(max-width: 800px) 100vw, 360px\" \/><\/a><\/span><\/div><div class=\"fusion-clearfix\"><\/div><\/div><\/div><\/div><\/div><div class=\"fusion-fullwidth fullwidth-box fusion-builder-row-3 nonhundred-percent-fullwidth non-hundred-percent-height-scrolling\" style=\"--awb-border-radius-top-left:0px;--awb-border-radius-top-right:0px;--awb-border-radius-bottom-right:0px;--awb-border-radius-bottom-left:0px;--awb-flex-wrap:wrap;\" ><div class=\"fusion-builder-row fusion-row\"><\/div><\/div><div class=\"fusion-fullwidth fullwidth-box fusion-builder-row-4 nonhundred-percent-fullwidth non-hundred-percent-height-scrolling\" style=\"--awb-border-radius-top-left:0px;--awb-border-radius-top-right:0px;--awb-border-radius-bottom-right:0px;--awb-border-radius-bottom-left:0px;--awb-flex-wrap:wrap;\" ><div class=\"fusion-builder-row fusion-row\"><div class=\"fusion-layout-column fusion_builder_column fusion-builder-column-4 fusion_builder_column_1_2 1_2 fusion-one-half fusion-column-first\" style=\"--awb-bg-size:cover;width:50%;width:calc(50% - ( ( 4% ) * 0.5 ) );margin-right: 4%;\"><div class=\"fusion-column-wrapper fusion-column-has-shadow fusion-flex-column-wrapper-legacy\"><div class=\"fusion-text fusion-text-3\"><div class=\"fusion-text\">\n<p><span style=\"color: #993366\"><strong>Luna<\/strong> <\/span>s\u2019est mobilis\u00e9e aupr\u00e8s d\u2019une <span style=\"color: #993366\">structure d\u2019entretien et de nettoyage des locaux<\/span>. La d\u00e9sinfection et l\u2019hygi\u00e8ne quotidienne des locaux professionnels a \u00e9t\u00e9 un point cl\u00e9 de lutte contre le Covid-19.<\/p>\n<p><em>T\u00e9moignage de Luna : \u00ab Pendant les vacances et les Week-ends je travaille dans une entreprise de nettoyage. D\u00e8s le d\u00e9but de la crise li\u00e9e au Covid-19, ma responsable m\u2019a inform\u00e9e des difficult\u00e9s engendr\u00e9es par une surcharge de travail et surtout par un manque de personnel li\u00e9 au confinement. C\u2019\u00e9tait alors pour moi une \u00e9vidence de proposer mon aide. Je travaille six jours sur sept. Je me sens utile et solidaire dans cette bataille contre l\u2019invisible. Quelques complications se sont mises sur mon chemin telle que la fatigue, car il fallait doubler nos capacit\u00e9s de travail.\u00a0 Mais les encouragements et la solidarit\u00e9 de la population m\u2019ont pouss\u00e9 \u00e0 me lever tous les matins pour cette lutte qui n\u2019est pas encore termin\u00e9e. Continuons \u00e0 effectuer les gestes barri\u00e8res. \u00bb<\/em><\/p>\n<\/div>\n<\/div><div class=\"fusion-clearfix\"><\/div><\/div><\/div><div class=\"fusion-layout-column fusion_builder_column fusion-builder-column-5 fusion_builder_column_1_2 1_2 fusion-one-half fusion-column-last\" style=\"--awb-bg-size:cover;width:50%;width:calc(50% - ( ( 4% ) * 0.5 ) );\"><div class=\"fusion-column-wrapper fusion-column-has-shadow fusion-flex-column-wrapper-legacy\"><div class=\"awb-gallery-wrapper awb-gallery-wrapper-1 button-span-no\"><div style=\"margin:-5px;--awb-bordersize:0px;\" class=\"fusion-gallery fusion-gallery-container fusion-grid-1 fusion-columns-total-2 fusion-gallery-layout-grid fusion-gallery-1\"><div style=\"padding:5px;\" class=\"fusion-grid-column fusion-gallery-column fusion-gallery-column-1 hover-type-none\"><div class=\"fusion-gallery-image\"><a href=\"https:\/\/www.sainte-therese-les-cordeliers.fr\/blog-cdi-lp\/wp-content\/uploads\/sites\/3\/2020\/06\/assp4-scaled.jpg\" rel=\"noreferrer\" data-rel=\"iLightbox[gallery_image_1]\" class=\"fusion-lightbox\" target=\"_self\"><img decoding=\"async\" src=\"https:\/\/www.sainte-therese-les-cordeliers.fr\/blog-cdi-lp\/wp-content\/uploads\/sites\/3\/2020\/06\/assp4-460x295.jpg\" width=\"460\" height=\"295\" alt=\"\" title=\"assp4\" aria-label=\"assp4\" class=\"img-responsive wp-image-2905 fusion-gallery-image-size-fixed\"  \/><\/a><\/div><\/div><div class=\"clearfix\"><\/div><div style=\"padding:5px;\" class=\"fusion-grid-column fusion-gallery-column fusion-gallery-column-1 hover-type-none\"><div class=\"fusion-gallery-image\"><a href=\"https:\/\/www.sainte-therese-les-cordeliers.fr\/blog-cdi-lp\/wp-content\/uploads\/sites\/3\/2020\/06\/assp3-scaled.jpg\" rel=\"noreferrer\" data-rel=\"iLightbox[gallery_image_1]\" class=\"fusion-lightbox\" target=\"_self\"><img decoding=\"async\" src=\"https:\/\/www.sainte-therese-les-cordeliers.fr\/blog-cdi-lp\/wp-content\/uploads\/sites\/3\/2020\/06\/assp3-460x295.jpg\" width=\"460\" height=\"295\" alt=\"\" title=\"assp3\" aria-label=\"assp3\" class=\"img-responsive wp-image-2904 fusion-gallery-image-size-fixed\"  \/><\/a><\/div><\/div><div class=\"clearfix\"><\/div><\/div><\/div><div class=\"fusion-clearfix\"><\/div><\/div><\/div><\/div><\/div><div class=\"fusion-fullwidth fullwidth-box fusion-builder-row-5 nonhundred-percent-fullwidth non-hundred-percent-height-scrolling\" style=\"--awb-border-radius-top-left:0px;--awb-border-radius-top-right:0px;--awb-border-radius-bottom-right:0px;--awb-border-radius-bottom-left:0px;--awb-flex-wrap:wrap;\" ><div class=\"fusion-builder-row fusion-row\"><div class=\"fusion-layout-column fusion_builder_column fusion-builder-column-6 fusion_builder_column_1_2 1_2 fusion-one-half fusion-column-first\" style=\"--awb-bg-size:cover;width:50%;width:calc(50% - ( ( 4% ) * 0.5 ) );margin-right: 4%;\"><div class=\"fusion-column-wrapper fusion-column-has-shadow fusion-flex-column-wrapper-legacy\"><div class=\"fusion-image-element in-legacy-container\" style=\"--awb-max-width:400px;--awb-caption-title-font-family:var(--h2_typography-font-family);--awb-caption-title-font-weight:var(--h2_typography-font-weight);--awb-caption-title-font-style:var(--h2_typography-font-style);--awb-caption-title-size:var(--h2_typography-font-size);--awb-caption-title-transform:var(--h2_typography-text-transform);--awb-caption-title-line-height:var(--h2_typography-line-height);--awb-caption-title-letter-spacing:var(--h2_typography-letter-spacing);\"><span class=\" fusion-imageframe imageframe-none imageframe-3 hover-type-zoomout\"><a href=\"https:\/\/www.sainte-therese-les-cordeliers.fr\/blog-cdi-lp\/wp-content\/uploads\/sites\/3\/2020\/06\/assp5.jpg\" class=\"fusion-lightbox\" data-rel=\"iLightbox[147771d6bba352770f0]\" data-title=\"assp5\" title=\"assp5\"><img decoding=\"async\" width=\"639\" height=\"480\" src=\"https:\/\/www.sainte-therese-les-cordeliers.fr\/blog-cdi-lp\/wp-content\/uploads\/sites\/3\/2020\/06\/assp5.jpg\" alt class=\"img-responsive wp-image-2908\" srcset=\"https:\/\/www.sainte-therese-les-cordeliers.fr\/blog-cdi-lp\/wp-content\/uploads\/sites\/3\/2020\/06\/assp5-200x150.jpg 200w, https:\/\/www.sainte-therese-les-cordeliers.fr\/blog-cdi-lp\/wp-content\/uploads\/sites\/3\/2020\/06\/assp5-400x300.jpg 400w, https:\/\/www.sainte-therese-les-cordeliers.fr\/blog-cdi-lp\/wp-content\/uploads\/sites\/3\/2020\/06\/assp5-600x451.jpg 600w, https:\/\/www.sainte-therese-les-cordeliers.fr\/blog-cdi-lp\/wp-content\/uploads\/sites\/3\/2020\/06\/assp5.jpg 639w\" sizes=\"(max-width: 800px) 100vw, 600px\" \/><\/a><\/span><\/div><div class=\"fusion-clearfix\"><\/div><\/div><\/div><div class=\"fusion-layout-column fusion_builder_column fusion-builder-column-7 fusion_builder_column_1_2 1_2 fusion-one-half fusion-column-last\" style=\"--awb-bg-size:cover;width:50%;width:calc(50% - ( ( 4% ) * 0.5 ) );\"><div class=\"fusion-column-wrapper fusion-column-has-shadow fusion-flex-column-wrapper-legacy\"><div class=\"fusion-text fusion-text-4\"><p><span style=\"color: #993366\"><strong>Am\u00e9lie<\/strong><\/span> a \u00e9t\u00e9 sollicit\u00e9e pour un poste d\u2019<span style=\"color: #993366\">h\u00f4tesse de caisse<\/span> dans une enseigne de la grande distribution de sa commune. Elle a travaill\u00e9 sans rel\u00e2che pour permettre aux habitants de s\u2019alimenter et d\u2019acheter les produits de premi\u00e8re n\u00e9cessit\u00e9.<\/p>\n<p><em>T\u00e9moignage d\u2019Am\u00e9lie\u00a0: \u00ab\u00a0J\u2019ai commenc\u00e9 \u00e0 travailler d\u00e8s le 1<sup>er<\/sup> jour du confinement apr\u00e8s l\u2019appel de la Directrice du magasin. Il a fallu s\u2019adapter \u00e0 de nouvelles m\u00e9thodes de travail, respecter les protocoles sanitaires mis en place et s\u2019habituer au port du masque, des gants. Au d\u00e9but, ce n\u2019\u00e9tait pas facile, surtout au niveau de la communication avec les clients, mais tout le monde a bien compris la n\u00e9cessit\u00e9 de telles mesures\u00a0! Je suis fi\u00e8re d\u2019avoir pu rendre service aux habitants de ma commune pendant cette p\u00e9riode compliqu\u00e9e\u00a0! Je garderai en m\u00e9moire l\u2019esprit de solidarit\u00e9 et surtout les remerciements des clients.\u00a0\u00bb<\/em><\/p>\n<\/div><div class=\"fusion-clearfix\"><\/div><\/div><\/div><\/div><\/div><\/p>\n","protected":false},"excerpt":{"rendered":"","protected":false},"author":3,"featured_media":0,"comment_status":"closed","ping_status":"closed","sticky":false,"template":"","format":"standard","meta":{"om_disable_all_campaigns":false,"footnotes":""},"categories":[1,51,54],"tags":[],"class_list":["post-2897","post","type-post","status-publish","format-standard","hentry","category-non-classe","category-sante","category-solidarite"],"aioseo_notices":[],"_links":{"self":[{"href":"https:\/\/www.sainte-therese-les-cordeliers.fr\/blog-cdi-lp\/wp-json\/wp\/v2\/posts\/2897","targetHints":{"allow":["GET"]}}],"collection":[{"href":"https:\/\/www.sainte-therese-les-cordeliers.fr\/blog-cdi-lp\/wp-json\/wp\/v2\/posts"}],"about":[{"href":"https:\/\/www.sainte-therese-les-cordeliers.fr\/blog-cdi-lp\/wp-json\/wp\/v2\/types\/post"}],"author":[{"embeddable":true,"href":"https:\/\/www.sainte-therese-les-cordeliers.fr\/blog-cdi-lp\/wp-json\/wp\/v2\/users\/3"}],"replies":[{"embeddable":true,"href":"https:\/\/www.sainte-therese-les-cordeliers.fr\/blog-cdi-lp\/wp-json\/wp\/v2\/comments?post=2897"}],"version-history":[{"count":8,"href":"https:\/\/www.sainte-therese-les-cordeliers.fr\/blog-cdi-lp\/wp-json\/wp\/v2\/posts\/2897\/revisions"}],"predecessor-version":[{"id":2910,"href":"https:\/\/www.sainte-therese-les-cordeliers.fr\/blog-cdi-lp\/wp-json\/wp\/v2\/posts\/2897\/revisions\/2910"}],"wp:attachment":[{"href":"https:\/\/www.sainte-therese-les-cordeliers.fr\/blog-cdi-lp\/wp-json\/wp\/v2\/media?parent=2897"}],"wp:term":[{"taxonomy":"category","embeddable":true,"href":"https:\/\/www.sainte-therese-les-cordeliers.fr\/blog-cdi-lp\/wp-json\/wp\/v2\/categories?post=2897"},{"taxonomy":"post_tag","embeddable":true,"href":"https:\/\/www.sainte-therese-les-cordeliers.fr\/blog-cdi-lp\/wp-json\/wp\/v2\/tags?post=2897"}],"curies":[{"name":"wp","href":"https:\/\/api.w.org\/{rel}","templated":true}]}}