{"id":3038,"date":"2021-03-23T09:14:15","date_gmt":"2021-03-23T08:14:15","guid":{"rendered":"https:\/\/www.sainte-therese-les-cordeliers.fr\/blog-cdi-lp\/?p=3038"},"modified":"2021-06-16T10:03:15","modified_gmt":"2021-06-16T09:03:15","slug":"le-street-art-dans-les-rues-de-clermontoises","status":"publish","type":"post","link":"https:\/\/www.sainte-therese-les-cordeliers.fr\/blog-cdi-lp\/le-street-art-dans-les-rues-de-clermontoises\/","title":{"rendered":"Le Street Art dans les rues Clermontoises"},"content":{"rendered":"<div class=\"fusion-fullwidth fullwidth-box fusion-builder-row-1 fusion-flex-container nonhundred-percent-fullwidth non-hundred-percent-height-scrolling\" style=\"--awb-border-radius-top-left:0px;--awb-border-radius-top-right:0px;--awb-border-radius-bottom-right:0px;--awb-border-radius-bottom-left:0px;--awb-flex-wrap:wrap;\" ><div class=\"fusion-builder-row fusion-row fusion-flex-align-items-flex-start fusion-flex-content-wrap\" style=\"max-width:1144px;margin-left: calc(-4% \/ 2 );margin-right: calc(-4% \/ 2 );\"><div class=\"fusion-layout-column fusion_builder_column fusion-builder-column-0 fusion_builder_column_1_1 1_1 fusion-flex-column\" style=\"--awb-bg-size:cover;--awb-width-large:100%;--awb-margin-top-large:0px;--awb-spacing-right-large:1.92%;--awb-margin-bottom-large:20px;--awb-spacing-left-large:1.92%;--awb-width-medium:100%;--awb-order-medium:0;--awb-spacing-right-medium:1.92%;--awb-spacing-left-medium:1.92%;--awb-width-small:100%;--awb-order-small:0;--awb-spacing-right-small:1.92%;--awb-spacing-left-small:1.92%;\"><div class=\"fusion-column-wrapper fusion-column-has-shadow fusion-flex-justify-content-flex-start fusion-content-layout-column\"><div class=\"awb-gallery-wrapper awb-gallery-wrapper-1 button-span-no\"><div style=\"margin:-5px;--awb-bordersize:0px;\" class=\"fusion-gallery fusion-gallery-container fusion-grid-4 fusion-columns-total-4 fusion-gallery-layout-grid fusion-gallery-1\"><div style=\"padding:5px;\" class=\"fusion-grid-column fusion-gallery-column fusion-gallery-column-4 hover-type-zoomout\"><div class=\"fusion-gallery-image\"><a href=\"https:\/\/www.sainte-therese-les-cordeliers.fr\/blog-cdi-lp\/wp-content\/uploads\/sites\/3\/2021\/03\/3pm-street-art.jpg\" rel=\"noreferrer\" data-rel=\"iLightbox[gallery_image_1]\" class=\"fusion-lightbox\" target=\"_self\"><img decoding=\"async\" src=\"https:\/\/www.sainte-therese-les-cordeliers.fr\/blog-cdi-lp\/wp-content\/uploads\/sites\/3\/2021\/03\/3pm-street-art-320x202.jpg\" width=\"320\" height=\"202\" alt=\"\" title=\"3pm street art\" aria-label=\"3pm street art\" class=\"img-responsive wp-image-3042 fusion-gallery-image-size-fixed\" srcset=\"https:\/\/www.sainte-therese-les-cordeliers.fr\/blog-cdi-lp\/wp-content\/uploads\/sites\/3\/2021\/03\/3pm-street-art-320x202.jpg 320w, https:\/\/www.sainte-therese-les-cordeliers.fr\/blog-cdi-lp\/wp-content\/uploads\/sites\/3\/2021\/03\/3pm-street-art-700x441.jpg 700w\" sizes=\"(max-width: 320px) 100vw, 320px\" \/><\/a><\/div><\/div><div style=\"padding:5px;\" class=\"fusion-grid-column fusion-gallery-column fusion-gallery-column-4 hover-type-zoomout\"><div class=\"fusion-gallery-image\"><a href=\"https:\/\/www.sainte-therese-les-cordeliers.fr\/blog-cdi-lp\/wp-content\/uploads\/sites\/3\/2021\/03\/3pm-stre.jpg\" rel=\"noreferrer\" data-rel=\"iLightbox[gallery_image_1]\" class=\"fusion-lightbox\" target=\"_self\"><img decoding=\"async\" src=\"https:\/\/www.sainte-therese-les-cordeliers.fr\/blog-cdi-lp\/wp-content\/uploads\/sites\/3\/2021\/03\/3pm-stre-320x202.jpg\" width=\"320\" height=\"202\" alt=\"\" title=\"3pm stre\" aria-label=\"3pm stre\" class=\"img-responsive wp-image-3041 fusion-gallery-image-size-fixed\"  \/><\/a><\/div><\/div><div style=\"padding:5px;\" class=\"fusion-grid-column fusion-gallery-column fusion-gallery-column-4 hover-type-zoomout\"><div class=\"fusion-gallery-image\"><a href=\"https:\/\/www.sainte-therese-les-cordeliers.fr\/blog-cdi-lp\/wp-content\/uploads\/sites\/3\/2021\/03\/3pm-str.jpg\" rel=\"noreferrer\" data-rel=\"iLightbox[gallery_image_1]\" class=\"fusion-lightbox\" target=\"_self\"><img decoding=\"async\" src=\"https:\/\/www.sainte-therese-les-cordeliers.fr\/blog-cdi-lp\/wp-content\/uploads\/sites\/3\/2021\/03\/3pm-str-320x202.jpg\" width=\"320\" height=\"202\" alt=\"\" title=\"3pm str\" aria-label=\"3pm str\" class=\"img-responsive wp-image-3040 fusion-gallery-image-size-fixed\"  \/><\/a><\/div><\/div><div style=\"padding:5px;\" class=\"fusion-grid-column fusion-gallery-column fusion-gallery-column-4 hover-type-zoomout\"><div class=\"fusion-gallery-image\"><a href=\"https:\/\/www.sainte-therese-les-cordeliers.fr\/blog-cdi-lp\/wp-content\/uploads\/sites\/3\/2021\/03\/3pm-st.jpg\" rel=\"noreferrer\" data-rel=\"iLightbox[gallery_image_1]\" class=\"fusion-lightbox\" target=\"_self\"><img decoding=\"async\" src=\"https:\/\/www.sainte-therese-les-cordeliers.fr\/blog-cdi-lp\/wp-content\/uploads\/sites\/3\/2021\/03\/3pm-st-320x202.jpg\" width=\"320\" height=\"202\" alt=\"\" title=\"3pm st\" aria-label=\"3pm st\" class=\"img-responsive wp-image-3039 fusion-gallery-image-size-fixed\"  \/><\/a><\/div><\/div><div class=\"clearfix\"><\/div><\/div><\/div><div class=\"fusion-text fusion-text-1\"><p><em>3<sup>e<\/sup> Pr\u00e9pa M\u00e9tiers &#8211; C\u2019est avec beaucoup de joie que nous venons de d\u00e9couvrir le Street Art dans les rues de Clermont-Ferrand !<\/em><\/p>\n<p>Cette ann\u00e9e la classe de 3<sup>e<\/sup> Pr\u00e9pa M\u00e9tier participe au projet \u00ab\u00a0D\u00e9couverte du patrimoine et du b\u00e2ti proche\u00a0\u00bb. C\u2019est avec beaucoup d\u2019enthousiasme que les \u00e9l\u00e8ves ont pu d\u00e9couvrir le quartier m\u00e9di\u00e9val de Montferrand gr\u00e2ce \u00e0 la guide conf\u00e9renci\u00e8re Florence MARECHAL et ensuite r\u00e9aliser une \u0153uvre d\u2019art avec la m\u00e9thode du <em>fusing<\/em> aupr\u00e8s du maitre verrier Gr\u00e9goire DUCHAMP. Ultime \u00e9tape de ce projet\u00a0: la d\u00e9couverte du <em>street art<\/em> \u00e0 Clermont-Ferrand. Les objectifs de cette aventure fix\u00e9s d\u00e8s le d\u00e9part ont \u00e9t\u00e9 atteints car nos \u00e9l\u00e8ves ont pu connaitre les m\u00e9tiers de l\u2019art \u00e0 travers l\u2019histoire m\u00e9di\u00e9vale et contemporaine mais aussi d\u00e9velopper des comp\u00e9tences qu\u2019ils ont laiss\u00e9 \u00e9merger au fil des diff\u00e9rentes activit\u00e9s. Ainsi, Julien, Lenny, Roxane\u2026 et bien d\u2019autres ont laiss\u00e9 parler leur cr\u00e9ativit\u00e9 de fa\u00e7on spontan\u00e9e ; beau partage \u00e9galement d\u2019un point de vue humain.<\/p>\n<p style=\"text-align: right\"><em>Mme A.Bravo (Enseignante en espagnol)<\/em><\/p>\n<\/div><\/div><\/div><\/div><\/div>\n","protected":false},"excerpt":{"rendered":"","protected":false},"author":3,"featured_media":0,"comment_status":"closed","ping_status":"closed","sticky":false,"template":"","format":"standard","meta":{"om_disable_all_campaigns":false,"footnotes":""},"categories":[56,32],"tags":[],"class_list":["post-3038","post","type-post","status-publish","format-standard","hentry","category-3-prepa-metiers","category-art"],"aioseo_notices":[],"_links":{"self":[{"href":"https:\/\/www.sainte-therese-les-cordeliers.fr\/blog-cdi-lp\/wp-json\/wp\/v2\/posts\/3038","targetHints":{"allow":["GET"]}}],"collection":[{"href":"https:\/\/www.sainte-therese-les-cordeliers.fr\/blog-cdi-lp\/wp-json\/wp\/v2\/posts"}],"about":[{"href":"https:\/\/www.sainte-therese-les-cordeliers.fr\/blog-cdi-lp\/wp-json\/wp\/v2\/types\/post"}],"author":[{"embeddable":true,"href":"https:\/\/www.sainte-therese-les-cordeliers.fr\/blog-cdi-lp\/wp-json\/wp\/v2\/users\/3"}],"replies":[{"embeddable":true,"href":"https:\/\/www.sainte-therese-les-cordeliers.fr\/blog-cdi-lp\/wp-json\/wp\/v2\/comments?post=3038"}],"version-history":[{"count":5,"href":"https:\/\/www.sainte-therese-les-cordeliers.fr\/blog-cdi-lp\/wp-json\/wp\/v2\/posts\/3038\/revisions"}],"predecessor-version":[{"id":3160,"href":"https:\/\/www.sainte-therese-les-cordeliers.fr\/blog-cdi-lp\/wp-json\/wp\/v2\/posts\/3038\/revisions\/3160"}],"wp:attachment":[{"href":"https:\/\/www.sainte-therese-les-cordeliers.fr\/blog-cdi-lp\/wp-json\/wp\/v2\/media?parent=3038"}],"wp:term":[{"taxonomy":"category","embeddable":true,"href":"https:\/\/www.sainte-therese-les-cordeliers.fr\/blog-cdi-lp\/wp-json\/wp\/v2\/categories?post=3038"},{"taxonomy":"post_tag","embeddable":true,"href":"https:\/\/www.sainte-therese-les-cordeliers.fr\/blog-cdi-lp\/wp-json\/wp\/v2\/tags?post=3038"}],"curies":[{"name":"wp","href":"https:\/\/api.w.org\/{rel}","templated":true}]}}