{"id":3054,"date":"2021-03-12T09:47:00","date_gmt":"2021-03-12T08:47:00","guid":{"rendered":"https:\/\/www.sainte-therese-les-cordeliers.fr\/blog-cdi-lp\/?p=3054"},"modified":"2021-03-28T11:14:27","modified_gmt":"2021-03-28T10:14:27","slug":"projet-chef-doeuvre-en-1ere-commerce","status":"publish","type":"post","link":"https:\/\/www.sainte-therese-les-cordeliers.fr\/blog-cdi-lp\/projet-chef-doeuvre-en-1ere-commerce\/","title":{"rendered":"Projet \u00ab Chef D\u2019\u0153uvre \u00bb en 1\u00e8re commerce"},"content":{"rendered":"<div class=\"fusion-fullwidth fullwidth-box fusion-builder-row-1 fusion-flex-container nonhundred-percent-fullwidth non-hundred-percent-height-scrolling\" style=\"--awb-border-radius-top-left:0px;--awb-border-radius-top-right:0px;--awb-border-radius-bottom-right:0px;--awb-border-radius-bottom-left:0px;--awb-flex-wrap:wrap;\" ><div class=\"fusion-builder-row fusion-row fusion-flex-align-items-flex-start fusion-flex-content-wrap\" style=\"max-width:1144px;margin-left: calc(-4% \/ 2 );margin-right: calc(-4% \/ 2 );\"><div class=\"fusion-layout-column fusion_builder_column fusion-builder-column-0 fusion_builder_column_1_1 1_1 fusion-flex-column\" style=\"--awb-bg-size:cover;--awb-width-large:100%;--awb-margin-top-large:0px;--awb-spacing-right-large:1.92%;--awb-margin-bottom-large:20px;--awb-spacing-left-large:1.92%;--awb-width-medium:100%;--awb-order-medium:0;--awb-spacing-right-medium:1.92%;--awb-spacing-left-medium:1.92%;--awb-width-small:100%;--awb-order-small:0;--awb-spacing-right-small:1.92%;--awb-spacing-left-small:1.92%;\"><div class=\"fusion-column-wrapper fusion-column-has-shadow fusion-flex-justify-content-flex-start fusion-content-layout-column\"><div class=\"fusion-text fusion-text-1\"><p>Cette ann\u00e9e les \u00e9l\u00e8ves de 1<sup>\u00e8re<\/sup> commerce ont comme objectif de <span style=\"color: #800000\">conna\u00eetre des producteurs locaux vendant des produits alimentaires en circuit court<\/span> afin de pouvoir <span style=\"color: #800000\">r\u00e9aliser un march\u00e9 l\u2019an prochain au sein du lyc\u00e9e.<\/span><\/p>\n<p>Les \u00e9l\u00e8ves ont rencontr\u00e9 certains producteurs et ont gout\u00e9 \u00e9galement certains produits, cr\u00e9\u00e9 des ILV (<span class=\"aCOpRe\">information sur le lieu de vente) <\/span>et imagin\u00e9 un stand qui mettrait en valeur une future vente. L\u2019inventivit\u00e9 de chacun des groupes a \u00e9t\u00e9 int\u00e9ressante et un vote a permis de s\u00e9lectionner le plus beau stand.<\/p>\n<p><strong>Bravo aux \u00e9l\u00e8ves investis dans ce projet !<\/strong><\/p>\n<p><strong>Merci \u00e0 M. Durif apiculteur, M. LLAMAZARES commer\u00e7ant espagnol et M. ROUCHONNAT placier \u00e0 Billom pour nous avoir fait confiance.<\/strong><\/p>\n<p style=\"text-align: center\">Cliquez ici :\u00a0<a href=\"https:\/\/youtu.be\/ua_V81swm00\">https:\/\/youtu.be\/ua_V81swm00<\/a><\/p>\n<\/div><div class=\"fusion-image-element \" style=\"text-align:center;--awb-max-width:400px;--awb-caption-title-font-family:var(--h2_typography-font-family);--awb-caption-title-font-weight:var(--h2_typography-font-weight);--awb-caption-title-font-style:var(--h2_typography-font-style);--awb-caption-title-size:var(--h2_typography-font-size);--awb-caption-title-transform:var(--h2_typography-text-transform);--awb-caption-title-line-height:var(--h2_typography-line-height);--awb-caption-title-letter-spacing:var(--h2_typography-letter-spacing);\"><span class=\" fusion-imageframe imageframe-none imageframe-1 hover-type-zoomout\"><a href=\"https:\/\/www.sainte-therese-les-cordeliers.fr\/blog-cdi-lp\/wp-content\/uploads\/sites\/3\/2021\/03\/chef-doeuvre-1com.jpg\" class=\"fusion-lightbox\" data-rel=\"iLightbox[d09cdf720ad7665fe9d]\" data-title=\"chef d&rsquo;oeuvre 1com\" title=\"chef d&rsquo;oeuvre 1com\"><img decoding=\"async\" width=\"1386\" height=\"1040\" src=\"https:\/\/www.sainte-therese-les-cordeliers.fr\/blog-cdi-lp\/wp-content\/uploads\/sites\/3\/2021\/03\/chef-doeuvre-1com.jpg\" alt class=\"img-responsive wp-image-3055\" srcset=\"https:\/\/www.sainte-therese-les-cordeliers.fr\/blog-cdi-lp\/wp-content\/uploads\/sites\/3\/2021\/03\/chef-doeuvre-1com-200x150.jpg 200w, https:\/\/www.sainte-therese-les-cordeliers.fr\/blog-cdi-lp\/wp-content\/uploads\/sites\/3\/2021\/03\/chef-doeuvre-1com-400x300.jpg 400w, https:\/\/www.sainte-therese-les-cordeliers.fr\/blog-cdi-lp\/wp-content\/uploads\/sites\/3\/2021\/03\/chef-doeuvre-1com-600x450.jpg 600w, https:\/\/www.sainte-therese-les-cordeliers.fr\/blog-cdi-lp\/wp-content\/uploads\/sites\/3\/2021\/03\/chef-doeuvre-1com-800x600.jpg 800w, https:\/\/www.sainte-therese-les-cordeliers.fr\/blog-cdi-lp\/wp-content\/uploads\/sites\/3\/2021\/03\/chef-doeuvre-1com-1200x900.jpg 1200w, https:\/\/www.sainte-therese-les-cordeliers.fr\/blog-cdi-lp\/wp-content\/uploads\/sites\/3\/2021\/03\/chef-doeuvre-1com.jpg 1386w\" sizes=\"(max-width: 1024px) 100vw, (max-width: 640px) 100vw, 1200px\" \/><\/a><\/span><\/div><\/div><\/div><\/div><\/div>\n","protected":false},"excerpt":{"rendered":"","protected":false},"author":3,"featured_media":0,"comment_status":"closed","ping_status":"closed","sticky":false,"template":"","format":"standard","meta":{"om_disable_all_campaigns":false,"footnotes":""},"categories":[20,37],"tags":[],"class_list":["post-3054","post","type-post","status-publish","format-standard","hentry","category-animation","category-commerce"],"aioseo_notices":[],"_links":{"self":[{"href":"https:\/\/www.sainte-therese-les-cordeliers.fr\/blog-cdi-lp\/wp-json\/wp\/v2\/posts\/3054","targetHints":{"allow":["GET"]}}],"collection":[{"href":"https:\/\/www.sainte-therese-les-cordeliers.fr\/blog-cdi-lp\/wp-json\/wp\/v2\/posts"}],"about":[{"href":"https:\/\/www.sainte-therese-les-cordeliers.fr\/blog-cdi-lp\/wp-json\/wp\/v2\/types\/post"}],"author":[{"embeddable":true,"href":"https:\/\/www.sainte-therese-les-cordeliers.fr\/blog-cdi-lp\/wp-json\/wp\/v2\/users\/3"}],"replies":[{"embeddable":true,"href":"https:\/\/www.sainte-therese-les-cordeliers.fr\/blog-cdi-lp\/wp-json\/wp\/v2\/comments?post=3054"}],"version-history":[{"count":9,"href":"https:\/\/www.sainte-therese-les-cordeliers.fr\/blog-cdi-lp\/wp-json\/wp\/v2\/posts\/3054\/revisions"}],"predecessor-version":[{"id":3058,"href":"https:\/\/www.sainte-therese-les-cordeliers.fr\/blog-cdi-lp\/wp-json\/wp\/v2\/posts\/3054\/revisions\/3058"}],"wp:attachment":[{"href":"https:\/\/www.sainte-therese-les-cordeliers.fr\/blog-cdi-lp\/wp-json\/wp\/v2\/media?parent=3054"}],"wp:term":[{"taxonomy":"category","embeddable":true,"href":"https:\/\/www.sainte-therese-les-cordeliers.fr\/blog-cdi-lp\/wp-json\/wp\/v2\/categories?post=3054"},{"taxonomy":"post_tag","embeddable":true,"href":"https:\/\/www.sainte-therese-les-cordeliers.fr\/blog-cdi-lp\/wp-json\/wp\/v2\/tags?post=3054"}],"curies":[{"name":"wp","href":"https:\/\/api.w.org\/{rel}","templated":true}]}}