{"id":306,"date":"2014-04-07T13:00:13","date_gmt":"2014-04-07T12:00:13","guid":{"rendered":"https:\/\/www.sainte-therese-les-cordeliers.fr\/blog-cdi-lp\/?p=306"},"modified":"2014-04-07T13:01:36","modified_gmt":"2014-04-07T12:01:36","slug":"vive-les-pizzas","status":"publish","type":"post","link":"https:\/\/www.sainte-therese-les-cordeliers.fr\/blog-cdi-lp\/vive-les-pizzas\/","title":{"rendered":"\u00ab\u00a0Vive les pizzas !\u00a0\u00bb"},"content":{"rendered":"<p>\u00ab\u00a0Le Mardi 11 f\u00e9vrier 2014, en compagnie de la classe des MCAD, nous avons anim\u00e9 au lyc\u00e9e un atelier cuisine avec les enfants de la structure d\u2019accueil des moins de 2 ans. En \u00a0collectivit\u00e9, l\u2019hygi\u00e8ne est tr\u00e8s importante. En arrivant, les enfants se sont lav\u00e9s les mains et ont port\u00e9 un tablier ainsi que des toques de cuisiniers. Ils ont r\u00e9alis\u00e9 des pizzas, \u00e9tal\u00e9 leur p\u00e2te et l\u2019ont recouverte de sauce tomate. Le tout a ensuite \u00e9t\u00e9 garni de gruy\u00e8re et de\u00a0 jambon.<\/p>\n<p>Pour des raisons de s\u00e9curit\u00e9, nous avons mis les pizzas au four en l\u2019absence des enfants. Et vers 11h, nous leur avons apport\u00e9 leur pr\u00e9paration directement dans la salle de classe.<\/p>\n<p style=\"text-align: center\">\u00a0\u00a0\u00a0\u00a0\u00a0\u00a0\u00a0\u00a0\u00a0\u00a0\u00a0\u00a0\u00a0\u00a0\u00a0\u00a0\u00a0\u00a0\u00a0\u00a0\u00a0\u00a0\u00a0<a href=\"https:\/\/www.sainte-therese-les-cordeliers.fr\/blog-cdi-lp\/wp-content\/uploads\/sites\/3\/2014\/04\/2014-1cap-atmfc-2-.jpg\"><img decoding=\"async\" class=\"alignnone  wp-image-308\" alt=\"2014 1cap atmfc 2\" src=\"https:\/\/www.sainte-therese-les-cordeliers.fr\/blog-cdi-lp\/wp-content\/uploads\/sites\/3\/2014\/04\/2014-1cap-atmfc-2--300x225.jpg\" width=\"210\" height=\"158\" srcset=\"https:\/\/www.sainte-therese-les-cordeliers.fr\/blog-cdi-lp\/wp-content\/uploads\/sites\/3\/2014\/04\/2014-1cap-atmfc-2--300x225.jpg 300w, https:\/\/www.sainte-therese-les-cordeliers.fr\/blog-cdi-lp\/wp-content\/uploads\/sites\/3\/2014\/04\/2014-1cap-atmfc-2--800x600.jpg 800w, https:\/\/www.sainte-therese-les-cordeliers.fr\/blog-cdi-lp\/wp-content\/uploads\/sites\/3\/2014\/04\/2014-1cap-atmfc-2-.jpg 1600w\" sizes=\"(max-width: 210px) 100vw, 210px\" \/><\/a>\u00a0 <a href=\"https:\/\/www.sainte-therese-les-cordeliers.fr\/blog-cdi-lp\/wp-content\/uploads\/sites\/3\/2014\/04\/2014-1cap-atmfc.jpg\"><img decoding=\"async\" alt=\"2014 1cap atmfc\" src=\"https:\/\/www.sainte-therese-les-cordeliers.fr\/blog-cdi-lp\/wp-content\/uploads\/sites\/3\/2014\/04\/2014-1cap-atmfc-300x225.jpg\" width=\"210\" height=\"158\" \/><\/a><\/p>\n<p><b><span style=\"text-decoration: underline\">En conclusion\u00a0<\/span><\/b>:<\/p>\n<p>&#8211; Les enfants ont appr\u00e9ci\u00e9 l\u2019atelier pizza et ont trouv\u00e9 d\u00e9licieuses leurs pr\u00e9parations.<\/p>\n<p>&#8211; Nous avons pris plaisir \u00e0 organiser et \u00e0 animer un atelier culinaire avec des enfants, et \u00e0 travailler en \u00e9quipe avec la classe des MCAD.\u00a0\u00bb<\/p>\n<p align=\"center\">Les \u00e9l\u00e8ves\u00a0 1CAP ATMFC<\/p>\n","protected":false},"excerpt":{"rendered":"<p>\u00ab\u00a0Le Mardi 11 f\u00e9vrier 2014, en compagnie de la classe des MCAD, nous avons anim\u00e9 au lyc\u00e9e un atelier cuisine avec les enfants de la structure d\u2019accueil des moins de 2 ans. En \u00a0collectivit\u00e9, l\u2019hygi\u00e8ne est tr\u00e8s importante. En arrivant, les enfants se sont lav\u00e9s les mains et ont port\u00e9 un tablier ainsi que des <a href=\"https:\/\/www.sainte-therese-les-cordeliers.fr\/blog-cdi-lp\/vive-les-pizzas\/\"> [&#8230;]<\/a><\/p>\n","protected":false},"author":3,"featured_media":0,"comment_status":"closed","ping_status":"closed","sticky":false,"template":"","format":"standard","meta":{"om_disable_all_campaigns":false,"footnotes":""},"categories":[3],"tags":[40,7,18],"class_list":["post-306","post","type-post","status-publish","format-standard","hentry","category-ecole-primaire","tag-animation","tag-cap-atmfc","tag-mcad"],"aioseo_notices":[],"_links":{"self":[{"href":"https:\/\/www.sainte-therese-les-cordeliers.fr\/blog-cdi-lp\/wp-json\/wp\/v2\/posts\/306","targetHints":{"allow":["GET"]}}],"collection":[{"href":"https:\/\/www.sainte-therese-les-cordeliers.fr\/blog-cdi-lp\/wp-json\/wp\/v2\/posts"}],"about":[{"href":"https:\/\/www.sainte-therese-les-cordeliers.fr\/blog-cdi-lp\/wp-json\/wp\/v2\/types\/post"}],"author":[{"embeddable":true,"href":"https:\/\/www.sainte-therese-les-cordeliers.fr\/blog-cdi-lp\/wp-json\/wp\/v2\/users\/3"}],"replies":[{"embeddable":true,"href":"https:\/\/www.sainte-therese-les-cordeliers.fr\/blog-cdi-lp\/wp-json\/wp\/v2\/comments?post=306"}],"version-history":[{"count":5,"href":"https:\/\/www.sainte-therese-les-cordeliers.fr\/blog-cdi-lp\/wp-json\/wp\/v2\/posts\/306\/revisions"}],"predecessor-version":[{"id":313,"href":"https:\/\/www.sainte-therese-les-cordeliers.fr\/blog-cdi-lp\/wp-json\/wp\/v2\/posts\/306\/revisions\/313"}],"wp:attachment":[{"href":"https:\/\/www.sainte-therese-les-cordeliers.fr\/blog-cdi-lp\/wp-json\/wp\/v2\/media?parent=306"}],"wp:term":[{"taxonomy":"category","embeddable":true,"href":"https:\/\/www.sainte-therese-les-cordeliers.fr\/blog-cdi-lp\/wp-json\/wp\/v2\/categories?post=306"},{"taxonomy":"post_tag","embeddable":true,"href":"https:\/\/www.sainte-therese-les-cordeliers.fr\/blog-cdi-lp\/wp-json\/wp\/v2\/tags?post=306"}],"curies":[{"name":"wp","href":"https:\/\/api.w.org\/{rel}","templated":true}]}}