{"id":315,"date":"2014-05-23T16:18:10","date_gmt":"2014-05-23T15:18:10","guid":{"rendered":"https:\/\/www.sainte-therese-les-cordeliers.fr\/blog-cdi-lp\/?p=315"},"modified":"2014-05-23T16:18:10","modified_gmt":"2014-05-23T15:18:10","slug":"cap-atmfc-voyage-a-paris","status":"publish","type":"post","link":"https:\/\/www.sainte-therese-les-cordeliers.fr\/blog-cdi-lp\/cap-atmfc-voyage-a-paris\/","title":{"rendered":"CAP ATMFC : \u00ab Voyage \u00e0 Paris \u00bb"},"content":{"rendered":"<p>&nbsp;<\/p>\n<p style=\"text-align: left\">\u00a0\u00a0\u00a0\u00a0\u00a0\u00a0\u00a0\u00a0\u00a0\u00a0\u00a0\u00a0\u00a0\u00a0\u00a0\u00a0\u00a0\u00a0\u00a0\u00a0\u00a0\u00a0 <a href=\"https:\/\/www.sainte-therese-les-cordeliers.fr\/blog-cdi-lp\/wp-content\/uploads\/sites\/3\/2014\/05\/paris-cap0.jpg\"><img decoding=\"async\" class=\"alignnone  wp-image-316\" src=\"https:\/\/www.sainte-therese-les-cordeliers.fr\/blog-cdi-lp\/wp-content\/uploads\/sites\/3\/2014\/05\/paris-cap0-224x300.jpg\" alt=\"paris cap0\" width=\"129\" height=\"173\" srcset=\"https:\/\/www.sainte-therese-les-cordeliers.fr\/blog-cdi-lp\/wp-content\/uploads\/sites\/3\/2014\/05\/paris-cap0-224x300.jpg 224w, https:\/\/www.sainte-therese-les-cordeliers.fr\/blog-cdi-lp\/wp-content\/uploads\/sites\/3\/2014\/05\/paris-cap0-599x800.jpg 599w, https:\/\/www.sainte-therese-les-cordeliers.fr\/blog-cdi-lp\/wp-content\/uploads\/sites\/3\/2014\/05\/paris-cap0.jpg 641w\" sizes=\"(max-width: 129px) 100vw, 129px\" \/><\/a>\u00a0\u00a0\u00a0\u00a0\u00a0\u00a0\u00a0\u00a0\u00a0\u00a0\u00a0\u00a0\u00a0\u00a0\u00a0\u00a0\u00a0\u00a0\u00a0 <a href=\"https:\/\/www.sainte-therese-les-cordeliers.fr\/blog-cdi-lp\/wp-content\/uploads\/sites\/3\/2014\/05\/paris-cap.jpg\"><img decoding=\"async\" class=\"alignnone  wp-image-317\" src=\"https:\/\/www.sainte-therese-les-cordeliers.fr\/blog-cdi-lp\/wp-content\/uploads\/sites\/3\/2014\/05\/paris-cap-300x224.jpg\" alt=\"paris cap\" width=\"233\" height=\"174\" srcset=\"https:\/\/www.sainte-therese-les-cordeliers.fr\/blog-cdi-lp\/wp-content\/uploads\/sites\/3\/2014\/05\/paris-cap-300x224.jpg 300w, https:\/\/www.sainte-therese-les-cordeliers.fr\/blog-cdi-lp\/wp-content\/uploads\/sites\/3\/2014\/05\/paris-cap-800x598.jpg 800w, https:\/\/www.sainte-therese-les-cordeliers.fr\/blog-cdi-lp\/wp-content\/uploads\/sites\/3\/2014\/05\/paris-cap.jpg 975w\" sizes=\"(max-width: 233px) 100vw, 233px\" \/><\/a><\/p>\n<p><strong>\u00ab\u00a0Du 10 avril au 11 avril 2014, nous avons fait un voyage scolaire \u00e0 Paris, accompagn\u00e9s des CAP vente et des deuxi\u00e8mes ann\u00e9es ATMFC. A notre arriv\u00e9e, nous avons pris le bateau-mouche. Cela nous a permis d\u2019avoir une vue globale de Paris. Nous avons pris notre pause-d\u00e9jeuner au jardin des Tuileries. Nous avons eu beau temps, quelle chance\u00a0! Apr\u00e8s avoir soign\u00e9 les petits bobos et les ampoules (grande marche avec des chaussures neuves sans chaussette), nous avons poursuivi la visite parisienne par les Champs Elys\u00e9es (au programme, visite des grandes enseignes et shopping\u00a0!). Ensuite, nous avons visit\u00e9 la Tour-Eiffel et le Champ\u2013de-Mars. <\/strong><\/p>\n<p><strong>Le soir venu, nous avons din\u00e9 au village Disney. Enfin, retour \u00e0 l\u2019h\u00f4tel, un repos bien m\u00e9rit\u00e9. <\/strong><\/p>\n<p><strong>Durant la deuxi\u00e8me journ\u00e9e, nous sommes partis \u00e0 Disneyland Paris\u00a0et bien s\u00fbr nous n\u2019avons pas rat\u00e9 la grande parade de Mickey. Enfin, nous avons repris le bus direction Clermont-Ferrand vers 19h.\u00a0\u00bb <\/strong><strong>\u263a<\/strong><\/p>\n<p>&nbsp;<\/p>\n<p>&nbsp;<\/p>\n<p>&nbsp;<\/p>\n<p>&nbsp;<\/p>\n","protected":false},"excerpt":{"rendered":"<p>&nbsp; \u00a0\u00a0\u00a0\u00a0\u00a0\u00a0\u00a0\u00a0\u00a0\u00a0\u00a0\u00a0\u00a0\u00a0\u00a0\u00a0\u00a0\u00a0\u00a0\u00a0\u00a0\u00a0 \u00a0\u00a0\u00a0\u00a0\u00a0\u00a0\u00a0\u00a0\u00a0\u00a0\u00a0\u00a0\u00a0\u00a0\u00a0\u00a0\u00a0\u00a0\u00a0 \u00ab\u00a0Du 10 avril au 11 avril 2014, nous avons fait un voyage scolaire \u00e0 Paris, accompagn\u00e9s des CAP vente et des deuxi\u00e8mes ann\u00e9es ATMFC. A notre arriv\u00e9e, nous avons pris le bateau-mouche. Cela nous a permis d\u2019avoir une vue globale de Paris. Nous avons pris notre pause-d\u00e9jeuner au jardin des Tuileries. Nous <a href=\"https:\/\/www.sainte-therese-les-cordeliers.fr\/blog-cdi-lp\/cap-atmfc-voyage-a-paris\/\"> [&#8230;]<\/a><\/p>\n","protected":false},"author":3,"featured_media":0,"comment_status":"closed","ping_status":"closed","sticky":false,"template":"","format":"standard","meta":{"om_disable_all_campaigns":false,"footnotes":""},"categories":[5],"tags":[7,34],"class_list":["post-315","post","type-post","status-publish","format-standard","hentry","category-voyages","tag-cap-atmfc","tag-cap-vente"],"aioseo_notices":[],"_links":{"self":[{"href":"https:\/\/www.sainte-therese-les-cordeliers.fr\/blog-cdi-lp\/wp-json\/wp\/v2\/posts\/315","targetHints":{"allow":["GET"]}}],"collection":[{"href":"https:\/\/www.sainte-therese-les-cordeliers.fr\/blog-cdi-lp\/wp-json\/wp\/v2\/posts"}],"about":[{"href":"https:\/\/www.sainte-therese-les-cordeliers.fr\/blog-cdi-lp\/wp-json\/wp\/v2\/types\/post"}],"author":[{"embeddable":true,"href":"https:\/\/www.sainte-therese-les-cordeliers.fr\/blog-cdi-lp\/wp-json\/wp\/v2\/users\/3"}],"replies":[{"embeddable":true,"href":"https:\/\/www.sainte-therese-les-cordeliers.fr\/blog-cdi-lp\/wp-json\/wp\/v2\/comments?post=315"}],"version-history":[{"count":11,"href":"https:\/\/www.sainte-therese-les-cordeliers.fr\/blog-cdi-lp\/wp-json\/wp\/v2\/posts\/315\/revisions"}],"predecessor-version":[{"id":328,"href":"https:\/\/www.sainte-therese-les-cordeliers.fr\/blog-cdi-lp\/wp-json\/wp\/v2\/posts\/315\/revisions\/328"}],"wp:attachment":[{"href":"https:\/\/www.sainte-therese-les-cordeliers.fr\/blog-cdi-lp\/wp-json\/wp\/v2\/media?parent=315"}],"wp:term":[{"taxonomy":"category","embeddable":true,"href":"https:\/\/www.sainte-therese-les-cordeliers.fr\/blog-cdi-lp\/wp-json\/wp\/v2\/categories?post=315"},{"taxonomy":"post_tag","embeddable":true,"href":"https:\/\/www.sainte-therese-les-cordeliers.fr\/blog-cdi-lp\/wp-json\/wp\/v2\/tags?post=315"}],"curies":[{"name":"wp","href":"https:\/\/api.w.org\/{rel}","templated":true}]}}