{"id":3153,"date":"2021-06-14T09:40:13","date_gmt":"2021-06-14T08:40:13","guid":{"rendered":"https:\/\/www.sainte-therese-les-cordeliers.fr\/blog-cdi-lp\/?p=3153"},"modified":"2021-06-14T09:41:26","modified_gmt":"2021-06-14T08:41:26","slug":"de-lecole-au-travail","status":"publish","type":"post","link":"https:\/\/www.sainte-therese-les-cordeliers.fr\/blog-cdi-lp\/de-lecole-au-travail\/","title":{"rendered":"De l\u2019\u00e9cole au travail"},"content":{"rendered":"<div class=\"fusion-fullwidth fullwidth-box fusion-builder-row-1 fusion-flex-container nonhundred-percent-fullwidth non-hundred-percent-height-scrolling\" style=\"--awb-border-radius-top-left:0px;--awb-border-radius-top-right:0px;--awb-border-radius-bottom-right:0px;--awb-border-radius-bottom-left:0px;--awb-flex-wrap:wrap;\" ><div class=\"fusion-builder-row fusion-row fusion-flex-align-items-flex-start fusion-flex-content-wrap\" style=\"max-width:1144px;margin-left: calc(-4% \/ 2 );margin-right: calc(-4% \/ 2 );\"><div class=\"fusion-layout-column fusion_builder_column fusion-builder-column-0 fusion_builder_column_1_1 1_1 fusion-flex-column\" style=\"--awb-bg-size:cover;--awb-width-large:100%;--awb-margin-top-large:0px;--awb-spacing-right-large:1.92%;--awb-margin-bottom-large:20px;--awb-spacing-left-large:1.92%;--awb-width-medium:100%;--awb-order-medium:0;--awb-spacing-right-medium:1.92%;--awb-spacing-left-medium:1.92%;--awb-width-small:100%;--awb-order-small:0;--awb-spacing-right-small:1.92%;--awb-spacing-left-small:1.92%;\"><div class=\"fusion-column-wrapper fusion-column-has-shadow fusion-flex-justify-content-flex-start fusion-content-layout-column\"><div class=\"awb-gallery-wrapper awb-gallery-wrapper-1 button-span-no\"><div style=\"margin:-5px;--awb-bordersize:0px;\" class=\"fusion-gallery fusion-gallery-container fusion-grid-4 fusion-columns-total-4 fusion-gallery-layout-grid fusion-gallery-1\"><div style=\"padding:5px;\" class=\"fusion-grid-column fusion-gallery-column fusion-gallery-column-4 hover-type-zoomin\"><div class=\"fusion-gallery-image\"><a href=\"https:\/\/www.sainte-therese-les-cordeliers.fr\/blog-cdi-lp\/wp-content\/uploads\/sites\/3\/2021\/06\/OK-BLOG-1-scaled.jpg\" rel=\"noreferrer\" data-rel=\"iLightbox[gallery_image_1]\" class=\"fusion-lightbox\" target=\"_self\"><img decoding=\"async\" src=\"https:\/\/www.sainte-therese-les-cordeliers.fr\/blog-cdi-lp\/wp-content\/uploads\/sites\/3\/2021\/06\/OK-BLOG-1-320x202.jpg\" width=\"320\" height=\"202\" alt=\"\" title=\"OK BLOG (1)\" aria-label=\"OK BLOG (1)\" class=\"img-responsive wp-image-3154 fusion-gallery-image-size-fixed\" srcset=\"https:\/\/www.sainte-therese-les-cordeliers.fr\/blog-cdi-lp\/wp-content\/uploads\/sites\/3\/2021\/06\/OK-BLOG-1-320x202.jpg 320w, https:\/\/www.sainte-therese-les-cordeliers.fr\/blog-cdi-lp\/wp-content\/uploads\/sites\/3\/2021\/06\/OK-BLOG-1-700x441.jpg 700w\" sizes=\"(max-width: 320px) 100vw, 320px\" \/><\/a><\/div><\/div><div style=\"padding:5px;\" class=\"fusion-grid-column fusion-gallery-column fusion-gallery-column-4 hover-type-zoomin\"><div class=\"fusion-gallery-image\"><a href=\"https:\/\/www.sainte-therese-les-cordeliers.fr\/blog-cdi-lp\/wp-content\/uploads\/sites\/3\/2021\/06\/OK-BLOG-1-1.jpg\" rel=\"noreferrer\" data-rel=\"iLightbox[gallery_image_1]\" class=\"fusion-lightbox\" target=\"_self\"><img decoding=\"async\" src=\"https:\/\/www.sainte-therese-les-cordeliers.fr\/blog-cdi-lp\/wp-content\/uploads\/sites\/3\/2021\/06\/OK-BLOG-1-1-320x202.jpg\" width=\"320\" height=\"202\" alt=\"\" title=\"OK BLOG (1)\" aria-label=\"OK BLOG (1)\" class=\"img-responsive wp-image-3155 fusion-gallery-image-size-fixed\"  \/><\/a><\/div><\/div><div style=\"padding:5px;\" class=\"fusion-grid-column fusion-gallery-column fusion-gallery-column-4 hover-type-zoomin\"><div class=\"fusion-gallery-image\"><a href=\"https:\/\/www.sainte-therese-les-cordeliers.fr\/blog-cdi-lp\/wp-content\/uploads\/sites\/3\/2021\/06\/OK-BLOG-3.jpg\" rel=\"noreferrer\" data-rel=\"iLightbox[gallery_image_1]\" class=\"fusion-lightbox\" target=\"_self\"><img decoding=\"async\" src=\"https:\/\/www.sainte-therese-les-cordeliers.fr\/blog-cdi-lp\/wp-content\/uploads\/sites\/3\/2021\/06\/OK-BLOG-3-320x202.jpg\" width=\"320\" height=\"202\" alt=\"\" title=\"OK BLOG (3)\" aria-label=\"OK BLOG (3)\" class=\"img-responsive wp-image-3157 fusion-gallery-image-size-fixed\" srcset=\"https:\/\/www.sainte-therese-les-cordeliers.fr\/blog-cdi-lp\/wp-content\/uploads\/sites\/3\/2021\/06\/OK-BLOG-3-320x202.jpg 320w, https:\/\/www.sainte-therese-les-cordeliers.fr\/blog-cdi-lp\/wp-content\/uploads\/sites\/3\/2021\/06\/OK-BLOG-3-700x441.jpg 700w\" sizes=\"(max-width: 320px) 100vw, 320px\" \/><\/a><\/div><\/div><div style=\"padding:5px;\" class=\"fusion-grid-column fusion-gallery-column fusion-gallery-column-4 hover-type-zoomin\"><div class=\"fusion-gallery-image\"><a href=\"https:\/\/www.sainte-therese-les-cordeliers.fr\/blog-cdi-lp\/wp-content\/uploads\/sites\/3\/2021\/06\/OK-BLOG-2.jpg\" rel=\"noreferrer\" data-rel=\"iLightbox[gallery_image_1]\" class=\"fusion-lightbox\" target=\"_self\"><img decoding=\"async\" src=\"https:\/\/www.sainte-therese-les-cordeliers.fr\/blog-cdi-lp\/wp-content\/uploads\/sites\/3\/2021\/06\/OK-BLOG-2-320x202.jpg\" width=\"320\" height=\"202\" alt=\"\" title=\"OK BLOG (2)\" aria-label=\"OK BLOG (2)\" class=\"img-responsive wp-image-3156 fusion-gallery-image-size-fixed\" srcset=\"https:\/\/www.sainte-therese-les-cordeliers.fr\/blog-cdi-lp\/wp-content\/uploads\/sites\/3\/2021\/06\/OK-BLOG-2-320x202.jpg 320w, https:\/\/www.sainte-therese-les-cordeliers.fr\/blog-cdi-lp\/wp-content\/uploads\/sites\/3\/2021\/06\/OK-BLOG-2-700x441.jpg 700w\" sizes=\"(max-width: 320px) 100vw, 320px\" \/><\/a><\/div><\/div><div class=\"clearfix\"><\/div><\/div><\/div><div class=\"fusion-text fusion-text-1\"><p>Dans le cadre de leur \u00ab\u00a0chef d\u2019\u0153uvre\u00a0\u00bb,<span style=\"color: #993366\"> <em>les \u00e9l\u00e8ves de 1\u00e8re ASSP<\/em><\/span>, ont fait le choix de participer au <span style=\"color: #993366\">Concours vid\u00e9o 2021<\/span> \u00ab<em>\u00a0Sant\u00e9 et s\u00e9curit\u00e9 au travail\u00a0: de l\u2019\u00e9cole au travail<\/em>\u00a0\u00bb. Organis\u00e9 sous le parrainage des minist\u00e8res de l\u2019\u00c9ducation nationale et de l\u2019Agriculture, et en partenariat avec la CCMSA (Caisse centrale de la mutualit\u00e9 sociale agricole), ce concours est destin\u00e9 aux apprentis et aux \u00e9l\u00e8ves des lyc\u00e9es professionnels. Il a pour objectif de<strong> sensibiliser les futurs salari\u00e9s aux risques professionnels<\/strong> auxquels ils sont expos\u00e9s lors de leurs premiers pas dans le monde du travail.<\/p>\n<p>Pour leur vid\u00e9o, les \u00e9l\u00e8ves ont choisi de nous transporter dans l&rsquo;univers des contes, dans le royaume imaginaire de <em>Th\u00e9r\u00e9sia<\/em>. Dans ce royaume, les habitants (les h\u00e9ros des contes de notre enfance) souffrent de maux terribles \u00e0 cause des mauvaises postures qu&rsquo;ils prennent dans leur vie quotidienne et dans leur travail. Heureusement pour eux, leur marraine la bonne f\u00e9e, veille et use de tous ses pouvoirs magiques pour leur venir en aide&#8230;<\/p>\n<p>Ce travail continuera \u00e0 la rentr\u00e9e prochaine, et nous esp\u00e9rons que l\u2019investissement de tous permettra de figurer parmi les \u00e9quipes laur\u00e9ates, qui seront r\u00e9compens\u00e9es par des prix collectifs et individuels.<\/p>\n<p><strong>\u00a0<\/strong><\/p>\n<\/div><\/div><\/div><\/div><\/div>\n","protected":false},"excerpt":{"rendered":"","protected":false},"author":3,"featured_media":0,"comment_status":"closed","ping_status":"closed","sticky":false,"template":"","format":"standard","meta":{"om_disable_all_campaigns":false,"footnotes":""},"categories":[51,57],"tags":[],"class_list":["post-3153","post","type-post","status-publish","format-standard","hentry","category-sante","category-video"],"aioseo_notices":[],"_links":{"self":[{"href":"https:\/\/www.sainte-therese-les-cordeliers.fr\/blog-cdi-lp\/wp-json\/wp\/v2\/posts\/3153","targetHints":{"allow":["GET"]}}],"collection":[{"href":"https:\/\/www.sainte-therese-les-cordeliers.fr\/blog-cdi-lp\/wp-json\/wp\/v2\/posts"}],"about":[{"href":"https:\/\/www.sainte-therese-les-cordeliers.fr\/blog-cdi-lp\/wp-json\/wp\/v2\/types\/post"}],"author":[{"embeddable":true,"href":"https:\/\/www.sainte-therese-les-cordeliers.fr\/blog-cdi-lp\/wp-json\/wp\/v2\/users\/3"}],"replies":[{"embeddable":true,"href":"https:\/\/www.sainte-therese-les-cordeliers.fr\/blog-cdi-lp\/wp-json\/wp\/v2\/comments?post=3153"}],"version-history":[{"count":2,"href":"https:\/\/www.sainte-therese-les-cordeliers.fr\/blog-cdi-lp\/wp-json\/wp\/v2\/posts\/3153\/revisions"}],"predecessor-version":[{"id":3159,"href":"https:\/\/www.sainte-therese-les-cordeliers.fr\/blog-cdi-lp\/wp-json\/wp\/v2\/posts\/3153\/revisions\/3159"}],"wp:attachment":[{"href":"https:\/\/www.sainte-therese-les-cordeliers.fr\/blog-cdi-lp\/wp-json\/wp\/v2\/media?parent=3153"}],"wp:term":[{"taxonomy":"category","embeddable":true,"href":"https:\/\/www.sainte-therese-les-cordeliers.fr\/blog-cdi-lp\/wp-json\/wp\/v2\/categories?post=3153"},{"taxonomy":"post_tag","embeddable":true,"href":"https:\/\/www.sainte-therese-les-cordeliers.fr\/blog-cdi-lp\/wp-json\/wp\/v2\/tags?post=3153"}],"curies":[{"name":"wp","href":"https:\/\/api.w.org\/{rel}","templated":true}]}}