{"id":3441,"date":"2022-05-06T09:58:08","date_gmt":"2022-05-06T08:58:08","guid":{"rendered":"https:\/\/www.sainte-therese-les-cordeliers.fr\/blog-cdi-lp\/?p=3441"},"modified":"2022-05-06T09:58:08","modified_gmt":"2022-05-06T08:58:08","slug":"selectionnee-pour-loral-du-concours-general-des-metiers","status":"publish","type":"post","link":"https:\/\/www.sainte-therese-les-cordeliers.fr\/blog-cdi-lp\/selectionnee-pour-loral-du-concours-general-des-metiers\/","title":{"rendered":"S\u00e9lectionn\u00e9e pour l&rsquo;oral du Concours G\u00e9n\u00e9ral des M\u00e9tiers"},"content":{"rendered":"<div class=\"fusion-fullwidth fullwidth-box fusion-builder-row-1 fusion-flex-container nonhundred-percent-fullwidth non-hundred-percent-height-scrolling\" style=\"--awb-border-radius-top-left:0px;--awb-border-radius-top-right:0px;--awb-border-radius-bottom-right:0px;--awb-border-radius-bottom-left:0px;--awb-flex-wrap:wrap;\" ><div class=\"fusion-builder-row fusion-row fusion-flex-align-items-flex-start fusion-flex-content-wrap\" style=\"max-width:1144px;margin-left: calc(-4% \/ 2 );margin-right: calc(-4% \/ 2 );\"><div class=\"fusion-layout-column fusion_builder_column fusion-builder-column-0 fusion_builder_column_1_1 1_1 fusion-flex-column\" style=\"--awb-bg-size:cover;--awb-width-large:100%;--awb-margin-top-large:0px;--awb-spacing-right-large:1.92%;--awb-margin-bottom-large:20px;--awb-spacing-left-large:1.92%;--awb-width-medium:100%;--awb-order-medium:0;--awb-spacing-right-medium:1.92%;--awb-spacing-left-medium:1.92%;--awb-width-small:100%;--awb-order-small:0;--awb-spacing-right-small:1.92%;--awb-spacing-left-small:1.92%;\"><div class=\"fusion-column-wrapper fusion-column-has-shadow fusion-flex-justify-content-flex-start fusion-content-layout-column\"><div class=\"awb-gallery-wrapper awb-gallery-wrapper-1 button-span-no\"><div style=\"margin:-5px;--awb-bordersize:0px;\" class=\"fusion-gallery fusion-gallery-container fusion-grid-3 fusion-columns-total-3 fusion-gallery-layout-grid fusion-gallery-1\"><div style=\"padding:5px;\" class=\"fusion-grid-column fusion-gallery-column fusion-gallery-column-3 hover-type-zoomin\"><div class=\"fusion-gallery-image\"><a href=\"https:\/\/www.sainte-therese-les-cordeliers.fr\/blog-cdi-lp\/wp-content\/uploads\/sites\/3\/2022\/05\/Alisson-Portefaix-2.jpg\" rel=\"noreferrer\" data-rel=\"iLightbox[gallery_image_1]\" class=\"fusion-lightbox\" target=\"_self\"><img decoding=\"async\" src=\"https:\/\/www.sainte-therese-les-cordeliers.fr\/blog-cdi-lp\/wp-content\/uploads\/sites\/3\/2022\/05\/Alisson-Portefaix-2-460x295.jpg\" width=\"460\" height=\"295\" alt=\"\" title=\"Alisson Portefaix 2\" aria-label=\"Alisson Portefaix 2\" class=\"img-responsive wp-image-3442 fusion-gallery-image-size-fixed\"  \/><\/a><\/div><\/div><div style=\"padding:5px;\" class=\"fusion-grid-column fusion-gallery-column fusion-gallery-column-3 hover-type-zoomin\"><div class=\"fusion-gallery-image\"><a href=\"https:\/\/www.sainte-therese-les-cordeliers.fr\/blog-cdi-lp\/wp-content\/uploads\/sites\/3\/2022\/05\/Alisson.jpg\" rel=\"noreferrer\" data-rel=\"iLightbox[gallery_image_1]\" class=\"fusion-lightbox\" target=\"_self\"><img decoding=\"async\" src=\"https:\/\/www.sainte-therese-les-cordeliers.fr\/blog-cdi-lp\/wp-content\/uploads\/sites\/3\/2022\/05\/Alisson-460x295.jpg\" width=\"460\" height=\"295\" alt=\"\" title=\"Alisson\" aria-label=\"Alisson\" class=\"img-responsive wp-image-3443 fusion-gallery-image-size-fixed\"  \/><\/a><\/div><\/div><div style=\"padding:5px;\" class=\"fusion-grid-column fusion-gallery-column fusion-gallery-column-3 hover-type-zoomin\"><div class=\"fusion-gallery-image\"><a href=\"https:\/\/www.sainte-therese-les-cordeliers.fr\/blog-cdi-lp\/wp-content\/uploads\/sites\/3\/2022\/05\/banniere-de-bravo-91022451.jpg\" rel=\"noreferrer\" data-rel=\"iLightbox[gallery_image_1]\" class=\"fusion-lightbox\" target=\"_self\"><img decoding=\"async\" src=\"https:\/\/www.sainte-therese-les-cordeliers.fr\/blog-cdi-lp\/wp-content\/uploads\/sites\/3\/2022\/05\/banniere-de-bravo-91022451.jpg\" width=\"346\" height=\"160\" alt=\"\" title=\"banni\u00e8re-de-bravo-91022451\" aria-label=\"banni\u00e8re-de-bravo-91022451\" class=\"img-responsive wp-image-3444 fusion-gallery-image-size-fixed\" srcset=\"https:\/\/www.sainte-therese-les-cordeliers.fr\/blog-cdi-lp\/wp-content\/uploads\/sites\/3\/2022\/05\/banniere-de-bravo-91022451-200x92.jpg 200w, https:\/\/www.sainte-therese-les-cordeliers.fr\/blog-cdi-lp\/wp-content\/uploads\/sites\/3\/2022\/05\/banniere-de-bravo-91022451.jpg 346w\" sizes=\"(min-width: 2200px) 100vw, (min-width: 824px) 363px, (min-width: 732px) 545px, (min-width: 640px) 732px, \" \/><\/a><\/div><\/div><div class=\"clearfix\"><\/div><\/div><\/div><div class=\"fusion-text fusion-text-1\"><p><span style=\"color: #800080\">Alisson Portefaix<\/span>, \u00e9l\u00e8ve de terminale bac MRC<span class=\"markedcontent\"><span style=\"font-family: 'Arial',sans-serif\">, <\/span><span style=\"color: #800080\">a particip\u00e9 avec succ\u00e8s<\/span> \u00e0 la premi\u00e8re \u00e9preuve d\u2019admissibilit\u00e9 du<\/span> concours g\u00e9n\u00e9ral des lyc\u00e9es et des m\u00e9tiers <span class=\"markedcontent\">(le 08 mars)<\/span> qui distingue les meilleurs \u00e9l\u00e8ves des lyc\u00e9es d&rsquo;enseignement g\u00e9n\u00e9ral, technologique et professionnel.<\/p>\n<p>En effet, cette comp\u00e9tition prestigieuse met en lumi\u00e8re les meilleurs \u00e9l\u00e8ves de terminale s\u00e9lectionn\u00e9s par leurs professeurs pour l\u2019excellence de leurs r\u00e9sultats scolaires. Les candidats sont \u00e9valu\u00e9s dans le cadre d\u2019une \u00e9preuve \u00e9crite et orale tr\u00e8s exigeante.<\/p>\n<p>L\u2019ensemble de l\u2019\u00c9tablissement scolaire Ste-Th\u00e9r\u00e8se Les Cordeliers, fier d\u2019Alisson, lui adresse tous ses encouragements, et lui souhaite une belle r\u00e9ussite pour l\u2019ultime \u00e9preuve pratique qui aura lieu le 13 mai en r\u00e9gion parisienne.<\/p>\n<\/div><\/div><\/div><\/div><\/div>\n","protected":false},"excerpt":{"rendered":"","protected":false},"author":3,"featured_media":0,"comment_status":"closed","ping_status":"closed","sticky":false,"template":"","format":"standard","meta":{"om_disable_all_campaigns":false,"footnotes":""},"categories":[37],"tags":[],"class_list":["post-3441","post","type-post","status-publish","format-standard","hentry","category-commerce"],"aioseo_notices":[],"_links":{"self":[{"href":"https:\/\/www.sainte-therese-les-cordeliers.fr\/blog-cdi-lp\/wp-json\/wp\/v2\/posts\/3441","targetHints":{"allow":["GET"]}}],"collection":[{"href":"https:\/\/www.sainte-therese-les-cordeliers.fr\/blog-cdi-lp\/wp-json\/wp\/v2\/posts"}],"about":[{"href":"https:\/\/www.sainte-therese-les-cordeliers.fr\/blog-cdi-lp\/wp-json\/wp\/v2\/types\/post"}],"author":[{"embeddable":true,"href":"https:\/\/www.sainte-therese-les-cordeliers.fr\/blog-cdi-lp\/wp-json\/wp\/v2\/users\/3"}],"replies":[{"embeddable":true,"href":"https:\/\/www.sainte-therese-les-cordeliers.fr\/blog-cdi-lp\/wp-json\/wp\/v2\/comments?post=3441"}],"version-history":[{"count":1,"href":"https:\/\/www.sainte-therese-les-cordeliers.fr\/blog-cdi-lp\/wp-json\/wp\/v2\/posts\/3441\/revisions"}],"predecessor-version":[{"id":3445,"href":"https:\/\/www.sainte-therese-les-cordeliers.fr\/blog-cdi-lp\/wp-json\/wp\/v2\/posts\/3441\/revisions\/3445"}],"wp:attachment":[{"href":"https:\/\/www.sainte-therese-les-cordeliers.fr\/blog-cdi-lp\/wp-json\/wp\/v2\/media?parent=3441"}],"wp:term":[{"taxonomy":"category","embeddable":true,"href":"https:\/\/www.sainte-therese-les-cordeliers.fr\/blog-cdi-lp\/wp-json\/wp\/v2\/categories?post=3441"},{"taxonomy":"post_tag","embeddable":true,"href":"https:\/\/www.sainte-therese-les-cordeliers.fr\/blog-cdi-lp\/wp-json\/wp\/v2\/tags?post=3441"}],"curies":[{"name":"wp","href":"https:\/\/api.w.org\/{rel}","templated":true}]}}