{"id":3460,"date":"2022-06-08T08:43:38","date_gmt":"2022-06-08T07:43:38","guid":{"rendered":"https:\/\/www.sainte-therese-les-cordeliers.fr\/blog-cdi-lp\/?p=3460"},"modified":"2022-06-13T08:47:10","modified_gmt":"2022-06-13T07:47:10","slug":"alisson-portefaix-sur-le-podium-du-concours-general-des-metiers","status":"publish","type":"post","link":"https:\/\/www.sainte-therese-les-cordeliers.fr\/blog-cdi-lp\/alisson-portefaix-sur-le-podium-du-concours-general-des-metiers\/","title":{"rendered":"Alisson Portefaix sur le podium du concours g\u00e9n\u00e9ral des m\u00e9tiers"},"content":{"rendered":"<p style=\"text-align: left\"><span class=\"d2edcug0 hpfvmrgz qv66sw1b c1et5uql lr9zc1uh a8c37x1j fe6kdd0r mau55g9w c8b282yb keod5gw0 nxhoafnm aigsh9s9 d3f4x2em iv3no6db jq4qci2q a3bd9o3v b1v8xokw oo9gr5id\" dir=\"auto\"><a href=\"https:\/\/www.sainte-therese-les-cordeliers.fr\/blog-cdi-lp\/wp-content\/uploads\/sites\/3\/2022\/06\/Alissson.jpg\"><img decoding=\"async\" class=\"alignleft wp-image-3461 \" src=\"https:\/\/www.sainte-therese-les-cordeliers.fr\/blog-cdi-lp\/wp-content\/uploads\/sites\/3\/2022\/06\/Alissson-240x300.jpg\" alt=\"\" width=\"177\" height=\"222\" srcset=\"https:\/\/www.sainte-therese-les-cordeliers.fr\/blog-cdi-lp\/wp-content\/uploads\/sites\/3\/2022\/06\/Alissson-200x250.jpg 200w, https:\/\/www.sainte-therese-les-cordeliers.fr\/blog-cdi-lp\/wp-content\/uploads\/sites\/3\/2022\/06\/Alissson-240x300.jpg 240w, https:\/\/www.sainte-therese-les-cordeliers.fr\/blog-cdi-lp\/wp-content\/uploads\/sites\/3\/2022\/06\/Alissson-400x500.jpg 400w, https:\/\/www.sainte-therese-les-cordeliers.fr\/blog-cdi-lp\/wp-content\/uploads\/sites\/3\/2022\/06\/Alissson-600x751.jpg 600w, https:\/\/www.sainte-therese-les-cordeliers.fr\/blog-cdi-lp\/wp-content\/uploads\/sites\/3\/2022\/06\/Alissson-639x800.jpg 639w, https:\/\/www.sainte-therese-les-cordeliers.fr\/blog-cdi-lp\/wp-content\/uploads\/sites\/3\/2022\/06\/Alissson.jpg 753w\" sizes=\"(max-width: 177px) 100vw, 177px\" \/> <\/a>Alisson Portefaix est sur le podium du concours g\u00e9n\u00e9ral des m\u00e9tiers MCV option A (sur 128 inscrits). Elle est donc convi\u00e9e \u00e0 La Sorbonne le 7 juillet pour l&rsquo;annonce du classement final et la remise du prix. On attend les r\u00e9sultats avec impatience ! Tout cela r\u00e9compense son travail et son s\u00e9rieux. Toute l\u2019\u00e9quipe p\u00e9dagogique et \u00e9ducative est tr\u00e8s fi\u00e8re de ce beau parcours. <\/span>Toutes nos f\u00e9licitations !!!<\/p>\n<p><a href=\"https:\/\/www.sainte-therese-les-cordeliers.fr\/blog-cdi-lp\/wp-content\/uploads\/sites\/3\/2022\/05\/banniere-de-bravo-91022451.jpg\"><img decoding=\"async\" class=\"alignleft wp-image-3444 \" src=\"https:\/\/www.sainte-therese-les-cordeliers.fr\/blog-cdi-lp\/wp-content\/uploads\/sites\/3\/2022\/05\/banniere-de-bravo-91022451-300x139.jpg\" alt=\"\" width=\"181\" height=\"84\" srcset=\"https:\/\/www.sainte-therese-les-cordeliers.fr\/blog-cdi-lp\/wp-content\/uploads\/sites\/3\/2022\/05\/banniere-de-bravo-91022451-200x92.jpg 200w, https:\/\/www.sainte-therese-les-cordeliers.fr\/blog-cdi-lp\/wp-content\/uploads\/sites\/3\/2022\/05\/banniere-de-bravo-91022451-300x139.jpg 300w, https:\/\/www.sainte-therese-les-cordeliers.fr\/blog-cdi-lp\/wp-content\/uploads\/sites\/3\/2022\/05\/banniere-de-bravo-91022451.jpg 346w\" sizes=\"(max-width: 181px) 100vw, 181px\" \/><\/a><\/p>\n","protected":false},"excerpt":{"rendered":"<p>Alisson Portefaix est sur le podium du concours g\u00e9n\u00e9ral des m\u00e9tiers MCV option A (sur 128 inscrits). Elle est donc convi\u00e9e \u00e0 La Sorbonne le 7 juillet pour l&rsquo;annonce du classement final et la remise du prix. On attend les r\u00e9sultats avec impatience ! Tout cela r\u00e9compense son travail et son s\u00e9rieux. Toute l\u2019\u00e9quipe p\u00e9dagogique <a href=\"https:\/\/www.sainte-therese-les-cordeliers.fr\/blog-cdi-lp\/alisson-portefaix-sur-le-podium-du-concours-general-des-metiers\/\"> [&#8230;]<\/a><\/p>\n","protected":false},"author":3,"featured_media":0,"comment_status":"closed","ping_status":"closed","sticky":false,"template":"","format":"standard","meta":{"om_disable_all_campaigns":false,"footnotes":""},"categories":[37],"tags":[],"class_list":["post-3460","post","type-post","status-publish","format-standard","hentry","category-commerce"],"aioseo_notices":[],"_links":{"self":[{"href":"https:\/\/www.sainte-therese-les-cordeliers.fr\/blog-cdi-lp\/wp-json\/wp\/v2\/posts\/3460","targetHints":{"allow":["GET"]}}],"collection":[{"href":"https:\/\/www.sainte-therese-les-cordeliers.fr\/blog-cdi-lp\/wp-json\/wp\/v2\/posts"}],"about":[{"href":"https:\/\/www.sainte-therese-les-cordeliers.fr\/blog-cdi-lp\/wp-json\/wp\/v2\/types\/post"}],"author":[{"embeddable":true,"href":"https:\/\/www.sainte-therese-les-cordeliers.fr\/blog-cdi-lp\/wp-json\/wp\/v2\/users\/3"}],"replies":[{"embeddable":true,"href":"https:\/\/www.sainte-therese-les-cordeliers.fr\/blog-cdi-lp\/wp-json\/wp\/v2\/comments?post=3460"}],"version-history":[{"count":5,"href":"https:\/\/www.sainte-therese-les-cordeliers.fr\/blog-cdi-lp\/wp-json\/wp\/v2\/posts\/3460\/revisions"}],"predecessor-version":[{"id":3466,"href":"https:\/\/www.sainte-therese-les-cordeliers.fr\/blog-cdi-lp\/wp-json\/wp\/v2\/posts\/3460\/revisions\/3466"}],"wp:attachment":[{"href":"https:\/\/www.sainte-therese-les-cordeliers.fr\/blog-cdi-lp\/wp-json\/wp\/v2\/media?parent=3460"}],"wp:term":[{"taxonomy":"category","embeddable":true,"href":"https:\/\/www.sainte-therese-les-cordeliers.fr\/blog-cdi-lp\/wp-json\/wp\/v2\/categories?post=3460"},{"taxonomy":"post_tag","embeddable":true,"href":"https:\/\/www.sainte-therese-les-cordeliers.fr\/blog-cdi-lp\/wp-json\/wp\/v2\/tags?post=3460"}],"curies":[{"name":"wp","href":"https:\/\/api.w.org\/{rel}","templated":true}]}}