{"id":352,"date":"2014-09-20T16:56:01","date_gmt":"2014-09-20T15:56:01","guid":{"rendered":"https:\/\/www.sainte-therese-les-cordeliers.fr\/blog-cdi-lp\/?p=352"},"modified":"2014-09-20T16:56:01","modified_gmt":"2014-09-20T15:56:01","slug":"nous-avons-bien-aime-le-livre-de-guillaume-musso-7-ans-apres","status":"publish","type":"post","link":"https:\/\/www.sainte-therese-les-cordeliers.fr\/blog-cdi-lp\/nous-avons-bien-aime-le-livre-de-guillaume-musso-7-ans-apres\/","title":{"rendered":"Nous avons bien aim\u00e9 le livre de Guillaume Musso, \u00ab 7 ans apr\u00e8s \u00bb."},"content":{"rendered":"<p><a href=\"https:\/\/www.sainte-therese-les-cordeliers.fr\/blog-cdi-lp\/wp-content\/uploads\/sites\/3\/2014\/09\/Musso.jpg\"><img decoding=\"async\" class=\" wp-image-353 aligncenter\" src=\"https:\/\/www.sainte-therese-les-cordeliers.fr\/blog-cdi-lp\/wp-content\/uploads\/sites\/3\/2014\/09\/Musso.jpg\" alt=\"Musso\" width=\"124\" height=\"124\" \/><\/a><\/p>\n<p><strong>Biographie<\/strong> : N\u00e9 en 1974 \u00e0 Antibes, Guillaume Musso rencontre la litt\u00e9rature \u00e0 10 ans, passant une bonne partie de ses vacances dans les murs de la biblioth\u00e8que municipale dirig\u00e9e par sa m\u00e8re.<\/p>\n<p>&nbsp;<\/p>\n<p><strong>R\u00e9sum\u00e9 de \u00ab\u00a0<em>7 ans apr\u00e8s\u00a0\u00bb <\/em>de Guillaume Musso :<\/strong> \u00ab\u00a07 ans apr\u00e8s leur divorce, Nikki et S\u00e9bastien se retrouvent pour chercher J\u00e9r\u00e9my, leur fils de 15 ans qui a myst\u00e9rieusement disparu. Jusque-l\u00e0, chacun vivait de son c\u00f4t\u00e9 et \u00e9levait un de leurs jumeaux. Nikki \u00e9levait Jeremy d&rsquo;une fa\u00e7on tr\u00e8s laxiste en lui pardonnant tous ses \u00e9carts de conduite\u00a0; S\u00e9bastien, quant \u00e0 lui, \u00e9l\u00e8ve Camille avec beaucoup de rigueur. Mais, en plein d\u00e9sarroi, Nikki n&rsquo;a pas d&rsquo;autre choix que d&rsquo;informer son ex-mari de cette disparition. Fugue ? Kidnapping ? Contraints d\u2019unir leurs forces, Nikki et S\u00e9bastien s\u2019engagent alors dans une course-poursuite, retrouvant une intimit\u00e9 qu\u2019ils croyaient perdue \u00e0 jamais. De New York \u00e0 la for\u00eat amazonienne, en passant par Paris, la recherche de J\u00e9r\u00e9my va obliger ce couple que tout oppose \u00e0 faire abstraction de leurs reproches et se r\u00e9unir \u00e0 nouveau&#8230;\u00a0\u00bb<\/p>\n<p>&nbsp;<\/p>\n<p style=\"text-align: right\">Laura et Oc\u00e9ane (2<sup>\u00e8me<\/sup> ann\u00e9e CAP Vente)<\/p>\n","protected":false},"excerpt":{"rendered":"<p>Biographie : N\u00e9 en 1974 \u00e0 Antibes, Guillaume Musso rencontre la litt\u00e9rature \u00e0 10 ans, passant une bonne partie de ses vacances dans les murs de la biblioth\u00e8que municipale dirig\u00e9e par sa m\u00e8re. &nbsp; R\u00e9sum\u00e9 de \u00ab\u00a07 ans apr\u00e8s\u00a0\u00bb de Guillaume Musso : \u00ab\u00a07 ans apr\u00e8s leur divorce, Nikki et S\u00e9bastien se retrouvent pour chercher <a href=\"https:\/\/www.sainte-therese-les-cordeliers.fr\/blog-cdi-lp\/nous-avons-bien-aime-le-livre-de-guillaume-musso-7-ans-apres\/\"> [&#8230;]<\/a><\/p>\n","protected":false},"author":3,"featured_media":0,"comment_status":"closed","ping_status":"closed","sticky":false,"template":"","format":"standard","meta":{"om_disable_all_campaigns":false,"footnotes":""},"categories":[26],"tags":[41],"class_list":["post-352","post","type-post","status-publish","format-standard","hentry","category-lecture","tag-lecture"],"aioseo_notices":[],"_links":{"self":[{"href":"https:\/\/www.sainte-therese-les-cordeliers.fr\/blog-cdi-lp\/wp-json\/wp\/v2\/posts\/352","targetHints":{"allow":["GET"]}}],"collection":[{"href":"https:\/\/www.sainte-therese-les-cordeliers.fr\/blog-cdi-lp\/wp-json\/wp\/v2\/posts"}],"about":[{"href":"https:\/\/www.sainte-therese-les-cordeliers.fr\/blog-cdi-lp\/wp-json\/wp\/v2\/types\/post"}],"author":[{"embeddable":true,"href":"https:\/\/www.sainte-therese-les-cordeliers.fr\/blog-cdi-lp\/wp-json\/wp\/v2\/users\/3"}],"replies":[{"embeddable":true,"href":"https:\/\/www.sainte-therese-les-cordeliers.fr\/blog-cdi-lp\/wp-json\/wp\/v2\/comments?post=352"}],"version-history":[{"count":2,"href":"https:\/\/www.sainte-therese-les-cordeliers.fr\/blog-cdi-lp\/wp-json\/wp\/v2\/posts\/352\/revisions"}],"predecessor-version":[{"id":355,"href":"https:\/\/www.sainte-therese-les-cordeliers.fr\/blog-cdi-lp\/wp-json\/wp\/v2\/posts\/352\/revisions\/355"}],"wp:attachment":[{"href":"https:\/\/www.sainte-therese-les-cordeliers.fr\/blog-cdi-lp\/wp-json\/wp\/v2\/media?parent=352"}],"wp:term":[{"taxonomy":"category","embeddable":true,"href":"https:\/\/www.sainte-therese-les-cordeliers.fr\/blog-cdi-lp\/wp-json\/wp\/v2\/categories?post=352"},{"taxonomy":"post_tag","embeddable":true,"href":"https:\/\/www.sainte-therese-les-cordeliers.fr\/blog-cdi-lp\/wp-json\/wp\/v2\/tags?post=352"}],"curies":[{"name":"wp","href":"https:\/\/api.w.org\/{rel}","templated":true}]}}