{"id":356,"date":"2014-09-27T18:29:59","date_gmt":"2014-09-27T17:29:59","guid":{"rendered":"https:\/\/www.sainte-therese-les-cordeliers.fr\/blog-cdi-lp\/?p=356"},"modified":"2014-10-10T13:02:20","modified_gmt":"2014-10-10T12:02:20","slug":"cdi-2-nouveaux-espaces-lecture","status":"publish","type":"post","link":"https:\/\/www.sainte-therese-les-cordeliers.fr\/blog-cdi-lp\/cdi-2-nouveaux-espaces-lecture\/","title":{"rendered":"CDI : 2 nouveaux \u00ab\u00a0espaces lecture\u00a0\u00bb"},"content":{"rendered":"<p><a href=\"https:\/\/www.sainte-therese-les-cordeliers.fr\/blog-cdi-lp\/wp-content\/uploads\/sites\/3\/2014\/09\/DSC04662.jpg\"><img decoding=\"async\" class=\"wp-image-357 aligncenter\" src=\"https:\/\/www.sainte-therese-les-cordeliers.fr\/blog-cdi-lp\/wp-content\/uploads\/sites\/3\/2014\/09\/DSC04662-300x225.jpg\" alt=\"DSC04662\" width=\"247\" height=\"185\" srcset=\"https:\/\/www.sainte-therese-les-cordeliers.fr\/blog-cdi-lp\/wp-content\/uploads\/sites\/3\/2014\/09\/DSC04662-300x225.jpg 300w, https:\/\/www.sainte-therese-les-cordeliers.fr\/blog-cdi-lp\/wp-content\/uploads\/sites\/3\/2014\/09\/DSC04662-800x600.jpg 800w\" sizes=\"(max-width: 247px) 100vw, 247px\" \/><\/a><\/p>\n<p>C&rsquo;est suite \u00e0 un travail r\u00e9alis\u00e9 par les \u00e9l\u00e8ves de 1\u00e8re ann\u00e9e de CAP vente (sous la direction de Madame Chastanet) que deux \u00ab\u00a0espaces lecture\u00a0\u00bb ont vu le jour au CDI au mois de juin. Par groupes de deux, leur action a consist\u00e9 \u00e0 \u00e9laborer un projet d&rsquo;am\u00e9nagement dans lequel ils ont d\u00fb choisir le mobilier ainsi que l&#8217;emplacement le mieux adapt\u00e9 possible au lieu, tout cela sans d\u00e9passer un budget fix\u00e9 au pr\u00e9alable.<\/p>\n<p>Un grand merci \u00e0 tous pour leur implication ; le r\u00e9sultat est tr\u00e8s convaincant si on en juge la fr\u00e9quentation de ce d\u00e9but d&rsquo;ann\u00e9e. <img decoding=\"async\" src=\"https:\/\/www.sainte-therese-les-cordeliers.fr\/blog-cdi-lp\/wp-content\/plugins\/tinymce-advanced\/mce\/emoticons\/img\/icon_biggrin.gif\" alt=\":-D\" \/><\/p>\n<p><a href=\"https:\/\/www.sainte-therese-les-cordeliers.fr\/blog-cdi-lp\/wp-content\/uploads\/sites\/3\/2014\/09\/DSC04668.jpg\"><img decoding=\"async\" class=\"wp-image-358 aligncenter\" src=\"https:\/\/www.sainte-therese-les-cordeliers.fr\/blog-cdi-lp\/wp-content\/uploads\/sites\/3\/2014\/09\/DSC04668-225x300.jpg\" alt=\"DSC04668\" width=\"185\" height=\"247\" srcset=\"https:\/\/www.sainte-therese-les-cordeliers.fr\/blog-cdi-lp\/wp-content\/uploads\/sites\/3\/2014\/09\/DSC04668-225x300.jpg 225w, https:\/\/www.sainte-therese-les-cordeliers.fr\/blog-cdi-lp\/wp-content\/uploads\/sites\/3\/2014\/09\/DSC04668-600x800.jpg 600w\" sizes=\"(max-width: 185px) 100vw, 185px\" \/><\/a><\/p>\n","protected":false},"excerpt":{"rendered":"<p>C&rsquo;est suite \u00e0 un travail r\u00e9alis\u00e9 par les \u00e9l\u00e8ves de 1\u00e8re ann\u00e9e de CAP vente (sous la direction de Madame Chastanet) que deux \u00ab\u00a0espaces lecture\u00a0\u00bb ont vu le jour au CDI au mois de juin. Par groupes de deux, leur action a consist\u00e9 \u00e0 \u00e9laborer un projet d&rsquo;am\u00e9nagement dans lequel ils ont d\u00fb choisir le <a href=\"https:\/\/www.sainte-therese-les-cordeliers.fr\/blog-cdi-lp\/cdi-2-nouveaux-espaces-lecture\/\"> [&#8230;]<\/a><\/p>\n","protected":false},"author":3,"featured_media":0,"comment_status":"closed","ping_status":"closed","sticky":false,"template":"","format":"standard","meta":{"om_disable_all_campaigns":false,"footnotes":""},"categories":[27,26],"tags":[],"class_list":["post-356","post","type-post","status-publish","format-standard","hentry","category-cdi","category-lecture"],"aioseo_notices":[],"_links":{"self":[{"href":"https:\/\/www.sainte-therese-les-cordeliers.fr\/blog-cdi-lp\/wp-json\/wp\/v2\/posts\/356","targetHints":{"allow":["GET"]}}],"collection":[{"href":"https:\/\/www.sainte-therese-les-cordeliers.fr\/blog-cdi-lp\/wp-json\/wp\/v2\/posts"}],"about":[{"href":"https:\/\/www.sainte-therese-les-cordeliers.fr\/blog-cdi-lp\/wp-json\/wp\/v2\/types\/post"}],"author":[{"embeddable":true,"href":"https:\/\/www.sainte-therese-les-cordeliers.fr\/blog-cdi-lp\/wp-json\/wp\/v2\/users\/3"}],"replies":[{"embeddable":true,"href":"https:\/\/www.sainte-therese-les-cordeliers.fr\/blog-cdi-lp\/wp-json\/wp\/v2\/comments?post=356"}],"version-history":[{"count":5,"href":"https:\/\/www.sainte-therese-les-cordeliers.fr\/blog-cdi-lp\/wp-json\/wp\/v2\/posts\/356\/revisions"}],"predecessor-version":[{"id":376,"href":"https:\/\/www.sainte-therese-les-cordeliers.fr\/blog-cdi-lp\/wp-json\/wp\/v2\/posts\/356\/revisions\/376"}],"wp:attachment":[{"href":"https:\/\/www.sainte-therese-les-cordeliers.fr\/blog-cdi-lp\/wp-json\/wp\/v2\/media?parent=356"}],"wp:term":[{"taxonomy":"category","embeddable":true,"href":"https:\/\/www.sainte-therese-les-cordeliers.fr\/blog-cdi-lp\/wp-json\/wp\/v2\/categories?post=356"},{"taxonomy":"post_tag","embeddable":true,"href":"https:\/\/www.sainte-therese-les-cordeliers.fr\/blog-cdi-lp\/wp-json\/wp\/v2\/tags?post=356"}],"curies":[{"name":"wp","href":"https:\/\/api.w.org\/{rel}","templated":true}]}}