{"id":384,"date":"2014-11-16T12:09:08","date_gmt":"2014-11-16T11:09:08","guid":{"rendered":"https:\/\/www.sainte-therese-les-cordeliers.fr\/blog-cdi-lp\/?p=384"},"modified":"2014-11-16T12:09:08","modified_gmt":"2014-11-16T11:09:08","slug":"des-nouvelles-decosse","status":"publish","type":"post","link":"https:\/\/www.sainte-therese-les-cordeliers.fr\/blog-cdi-lp\/des-nouvelles-decosse\/","title":{"rendered":"Des nouvelles d&rsquo;Ecosse !"},"content":{"rendered":"<p>Nos 2 ambassadrices de Terminale Baccalaur\u00e9at ASSP (Accompagnement, Soins et Services \u00e0 la Personne) sont en poste \u00e0 Edimbourg depuis le 1er novembre. Ces 2 \u00e9l\u00e8ves effectuent, en effet, leur stage en Centres d&rsquo;Accueil pour Personnes \u00e2g\u00e9es jusqu&rsquo;au 29 novembre 2014. Elles nous transmettent leurs premi\u00e8res impressions et photos.<\/p>\n<p style=\"text-align: center\"><a href=\"https:\/\/www.sainte-therese-les-cordeliers.fr\/blog-cdi-lp\/wp-content\/uploads\/sites\/3\/2014\/11\/cornemuse1.png\"><img decoding=\"async\" class=\"wp-image-387 aligncenter\" src=\"https:\/\/www.sainte-therese-les-cordeliers.fr\/blog-cdi-lp\/wp-content\/uploads\/sites\/3\/2014\/11\/cornemuse1-204x300.png\" alt=\"cornemuse\" width=\"184\" height=\"271\" srcset=\"https:\/\/www.sainte-therese-les-cordeliers.fr\/blog-cdi-lp\/wp-content\/uploads\/sites\/3\/2014\/11\/cornemuse1-204x300.png 204w, https:\/\/www.sainte-therese-les-cordeliers.fr\/blog-cdi-lp\/wp-content\/uploads\/sites\/3\/2014\/11\/cornemuse1-544x800.png 544w, https:\/\/www.sainte-therese-les-cordeliers.fr\/blog-cdi-lp\/wp-content\/uploads\/sites\/3\/2014\/11\/cornemuse1.png 806w\" sizes=\"(max-width: 184px) 100vw, 184px\" \/><\/a><em>\u00a0\u00a0\u00a0\u00a0 \u00ab\u00a0Nous voici dans la rue, aux c\u00f4t\u00e9s d&rsquo;un joueur de cornemuse = a \u00ab\u00a0local Bagpiper\u00a0\u00bb.\u00a0\u00bb<\/em><\/p>\n<p style=\"text-align: center\"><a href=\"https:\/\/www.sainte-therese-les-cordeliers.fr\/blog-cdi-lp\/wp-content\/uploads\/sites\/3\/2014\/11\/image1.jpg\"><img decoding=\"async\" class=\"wp-image-388 aligncenter\" src=\"https:\/\/www.sainte-therese-les-cordeliers.fr\/blog-cdi-lp\/wp-content\/uploads\/sites\/3\/2014\/11\/image1-224x300.jpg\" alt=\"image\" width=\"183\" height=\"245\" srcset=\"https:\/\/www.sainte-therese-les-cordeliers.fr\/blog-cdi-lp\/wp-content\/uploads\/sites\/3\/2014\/11\/image1-224x300.jpg 224w, https:\/\/www.sainte-therese-les-cordeliers.fr\/blog-cdi-lp\/wp-content\/uploads\/sites\/3\/2014\/11\/image1.jpg 469w\" sizes=\"(max-width: 183px) 100vw, 183px\" \/><\/a><em>\u00ab\u00a0Edinburgh est une ville vraiment tr\u00e8s jolie : elle est riche en monuments, elle est agr\u00e9able \u00e0 d\u00e9couvrir. Attendre le bus avec une vue sur le Scott&rsquo;s Monument, c&rsquo;est superbe !\u00a0\u00bb<\/em><\/p>\n<p style=\"text-align: center\">\n<p>\u00ab\u00a0<em>Nos impressions : La fa\u00e7on de vivre est vraiment diff\u00e9rente de la n\u00f4tre en France. Ici, en Ecosse, il n&rsquo;y a pas forc\u00e9ment d&rsquo;heure pour faire les choses. La plupart des magasins sont ouverts le dimanche. Le supermarch\u00e9 ASDA est m\u00eame ouvert 7 jours sur 7, 24 heures sur 24 ! Le respect de la propret\u00e9 des rues nous a vraiment impressionn\u00e9.<\/em><\/p>\n<p><em>Durant notre stage nous avons remarqu\u00e9 que l&rsquo;approche avec les personnes \u00e2g\u00e9es \u00e9tait diff\u00e9rente : le personnel est plus attentionn\u00e9 et l&rsquo;ambiance plus conviviale. Pour finir, la population \u00e9cossaise est vraiment tr\u00e8s aimable, ouverte d&rsquo;esprit, \u00e0 l&rsquo;\u00e9coute. Cela peut nous servir de le\u00e7on, \u00e0 nous Fran\u00e7ais !<\/em><\/p>\n<p><em>Nous remercions encore le lyc\u00e9e de nous avoir donn\u00e9 la chance d&rsquo;effectuer notre stage en \u00e9cosse.\u00a0\u00bb<\/em><\/p>\n<p>Elodie et Manon<\/p>\n","protected":false},"excerpt":{"rendered":"<p>Nos 2 ambassadrices de Terminale Baccalaur\u00e9at ASSP (Accompagnement, Soins et Services \u00e0 la Personne) sont en poste \u00e0 Edimbourg depuis le 1er novembre. Ces 2 \u00e9l\u00e8ves effectuent, en effet, leur stage en Centres d&rsquo;Accueil pour Personnes \u00e2g\u00e9es jusqu&rsquo;au 29 novembre 2014. Elles nous transmettent leurs premi\u00e8res impressions et photos. \u00a0\u00a0\u00a0\u00a0 \u00ab\u00a0Nous voici dans la rue, <a href=\"https:\/\/www.sainte-therese-les-cordeliers.fr\/blog-cdi-lp\/des-nouvelles-decosse\/\"> [&#8230;]<\/a><\/p>\n","protected":false},"author":3,"featured_media":0,"comment_status":"closed","ping_status":"closed","sticky":false,"template":"","format":"standard","meta":{"om_disable_all_campaigns":false,"footnotes":""},"categories":[23,5],"tags":[29,22],"class_list":["post-384","post","type-post","status-publish","format-standard","hentry","category-section-euro","category-voyages","tag-bac-assp","tag-ecosse"],"aioseo_notices":[],"_links":{"self":[{"href":"https:\/\/www.sainte-therese-les-cordeliers.fr\/blog-cdi-lp\/wp-json\/wp\/v2\/posts\/384","targetHints":{"allow":["GET"]}}],"collection":[{"href":"https:\/\/www.sainte-therese-les-cordeliers.fr\/blog-cdi-lp\/wp-json\/wp\/v2\/posts"}],"about":[{"href":"https:\/\/www.sainte-therese-les-cordeliers.fr\/blog-cdi-lp\/wp-json\/wp\/v2\/types\/post"}],"author":[{"embeddable":true,"href":"https:\/\/www.sainte-therese-les-cordeliers.fr\/blog-cdi-lp\/wp-json\/wp\/v2\/users\/3"}],"replies":[{"embeddable":true,"href":"https:\/\/www.sainte-therese-les-cordeliers.fr\/blog-cdi-lp\/wp-json\/wp\/v2\/comments?post=384"}],"version-history":[{"count":3,"href":"https:\/\/www.sainte-therese-les-cordeliers.fr\/blog-cdi-lp\/wp-json\/wp\/v2\/posts\/384\/revisions"}],"predecessor-version":[{"id":391,"href":"https:\/\/www.sainte-therese-les-cordeliers.fr\/blog-cdi-lp\/wp-json\/wp\/v2\/posts\/384\/revisions\/391"}],"wp:attachment":[{"href":"https:\/\/www.sainte-therese-les-cordeliers.fr\/blog-cdi-lp\/wp-json\/wp\/v2\/media?parent=384"}],"wp:term":[{"taxonomy":"category","embeddable":true,"href":"https:\/\/www.sainte-therese-les-cordeliers.fr\/blog-cdi-lp\/wp-json\/wp\/v2\/categories?post=384"},{"taxonomy":"post_tag","embeddable":true,"href":"https:\/\/www.sainte-therese-les-cordeliers.fr\/blog-cdi-lp\/wp-json\/wp\/v2\/tags?post=384"}],"curies":[{"name":"wp","href":"https:\/\/api.w.org\/{rel}","templated":true}]}}