{"id":395,"date":"2014-12-06T14:37:33","date_gmt":"2014-12-06T13:37:33","guid":{"rendered":"https:\/\/www.sainte-therese-les-cordeliers.fr\/blog-cdi-lp\/?p=395"},"modified":"2014-12-06T14:37:33","modified_gmt":"2014-12-06T13:37:33","slug":"cap-atmfc-rencontre-avec-nos-ancetres-les-gaulois","status":"publish","type":"post","link":"https:\/\/www.sainte-therese-les-cordeliers.fr\/blog-cdi-lp\/cap-atmfc-rencontre-avec-nos-ancetres-les-gaulois\/","title":{"rendered":"CAP ATMFC : rencontre avec nos anc\u00eatres les Gaulois !"},"content":{"rendered":"<p style=\"text-align: center\"><a href=\"https:\/\/www.sainte-therese-les-cordeliers.fr\/blog-cdi-lp\/wp-content\/uploads\/sites\/3\/2014\/12\/gaulois.jpg\"><img decoding=\"async\" class=\"alignnone  wp-image-396\" src=\"https:\/\/www.sainte-therese-les-cordeliers.fr\/blog-cdi-lp\/wp-content\/uploads\/sites\/3\/2014\/12\/gaulois-300x142.jpg\" alt=\"gaulois\" width=\"359\" height=\"170\" srcset=\"https:\/\/www.sainte-therese-les-cordeliers.fr\/blog-cdi-lp\/wp-content\/uploads\/sites\/3\/2014\/12\/gaulois-300x142.jpg 300w, https:\/\/www.sainte-therese-les-cordeliers.fr\/blog-cdi-lp\/wp-content\/uploads\/sites\/3\/2014\/12\/gaulois-800x380.jpg 800w, https:\/\/www.sainte-therese-les-cordeliers.fr\/blog-cdi-lp\/wp-content\/uploads\/sites\/3\/2014\/12\/gaulois.jpg 919w\" sizes=\"(max-width: 359px) 100vw, 359px\" \/><\/a><\/p>\n<p>C\u2019est fin novembre que les deux classes de CAP ATMFC se sont rendues au mus\u00e9e d\u2019art Roger Quillot afin de d\u00e9couvrir la tr\u00e8s belle exposition intitul\u00e9e \u00ab\u00a0Tumulte gaulois\u00a0\u00bb (cette expression repr\u00e9sente un \u00ab\u00a0\u00e9tat d\u2019alerte guerri\u00e8re\u00a0\u00bb\u00a0; lorsque les Gaulois partaient en guerre, ils faisaient du bruit en criant, en tapant sur leurs armes et en soufflant dans un \u00ab\u00a0carnyx\u00a0\u00bb, trompette dont l\u2019extr\u00e9mit\u00e9 a souvent une forme de t\u00eate d\u2019animal).<\/p>\n<p><a href=\"https:\/\/www.sainte-therese-les-cordeliers.fr\/blog-cdi-lp\/wp-content\/uploads\/sites\/3\/2014\/12\/Capture.jpg\"><img decoding=\"async\" class=\" wp-image-397 aligncenter\" src=\"https:\/\/www.sainte-therese-les-cordeliers.fr\/blog-cdi-lp\/wp-content\/uploads\/sites\/3\/2014\/12\/Capture-251x300.jpg\" alt=\"Capture\" width=\"222\" height=\"266\" \/><\/a><\/p>\n<p>On a pu constater comment cette civilisation ancienne a \u00e9t\u00e9 repr\u00e9sent\u00e9e au fil du temps (tableaux, sculptures, \u00e9crits\u2026) et surtout d\u00e9couvrir qui ils \u00e9taient r\u00e9ellement (gr\u00e2ce aux progr\u00e8s de la science et aux d\u00e9couvertes arch\u00e9ologiques r\u00e9centes).<\/p>\n<p style=\"text-align: center\">&#8211; Les gaulois \u00e9taient de vrais barbares\u00a0!\u00a0= FAUX<\/p>\n<p style=\"text-align: center\">&#8211; Vercing\u00e9torix \u00e9tait le roi de la tribu des Arvernes = VRAI<\/p>\n<p style=\"text-align: center\">&#8211; Le cerf est l\u2019embl\u00e8me des Gaulois = VRAI<\/p>\n<p style=\"text-align: center\">&#8211; Le nom Vercing\u00e9torix signifie roi des guerriers = VRAI<\/p>\n<p style=\"text-align: center\">&#8211; Les Gaulois ont invent\u00e9 la cotte de mailles = VRAI<\/p>\n<p style=\"text-align: center\">&#8211; Les Gaulois n\u2019avaient qu\u2019un seul dieu = FAUX (ils en avaient des centaines)<\/p>\n<p style=\"text-align: center\">&#8211; Les Gaulois mangeaient beaucoup de sangliers = FAUX<\/p>\n<p style=\"text-align: center\">\n<p>Cette visite au MARQ (mus\u00e9e d\u2019art Roger Quillot) nous a \u00e9galement permis de visiter les quatre \u00e9tages d\u2019expositions permanentes. Nous nous sommes inspir\u00e9es de certaines \u0153uvres afin de r\u00e9aliser nos propres dessins.<\/p>\n<p style=\"text-align: center\"><a href=\"https:\/\/www.sainte-therese-les-cordeliers.fr\/blog-cdi-lp\/wp-content\/uploads\/sites\/3\/2014\/12\/Capture2.jpg\"><img decoding=\"async\" class=\"alignnone size-medium wp-image-398\" src=\"https:\/\/www.sainte-therese-les-cordeliers.fr\/blog-cdi-lp\/wp-content\/uploads\/sites\/3\/2014\/12\/Capture2-296x300.jpg\" alt=\"Capture2\" width=\"296\" height=\"300\" srcset=\"https:\/\/www.sainte-therese-les-cordeliers.fr\/blog-cdi-lp\/wp-content\/uploads\/sites\/3\/2014\/12\/Capture2-296x300.jpg 296w, https:\/\/www.sainte-therese-les-cordeliers.fr\/blog-cdi-lp\/wp-content\/uploads\/sites\/3\/2014\/12\/Capture2.jpg 554w\" sizes=\"(max-width: 296px) 100vw, 296px\" \/><\/a><\/p>\n","protected":false},"excerpt":{"rendered":"<p>C\u2019est fin novembre que les deux classes de CAP ATMFC se sont rendues au mus\u00e9e d\u2019art Roger Quillot afin de d\u00e9couvrir la tr\u00e8s belle exposition intitul\u00e9e \u00ab\u00a0Tumulte gaulois\u00a0\u00bb (cette expression repr\u00e9sente un \u00ab\u00a0\u00e9tat d\u2019alerte guerri\u00e8re\u00a0\u00bb\u00a0; lorsque les Gaulois partaient en guerre, ils faisaient du bruit en criant, en tapant sur leurs armes et en soufflant <a href=\"https:\/\/www.sainte-therese-les-cordeliers.fr\/blog-cdi-lp\/cap-atmfc-rencontre-avec-nos-ancetres-les-gaulois\/\"> [&#8230;]<\/a><\/p>\n","protected":false},"author":3,"featured_media":0,"comment_status":"closed","ping_status":"closed","sticky":false,"template":"","format":"standard","meta":{"om_disable_all_campaigns":false,"footnotes":""},"categories":[32],"tags":[7],"class_list":["post-395","post","type-post","status-publish","format-standard","hentry","category-art","tag-cap-atmfc"],"aioseo_notices":[],"_links":{"self":[{"href":"https:\/\/www.sainte-therese-les-cordeliers.fr\/blog-cdi-lp\/wp-json\/wp\/v2\/posts\/395","targetHints":{"allow":["GET"]}}],"collection":[{"href":"https:\/\/www.sainte-therese-les-cordeliers.fr\/blog-cdi-lp\/wp-json\/wp\/v2\/posts"}],"about":[{"href":"https:\/\/www.sainte-therese-les-cordeliers.fr\/blog-cdi-lp\/wp-json\/wp\/v2\/types\/post"}],"author":[{"embeddable":true,"href":"https:\/\/www.sainte-therese-les-cordeliers.fr\/blog-cdi-lp\/wp-json\/wp\/v2\/users\/3"}],"replies":[{"embeddable":true,"href":"https:\/\/www.sainte-therese-les-cordeliers.fr\/blog-cdi-lp\/wp-json\/wp\/v2\/comments?post=395"}],"version-history":[{"count":1,"href":"https:\/\/www.sainte-therese-les-cordeliers.fr\/blog-cdi-lp\/wp-json\/wp\/v2\/posts\/395\/revisions"}],"predecessor-version":[{"id":399,"href":"https:\/\/www.sainte-therese-les-cordeliers.fr\/blog-cdi-lp\/wp-json\/wp\/v2\/posts\/395\/revisions\/399"}],"wp:attachment":[{"href":"https:\/\/www.sainte-therese-les-cordeliers.fr\/blog-cdi-lp\/wp-json\/wp\/v2\/media?parent=395"}],"wp:term":[{"taxonomy":"category","embeddable":true,"href":"https:\/\/www.sainte-therese-les-cordeliers.fr\/blog-cdi-lp\/wp-json\/wp\/v2\/categories?post=395"},{"taxonomy":"post_tag","embeddable":true,"href":"https:\/\/www.sainte-therese-les-cordeliers.fr\/blog-cdi-lp\/wp-json\/wp\/v2\/tags?post=395"}],"curies":[{"name":"wp","href":"https:\/\/api.w.org\/{rel}","templated":true}]}}