{"id":4097,"date":"2024-02-26T13:45:09","date_gmt":"2024-02-26T12:45:09","guid":{"rendered":"https:\/\/www.sainte-therese-les-cordeliers.fr\/blog-cdi-lp\/?p=4097"},"modified":"2024-03-04T13:46:49","modified_gmt":"2024-03-04T12:46:49","slug":"course-caritative-suite","status":"publish","type":"post","link":"https:\/\/www.sainte-therese-les-cordeliers.fr\/blog-cdi-lp\/course-caritative-suite\/","title":{"rendered":"Course caritative (suite)"},"content":{"rendered":"<p>Suite de l&rsquo;article du 15 janvier &#8211; La course \u00e0 pied organis\u00e9 par Hugo a eu lieu hier \u00e0 Seychalles. Le lien suivant vous permettra de voir l&rsquo;interview d&rsquo;Hugo en direct de la course : <a href=\"https:\/\/www.facebook.com\/reel\/1168646547451332\">https:\/\/www.facebook.com\/reel\/1168646547451332<\/a><\/p>\n<p><span class=\"x193iq5w xeuugli x13faqbe x1vvkbs x1xmvt09 x1lliihq x1s928wv xhkezso x1gmr53x x1cpjm7i x1fgarty x1943h6x xudqn12 x3x7a5m x6prxxf xvq8zen xo1l8bm xzsf02u\" dir=\"auto\" lang=\"fr\">F\u00e9licitations \u00e0 Paul Artaud, informaticien du lyc\u00e9e class\u00e9 22\u00e8me sur 214 participants, ainsi qu\u2019\u00e0 Melvin, Lilou, lyc\u00e9ens pour leur participation et Thomas Magrin, gestionnaire pour son soutien ! Ci-dessous, un article paru dans La Montagne le 23 f\u00e9vrier, deux jours avant l&rsquo;\u00e9v\u00e8nement.<a href=\"https:\/\/www.sainte-therese-les-cordeliers.fr\/blog-cdi-lp\/wp-content\/uploads\/sites\/3\/2024\/03\/23-02-2024-Courcourt-Article-la-montagne.jpg\"><img decoding=\"async\" class=\"size-medium wp-image-4098 aligncenter\" src=\"https:\/\/www.sainte-therese-les-cordeliers.fr\/blog-cdi-lp\/wp-content\/uploads\/sites\/3\/2024\/03\/23-02-2024-Courcourt-Article-la-montagne-161x300.jpg\" alt=\"\" width=\"161\" height=\"300\" srcset=\"https:\/\/www.sainte-therese-les-cordeliers.fr\/blog-cdi-lp\/wp-content\/uploads\/sites\/3\/2024\/03\/23-02-2024-Courcourt-Article-la-montagne-161x300.jpg 161w, https:\/\/www.sainte-therese-les-cordeliers.fr\/blog-cdi-lp\/wp-content\/uploads\/sites\/3\/2024\/03\/23-02-2024-Courcourt-Article-la-montagne-200x372.jpg 200w, https:\/\/www.sainte-therese-les-cordeliers.fr\/blog-cdi-lp\/wp-content\/uploads\/sites\/3\/2024\/03\/23-02-2024-Courcourt-Article-la-montagne-400x743.jpg 400w, https:\/\/www.sainte-therese-les-cordeliers.fr\/blog-cdi-lp\/wp-content\/uploads\/sites\/3\/2024\/03\/23-02-2024-Courcourt-Article-la-montagne-431x800.jpg 431w, https:\/\/www.sainte-therese-les-cordeliers.fr\/blog-cdi-lp\/wp-content\/uploads\/sites\/3\/2024\/03\/23-02-2024-Courcourt-Article-la-montagne.jpg 494w\" sizes=\"(max-width: 161px) 100vw, 161px\" \/><\/a><\/span><\/p>\n","protected":false},"excerpt":{"rendered":"<p>Suite de l&rsquo;article du 15 janvier &#8211; La course \u00e0 pied organis\u00e9 par Hugo a eu lieu hier \u00e0 Seychalles. Le lien suivant vous permettra de voir l&rsquo;interview d&rsquo;Hugo en direct de la course : https:\/\/www.facebook.com\/reel\/1168646547451332 F\u00e9licitations \u00e0 Paul Artaud, informaticien du lyc\u00e9e class\u00e9 22\u00e8me sur 214 participants, ainsi qu\u2019\u00e0 Melvin, Lilou, lyc\u00e9ens pour leur <a href=\"https:\/\/www.sainte-therese-les-cordeliers.fr\/blog-cdi-lp\/course-caritative-suite\/\"> [&#8230;]<\/a><\/p>\n","protected":false},"author":3,"featured_media":0,"comment_status":"closed","ping_status":"closed","sticky":false,"template":"","format":"standard","meta":{"om_disable_all_campaigns":false,"footnotes":""},"categories":[54,4],"tags":[],"class_list":["post-4097","post","type-post","status-publish","format-standard","hentry","category-solidarite","category-sport-2"],"aioseo_notices":[],"_links":{"self":[{"href":"https:\/\/www.sainte-therese-les-cordeliers.fr\/blog-cdi-lp\/wp-json\/wp\/v2\/posts\/4097","targetHints":{"allow":["GET"]}}],"collection":[{"href":"https:\/\/www.sainte-therese-les-cordeliers.fr\/blog-cdi-lp\/wp-json\/wp\/v2\/posts"}],"about":[{"href":"https:\/\/www.sainte-therese-les-cordeliers.fr\/blog-cdi-lp\/wp-json\/wp\/v2\/types\/post"}],"author":[{"embeddable":true,"href":"https:\/\/www.sainte-therese-les-cordeliers.fr\/blog-cdi-lp\/wp-json\/wp\/v2\/users\/3"}],"replies":[{"embeddable":true,"href":"https:\/\/www.sainte-therese-les-cordeliers.fr\/blog-cdi-lp\/wp-json\/wp\/v2\/comments?post=4097"}],"version-history":[{"count":2,"href":"https:\/\/www.sainte-therese-les-cordeliers.fr\/blog-cdi-lp\/wp-json\/wp\/v2\/posts\/4097\/revisions"}],"predecessor-version":[{"id":4100,"href":"https:\/\/www.sainte-therese-les-cordeliers.fr\/blog-cdi-lp\/wp-json\/wp\/v2\/posts\/4097\/revisions\/4100"}],"wp:attachment":[{"href":"https:\/\/www.sainte-therese-les-cordeliers.fr\/blog-cdi-lp\/wp-json\/wp\/v2\/media?parent=4097"}],"wp:term":[{"taxonomy":"category","embeddable":true,"href":"https:\/\/www.sainte-therese-les-cordeliers.fr\/blog-cdi-lp\/wp-json\/wp\/v2\/categories?post=4097"},{"taxonomy":"post_tag","embeddable":true,"href":"https:\/\/www.sainte-therese-les-cordeliers.fr\/blog-cdi-lp\/wp-json\/wp\/v2\/tags?post=4097"}],"curies":[{"name":"wp","href":"https:\/\/api.w.org\/{rel}","templated":true}]}}